{"id":43771,"date":"2022-03-30T23:19:23","date_gmt":"2022-03-30T21:19:23","guid":{"rendered":"https:\/\/envol-vert.org\/?post_type=fil_d_actu&#038;p=43771"},"modified":"2022-04-11T23:20:43","modified_gmt":"2022-04-11T21:20:43","slug":"tingo-maria-visita-estrategica-del-equipo-de-envol-vert-al-programa-cafe-cacao-agroforestales-en-la-amazonia-peruana-2","status":"publish","type":"fil_d_actu","link":"https:\/\/envol-vert.org\/es\/act\/tingo-maria-visita-estrategica-del-equipo-de-envol-vert-al-programa-cafe-cacao-agroforestales-en-la-amazonia-peruana-2\/","title":{"rendered":"Participaci\u00f3n de Envol Vert en el d\u00eda internacional de los bosques en Aucayacu, Hu\u00e1nuco"},"content":{"rendered":"<p><div class=\"fusion-fullwidth fullwidth-box fusion-builder-row-1 fusion-flex-container nonhundred-percent-fullwidth non-hundred-percent-height-scrolling\" style=\"--awb-border-radius-top-left:0px;--awb-border-radius-top-right:0px;--awb-border-radius-bottom-right:0px;--awb-border-radius-bottom-left:0px;--awb-flex-wrap:wrap;\" ><div class=\"fusion-builder-row fusion-row fusion-flex-align-items-flex-start fusion-flex-content-wrap\" style=\"max-width:1040px;margin-left: calc(-4% \/ 2 );margin-right: calc(-4% \/ 2 );\"><div class=\"fusion-layout-column fusion_builder_column fusion-builder-column-0 fusion_builder_column_1_1 1_1 fusion-flex-column\" style=\"--awb-bg-size:cover;--awb-width-large:100%;--awb-margin-top-large:0px;--awb-spacing-right-large:1.92%;--awb-margin-bottom-large:20px;--awb-spacing-left-large:1.92%;--awb-width-medium:100%;--awb-order-medium:0;--awb-spacing-right-medium:1.92%;--awb-spacing-left-medium:1.92%;--awb-width-small:100%;--awb-order-small:0;--awb-spacing-right-small:1.92%;--awb-spacing-left-small:1.92%;\"><div class=\"fusion-column-wrapper fusion-column-has-shadow fusion-flex-justify-content-flex-start fusion-content-layout-column\"><div class=\"fusion-text fusion-text-1\" style=\"--awb-text-transform:none;\"><p>Los bosques son como los \u00f3rganos vitales del planeta; son tan importantes como el coraz\u00f3n, el cerebro y la sangre para el ser humano. Como sabemos, el bosque brinda bienes (alimentos, medicina, madera, animales, fibra, semillas, agua) y servicios (regulaci\u00f3n del clima, combustible, regulaci\u00f3n h\u00eddrica, control de la erosi\u00f3n, captura de carbono, albergue de biodiversidad gen\u00e9tica de flora y fauna, hogar de diferentes culturas). El 30% de la Tierra est\u00e1 cubierta por bosques, por lo que debemos conservarlos y protegerlos. Para crear conciencia sobre todo esto y dar un reconocimiento a los bosques, se cre\u00f3 \u201cEL DIA INTERNACIONAL DEL BOSQUE\u201d que se celebra todos los 21 de marzo de cada a\u00f1o.<\/p>\n<\/div><\/div><\/div><\/div><\/div><div class=\"fusion-fullwidth fullwidth-box fusion-builder-row-2 fusion-flex-container nonhundred-percent-fullwidth non-hundred-percent-height-scrolling\" style=\"--awb-border-radius-top-left:0px;--awb-border-radius-top-right:0px;--awb-border-radius-bottom-right:0px;--awb-border-radius-bottom-left:0px;--awb-flex-wrap:wrap;\" ><div class=\"fusion-builder-row fusion-row fusion-flex-align-items-flex-start fusion-flex-content-wrap\" style=\"max-width:1040px;margin-left: calc(-4% \/ 2 );margin-right: calc(-4% \/ 2 );\"><div class=\"fusion-layout-column fusion_builder_column fusion-builder-column-1 fusion_builder_column_1_2 1_2 fusion-flex-column\" style=\"--awb-bg-size:cover;--awb-width-large:50%;--awb-margin-top-large:0px;--awb-spacing-right-large:3.84%;--awb-margin-bottom-large:20px;--awb-spacing-left-large:3.84%;--awb-width-medium:100%;--awb-order-medium:0;--awb-spacing-right-medium:1.92%;--awb-spacing-left-medium:1.92%;--awb-width-small:100%;--awb-order-small:0;--awb-spacing-right-small:1.92%;--awb-spacing-left-small:1.92%;\"><div class=\"fusion-column-wrapper fusion-column-has-shadow fusion-flex-justify-content-flex-start fusion-content-layout-column\"><div class=\"fusion-text fusion-text-2\" style=\"--awb-text-transform:none;\"><p>Para celebrar este d\u00eda, la Gerencia de Medio Ambiente y el programa EDUCCA de la Municipalidad Distrital de Jos\u00e9 Crespo y Castillo en Aucayacu (Provincia de Leoncio Prado, departamento de Hu\u00e1nuco) realizaron un taller informativo con los alumnos de secundaria del colegio Hans V\u00edctor Langermak. El equipo de Tingo Mar\u00eda, compuesto por la coordinadora zonal de Tingo Mar\u00eda, Brighitt De la o, y la voluntaria francesa Zoe Rouault, sensibiliz\u00f3 a m\u00e1s de 200 ni\u00f1os sobre los bosques, su importancia, su biodiversidad y su conservaci\u00f3n. Durante ese d\u00eda tambi\u00e9n se cont\u00f3 con la participaci\u00f3n de la Polic\u00eda Nacional del Per\u00fa, quienes dieron informaci\u00f3n sobre la tala ilegal de los bosques, los procesos legales que sigue este delito y las sanciones referentes al tema. De igual forma, la ing. Ambiental Mishele Portal, responsable del programa EDUCCA, desarroll\u00f3 el tema de educaci\u00f3n ambiental, proceso de compostaje y conciencia ambiental.<\/p>\n<\/div><\/div><\/div><div class=\"fusion-layout-column fusion_builder_column fusion-builder-column-2 fusion_builder_column_1_2 1_2 fusion-flex-column\" style=\"--awb-bg-size:cover;--awb-width-large:50%;--awb-margin-top-large:0px;--awb-spacing-right-large:3.84%;--awb-margin-bottom-large:20px;--awb-spacing-left-large:3.84%;--awb-width-medium:100%;--awb-order-medium:0;--awb-spacing-right-medium:1.92%;--awb-spacing-left-medium:1.92%;--awb-width-small:100%;--awb-order-small:0;--awb-spacing-right-small:1.92%;--awb-spacing-left-small:1.92%;\"><div class=\"fusion-column-wrapper fusion-column-has-shadow fusion-flex-justify-content-flex-start fusion-content-layout-column\"><div class=\"fusion-image-element \" style=\"--awb-caption-title-font-family:var(--h2_typography-font-family);--awb-caption-title-font-weight:var(--h2_typography-font-weight);--awb-caption-title-font-style:var(--h2_typography-font-style);--awb-caption-title-size:var(--h2_typography-font-size);--awb-caption-title-transform:var(--h2_typography-text-transform);--awb-caption-title-line-height:var(--h2_typography-line-height);--awb-caption-title-letter-spacing:var(--h2_typography-letter-spacing);\"><span class=\" fusion-imageframe imageframe-none imageframe-1 hover-type-none\"><img decoding=\"async\" width=\"300\" height=\"400\" alt=\"Sensibilizacion de alumnos\" title=\"(AGROCACA)coordinadora tingo maria de Envol Vert(ponente por el Dia Internacional de los Bosques)- mayor2022-zoe Rouault\" src=\"https:\/\/envol-vert.org\/wp-content\/uploads\/2022\/04\/AGROCACAcoordinadora-tingo-maria-de-Envol-Vertponente-por-el-Dia-Internacional-de-los-Bosques-mayor2022-zoe-Rouault-300x400.jpeg\" class=\"img-responsive wp-image-43772\" srcset=\"https:\/\/envol-vert.org\/wp-content\/uploads\/2022\/04\/AGROCACAcoordinadora-tingo-maria-de-Envol-Vertponente-por-el-Dia-Internacional-de-los-Bosques-mayor2022-zoe-Rouault-200x266.jpeg 200w, https:\/\/envol-vert.org\/wp-content\/uploads\/2022\/04\/AGROCACAcoordinadora-tingo-maria-de-Envol-Vertponente-por-el-Dia-Internacional-de-los-Bosques-mayor2022-zoe-Rouault-400x533.jpeg 400w, https:\/\/envol-vert.org\/wp-content\/uploads\/2022\/04\/AGROCACAcoordinadora-tingo-maria-de-Envol-Vertponente-por-el-Dia-Internacional-de-los-Bosques-mayor2022-zoe-Rouault-600x799.jpeg 600w, https:\/\/envol-vert.org\/wp-content\/uploads\/2022\/04\/AGROCACAcoordinadora-tingo-maria-de-Envol-Vertponente-por-el-Dia-Internacional-de-los-Bosques-mayor2022-zoe-Rouault-800x1065.jpeg 800w, https:\/\/envol-vert.org\/wp-content\/uploads\/2022\/04\/AGROCACAcoordinadora-tingo-maria-de-Envol-Vertponente-por-el-Dia-Internacional-de-los-Bosques-mayor2022-zoe-Rouault.jpeg 868w\" sizes=\"(max-width: 1024px) 100vw, (max-width: 640px) 100vw, 600px\" \/><\/span><\/div><\/div><\/div><\/div><\/div><div class=\"fusion-fullwidth fullwidth-box fusion-builder-row-3 fusion-flex-container nonhundred-percent-fullwidth non-hundred-percent-height-scrolling\" style=\"--awb-border-radius-top-left:0px;--awb-border-radius-top-right:0px;--awb-border-radius-bottom-right:0px;--awb-border-radius-bottom-left:0px;--awb-flex-wrap:wrap;\" ><div class=\"fusion-builder-row fusion-row fusion-flex-align-items-flex-start fusion-flex-content-wrap\" style=\"max-width:1040px;margin-left: calc(-4% \/ 2 );margin-right: calc(-4% \/ 2 );\"><div class=\"fusion-layout-column fusion_builder_column fusion-builder-column-3 fusion_builder_column_1_1 1_1 fusion-flex-column\" style=\"--awb-bg-size:cover;--awb-width-large:100%;--awb-margin-top-large:0px;--awb-spacing-right-large:1.92%;--awb-margin-bottom-large:20px;--awb-spacing-left-large:1.92%;--awb-width-medium:100%;--awb-order-medium:0;--awb-spacing-right-medium:1.92%;--awb-spacing-left-medium:1.92%;--awb-width-small:100%;--awb-order-small:0;--awb-spacing-right-small:1.92%;--awb-spacing-left-small:1.92%;\"><div class=\"fusion-column-wrapper fusion-column-has-shadow fusion-flex-justify-content-flex-start fusion-content-layout-column\"><div class=\"fusion-text fusion-text-3\" style=\"--awb-text-transform:none;\"><p>Luego del taller, el equipo de Envol Vert junto con la responsable del programa EDUCCA Mishele Portal realizaron una visita al centro de producci\u00f3n de compostaje, donde se explic\u00f3 el proceso para obtener el compost y a quienes va dirigido. As\u00ed mismo, se est\u00e1 manejando un vivero donde se promueve la propagaci\u00f3n de especies forestales en peligro de extinci\u00f3n de la mano con el trabajo en educaci\u00f3n ambiental.<\/p>\n<p>As\u00ed se acab\u00f3 la celebraci\u00f3n por el D\u00eda Internacional del Bosque, que nos hizo reflexionar sobre las acciones que tomamos como seres humanos y como estas afectan directamente a los bosques. Una linda oportunidad para sensibilizar a las nuevas generaciones sobre las acciones de conservaci\u00f3n del bosque.<\/p>\n<\/div><\/div><\/div><\/div><\/div><\/p>\n","protected":false},"excerpt":{"rendered":"","protected":false},"featured_media":43775,"template":"","fils_d_actu_categ":[1428],"class_list":["post-43771","fil_d_actu","type-fil_d_actu","status-publish","has-post-thumbnail","hentry","fils_d_actu_categ-programa-cafe-cacao-agroforestales"],"_links":{"self":[{"href":"https:\/\/envol-vert.org\/es\/wp-json\/wp\/v2\/fil_d_actu\/43771","targetHints":{"allow":["GET"]}}],"collection":[{"href":"https:\/\/envol-vert.org\/es\/wp-json\/wp\/v2\/fil_d_actu"}],"about":[{"href":"https:\/\/envol-vert.org\/es\/wp-json\/wp\/v2\/types\/fil_d_actu"}],"version-history":[{"count":0,"href":"https:\/\/envol-vert.org\/es\/wp-json\/wp\/v2\/fil_d_actu\/43771\/revisions"}],"wp:featuredmedia":[{"embeddable":true,"href":"https:\/\/envol-vert.org\/es\/wp-json\/wp\/v2\/media\/43775"}],"wp:attachment":[{"href":"https:\/\/envol-vert.org\/es\/wp-json\/wp\/v2\/media?parent=43771"}],"wp:term":[{"taxonomy":"fils_d_actu_categ","embeddable":true,"href":"https:\/\/envol-vert.org\/es\/wp-json\/wp\/v2\/fils_d_actu_categ?post=43771"}],"curies":[{"name":"wp","href":"https:\/\/api.w.org\/{rel}","templated":true}]}}