{"id":44667,"date":"2022-05-31T21:55:35","date_gmt":"2022-05-31T19:55:35","guid":{"rendered":"https:\/\/envol-vert.org\/?post_type=fil_d_actu&#038;p=44667"},"modified":"2022-07-19T20:40:46","modified_gmt":"2022-07-19T18:40:46","slug":"pasantia-aguaje-a-pacaya-samiria","status":"publish","type":"fil_d_actu","link":"https:\/\/envol-vert.org\/es\/act\/pasantia-aguaje-a-pacaya-samiria\/","title":{"rendered":"Pasant\u00eda \u00abaguaje\u00bb a Pacaya Samiria"},"content":{"rendered":"<div class=\"fusion-fullwidth fullwidth-box fusion-builder-row-1 fusion-flex-container nonhundred-percent-fullwidth non-hundred-percent-height-scrolling\" style=\"--awb-border-radius-top-left:0px;--awb-border-radius-top-right:0px;--awb-border-radius-bottom-right:0px;--awb-border-radius-bottom-left:0px;--awb-flex-wrap:wrap;\" ><div class=\"fusion-builder-row fusion-row fusion-flex-align-items-flex-start fusion-flex-content-wrap\" style=\"max-width:1040px;margin-left: calc(-4% \/ 2 );margin-right: calc(-4% \/ 2 );\"><div class=\"fusion-layout-column fusion_builder_column fusion-builder-column-0 fusion_builder_column_1_1 1_1 fusion-flex-column\" style=\"--awb-bg-size:cover;--awb-width-large:100%;--awb-margin-top-large:0px;--awb-spacing-right-large:1.92%;--awb-margin-bottom-large:20px;--awb-spacing-left-large:1.92%;--awb-width-medium:100%;--awb-order-medium:0;--awb-spacing-right-medium:1.92%;--awb-spacing-left-medium:1.92%;--awb-width-small:100%;--awb-order-small:0;--awb-spacing-right-small:1.92%;--awb-spacing-left-small:1.92%;\"><div class=\"fusion-column-wrapper fusion-column-has-shadow fusion-flex-justify-content-flex-start fusion-content-layout-column\"><div class=\"fusion-text fusion-text-1\" style=\"--awb-text-transform:none;\"><p><span style=\"font-weight: 400;\">Del 10 al 14 de mayo un equipo conformado por pobladores de comunidades aleda\u00f1as a la <a href=\"https:\/\/envol-vert.org\/es\/pro\/yanayacu-maquia-peru\/\">Concesi\u00f3n de Conservaci\u00f3n Yanayacu Maquia<\/a> (Mahuizo, Santa Luc\u00eda, Selva Alegre y Nueva Florida) de Loreto, guardaparques de la CCYM as\u00ed como representantes de la ONG Envol Vert realizaron una viaje de aprendizaje a las comunidades nativas de Veinte de Enero y Yarina localizadas dentro de la Reserva Nacional Pacaya Samiria (RNPS). Este viaje tuvo como objetivo vivenciar y aprender sobre las diversas actividades sostenibles que realizan en la reserva, como el manejo de taricaya (<\/span><i><span style=\"font-weight: 400;\">Podocnemis unifilis<\/span><\/i><span style=\"font-weight: 400;\">), vigilancia comunitaria y aprovechamiento del aguaje (<\/span><i><span style=\"font-weight: 400;\">Mauritia flexuosa<\/span><\/i><span style=\"font-weight: 400;\">), un super fruto amaz\u00f3nico con altos valores nutricionales, de importantancia ambiental, social y econ\u00f3mica.<\/span><\/p>\n<\/div><div class=\"fusion-text fusion-text-2\" style=\"--awb-text-transform:none;\"><p><span style=\"font-weight: 400;\">El 10 de mayo once personas partimos del puerto de Mahuizo rumbo a Nauta, un viaje de 17 horas en el cual se pudo apreciar la diversidad faun\u00edstica y belleza esc\u00e9nica que ofrece la Amazon\u00eda peruana, posterior a ello abordamos una nueva embarcaci\u00f3n en la cual despu\u00e9s de 1 hora pudimos llegar a la PV01 (Garita principal de la RNPS), estando ah\u00ed recibimos un c\u00e1lido saludo por parte del Guardaparque del SERNANP quien nos realiz\u00f3 una breve introducci\u00f3n sobre la reserva y sus caracter\u00edsticas por lo que fue una oportunidad para que los diversos participantes formulen preguntas. Al recibir el permiso de entrada viajamos unos minutos y tuvimos la bienvenida por los representantes de la Comunidad Nativa de Veinte de Enero, estando ah\u00ed previo al inicio de las actividades de capacitaci\u00f3n era importante que cada uno de\u00a0 nosotros se presente y mencione la importancia de haber llegado ah\u00ed.\u00a0<\/span><\/p>\n<\/div><div class=\"fusion-separator fusion-full-width-sep\" style=\"align-self: center;margin-left: auto;margin-right: auto;margin-top:1.5%;margin-bottom:1.5%;width:100%;\"><div class=\"fusion-separator-border sep-single sep-solid\" style=\"--awb-height:20px;--awb-amount:20px;--awb-sep-color:rgba(224,222,222,0);border-color:rgba(224,222,222,0);border-top-width:1px;\"><\/div><\/div><div class=\"fusion-image-element \" style=\"text-align:center;--awb-caption-title-font-family:var(--h2_typography-font-family);--awb-caption-title-font-weight:var(--h2_typography-font-weight);--awb-caption-title-font-style:var(--h2_typography-font-style);--awb-caption-title-size:var(--h2_typography-font-size);--awb-caption-title-transform:var(--h2_typography-text-transform);--awb-caption-title-line-height:var(--h2_typography-line-height);--awb-caption-title-letter-spacing:var(--h2_typography-letter-spacing);\"><span class=\" fusion-imageframe imageframe-none imageframe-1 hover-type-none\"><img decoding=\"async\" width=\"533\" height=\"400\" title=\"Pasantia_Pacaya Samiria_foto del grupo_20 de enero_mayo2022\" src=\"https:\/\/envol-vert.org\/wp-content\/uploads\/2022\/07\/Pasantia_Pacaya-Samiria_foto-del-grupo_20-de-enero_mayo2022-533x400.jpg\" alt class=\"img-responsive wp-image-44659\" srcset=\"https:\/\/envol-vert.org\/wp-content\/uploads\/2022\/07\/Pasantia_Pacaya-Samiria_foto-del-grupo_20-de-enero_mayo2022-200x150.jpg 200w, https:\/\/envol-vert.org\/wp-content\/uploads\/2022\/07\/Pasantia_Pacaya-Samiria_foto-del-grupo_20-de-enero_mayo2022-400x300.jpg 400w, https:\/\/envol-vert.org\/wp-content\/uploads\/2022\/07\/Pasantia_Pacaya-Samiria_foto-del-grupo_20-de-enero_mayo2022-600x450.jpg 600w, https:\/\/envol-vert.org\/wp-content\/uploads\/2022\/07\/Pasantia_Pacaya-Samiria_foto-del-grupo_20-de-enero_mayo2022.jpg 800w\" sizes=\"(max-width: 1024px) 100vw, (max-width: 640px) 100vw, 533px\" \/><\/span><\/div><div class=\"fusion-separator fusion-full-width-sep\" style=\"align-self: center;margin-left: auto;margin-right: auto;margin-top:1.5%;margin-bottom:1.5%;width:100%;\"><div class=\"fusion-separator-border sep-single sep-solid\" style=\"--awb-height:20px;--awb-amount:20px;--awb-sep-color:rgba(224,222,222,0);border-color:rgba(224,222,222,0);border-top-width:1px;\"><\/div><\/div><div class=\"fusion-text fusion-text-3\" style=\"--awb-text-transform:none;\"><p><span style=\"font-weight: 400;\">Durante m\u00e1s de 30 a\u00f1os la comunidad de Veinte de Enero ha logrado entender la importancia y la necesidad de conservar el bosque, es por ello que han adoptado diversas t\u00e9cnicas para aprovechar el aguaje de manera que su existencia no se vea comprometida por actividades comunes en la selva amaz\u00f3nica como el talado de la palmera. <\/span><\/p>\n<p><span style=\"font-weight: 400;\">Iniciamos las capacitaciones con un rompehielo, una actividad muy din\u00e1mica que permiti\u00f3 que nuestros compa\u00f1eros y el grupo de escaladores de Veinte de Enero entren en confianza y se relajen; despu\u00e9s dimos inicio a la capacitaci\u00f3n brindada por el representante de la Asociaci\u00f3n de Conservaci\u00f3n de Recursos Naturales \u2013 Veinte de Enero (ACORENA), el Sr. Modesto Zamora Nascimiento, una autoridad muy amable quien no dud\u00f3 en contar y explicar a detalle sobre los inicios de esta actividad, la cual empez\u00f3 con pocas personas y que hoy en d\u00eda ha crecido en cifras y en mayor participaci\u00f3n activa de mujeres, esta asociaci\u00f3n es la encargada de cosechar y acopiar el aguaje a m\u00e1s de 20 metros de altura, actividad que es llevada a cabo mediante el uso de equipos de seguridad como subidores denominados maquisapas.\u00a0<\/span><\/p>\n<\/div><div class=\"fusion-separator fusion-full-width-sep\" style=\"align-self: center;margin-left: auto;margin-right: auto;margin-top:1.5%;margin-bottom:1.5%;width:100%;\"><div class=\"fusion-separator-border sep-single sep-solid\" style=\"--awb-height:20px;--awb-amount:20px;--awb-sep-color:rgba(224,222,222,0);border-color:rgba(224,222,222,0);border-top-width:1px;\"><\/div><\/div><div class=\"fusion-image-element \" style=\"text-align:center;--awb-caption-title-font-family:var(--h2_typography-font-family);--awb-caption-title-font-weight:var(--h2_typography-font-weight);--awb-caption-title-font-style:var(--h2_typography-font-style);--awb-caption-title-size:var(--h2_typography-font-size);--awb-caption-title-transform:var(--h2_typography-text-transform);--awb-caption-title-line-height:var(--h2_typography-line-height);--awb-caption-title-letter-spacing:var(--h2_typography-letter-spacing);\"><span class=\" fusion-imageframe imageframe-none imageframe-2 hover-type-none\"><img decoding=\"async\" width=\"533\" height=\"400\" title=\"Pasantia_Pacaya Samiria_escalada_aguaje2_mayo2022\" src=\"https:\/\/envol-vert.org\/wp-content\/uploads\/2022\/07\/Pasantia_Pacaya-Samiria_escalada_aguaje2_mayo2022-533x400.jpg\" alt class=\"img-responsive wp-image-44656\" srcset=\"https:\/\/envol-vert.org\/wp-content\/uploads\/2022\/07\/Pasantia_Pacaya-Samiria_escalada_aguaje2_mayo2022-200x150.jpg 200w, https:\/\/envol-vert.org\/wp-content\/uploads\/2022\/07\/Pasantia_Pacaya-Samiria_escalada_aguaje2_mayo2022-400x300.jpg 400w, https:\/\/envol-vert.org\/wp-content\/uploads\/2022\/07\/Pasantia_Pacaya-Samiria_escalada_aguaje2_mayo2022-600x450.jpg 600w, https:\/\/envol-vert.org\/wp-content\/uploads\/2022\/07\/Pasantia_Pacaya-Samiria_escalada_aguaje2_mayo2022.jpg 800w\" sizes=\"(max-width: 1024px) 100vw, (max-width: 640px) 100vw, 533px\" \/><\/span><\/div><div class=\"fusion-separator fusion-full-width-sep\" style=\"align-self: center;margin-left: auto;margin-right: auto;margin-top:1.5%;margin-bottom:1.5%;width:100%;\"><div class=\"fusion-separator-border sep-single sep-solid\" style=\"--awb-height:20px;--awb-amount:20px;--awb-sep-color:rgba(224,222,222,0);border-color:rgba(224,222,222,0);border-top-width:1px;\"><\/div><\/div><div class=\"fusion-text fusion-text-4\" style=\"--awb-text-transform:none;\"><p><span style=\"font-weight: 400;\">El escalado es un rasgo caracter\u00edstico de los comuneros por lo que tanto hombres y mujeres de todas las edades lo tiene muy bien aprendido; es por ello que durante la capacitaci\u00f3n fue impresionante ver a un grupo de pobladores de diversas edades (entre 16 \u2013 86 a\u00f1os) escalar las palmeras con diversos equipos, haciendo gala de su habilidad en un tiempo aproximado de 2 minutos, fue una momento de asombro debido a que ellos mostraron mucha confianza y tranquilidad. Posterior a ello fue el turno de nuestros participantes de darse la oportunidad de subir la palmera, poco a poco cada uno se anim\u00f3 por lo que el apoyo de los escaladores profesionales fue determinante para que nuestros representantes den el siguiente paso a subir. Muchos de ellos se divirtieron e inclusive deseaban subir m\u00e1s; sin embargo, el tiempo y la seguridad estaban limitadas, el escalado fue una de las actividades que m\u00e1s gozaron los compa\u00f1eros.\u00a0<\/span><\/p>\n<\/div><div class=\"fusion-text fusion-text-5\" style=\"--awb-text-transform:none;\"><p><span style=\"font-weight: 400;\">El proceso de transformaci\u00f3n de <\/span><i><span style=\"font-weight: 400;\">Mauritia flexuosa<\/span><\/i><span style=\"font-weight: 400;\"> se da con la Asociaci\u00f3n de Productores y Procesadores de Aceite de\u00a0Aguaje\u00a0Veinte de Enero (APRO), un segundo grupo de pobladores representado por el apu Wiler Tuesta Velasquez ha desarrollado una alternativa econ\u00f3mica mediante la implementaci\u00f3n de un laboratorio y maquinarias para para la fabricaci\u00f3n de aceite y jabones de aguaje. El trabajo de ambas asociaciones ha permitido que empresas internacionales y multinacionales como Natura y AJE compren el fruto en diversas formas, este acuerdo ha permitido que exista un ingreso econ\u00f3mico y mejor gesti\u00f3n de los recursos naturales del bosque mediante la conservaci\u00f3n de los aguajales, pues uno de los requisitos para que el aguaje sea comprado es que las palmeras no sean taladas, lo que permite un aprovechamiento constante del fruto y m\u00e1s proyectos de reforestaci\u00f3n sigan en pie.<\/span><\/p>\n<\/div><div class=\"fusion-separator fusion-full-width-sep\" style=\"align-self: center;margin-left: auto;margin-right: auto;margin-top:1.5%;margin-bottom:1.5%;width:100%;\"><div class=\"fusion-separator-border sep-single sep-solid\" style=\"--awb-height:20px;--awb-amount:20px;--awb-sep-color:rgba(224,222,222,0);border-color:rgba(224,222,222,0);border-top-width:1px;\"><\/div><\/div><div class=\"fusion-image-element \" style=\"text-align:center;--awb-caption-title-font-family:var(--h2_typography-font-family);--awb-caption-title-font-weight:var(--h2_typography-font-weight);--awb-caption-title-font-style:var(--h2_typography-font-style);--awb-caption-title-size:var(--h2_typography-font-size);--awb-caption-title-transform:var(--h2_typography-text-transform);--awb-caption-title-line-height:var(--h2_typography-line-height);--awb-caption-title-letter-spacing:var(--h2_typography-letter-spacing);\"><span class=\" fusion-imageframe imageframe-none imageframe-3 hover-type-none\"><img decoding=\"async\" width=\"533\" height=\"400\" title=\"Pasantia_Pacaya Samiria_alternativa economica_mayo2022\" src=\"https:\/\/envol-vert.org\/wp-content\/uploads\/2022\/07\/Pasantia_Pacaya-Samiria_alternativa-economica_mayo2022-533x400.jpg\" alt class=\"img-responsive wp-image-44647\" srcset=\"https:\/\/envol-vert.org\/wp-content\/uploads\/2022\/07\/Pasantia_Pacaya-Samiria_alternativa-economica_mayo2022-200x150.jpg 200w, https:\/\/envol-vert.org\/wp-content\/uploads\/2022\/07\/Pasantia_Pacaya-Samiria_alternativa-economica_mayo2022-400x300.jpg 400w, https:\/\/envol-vert.org\/wp-content\/uploads\/2022\/07\/Pasantia_Pacaya-Samiria_alternativa-economica_mayo2022-600x450.jpg 600w, https:\/\/envol-vert.org\/wp-content\/uploads\/2022\/07\/Pasantia_Pacaya-Samiria_alternativa-economica_mayo2022.jpg 800w\" sizes=\"(max-width: 1024px) 100vw, (max-width: 640px) 100vw, 533px\" \/><\/span><\/div><div class=\"fusion-separator fusion-full-width-sep\" style=\"align-self: center;margin-left: auto;margin-right: auto;margin-top:1.5%;margin-bottom:1.5%;width:100%;\"><div class=\"fusion-separator-border sep-single sep-solid\" style=\"--awb-height:20px;--awb-amount:20px;--awb-sep-color:rgba(224,222,222,0);border-color:rgba(224,222,222,0);border-top-width:1px;\"><\/div><\/div><div class=\"fusion-text fusion-text-6\" style=\"--awb-text-transform:none;\"><p><span style=\"font-weight: 400;\">Por la tarde fue el turno de capacitarse de nuestros 3 guardaparques oficiales de la concesi\u00f3n, quienes recibieron una capacitaci\u00f3n de vigilancia comunitaria, durante la charla se habl\u00f3 de c\u00f3mo se da la organizaci\u00f3n para monitorear y dialogar con posibles infractores que puedan poner en riesgo la flora y fauna de la reserva, por lo que mencionaron que un correcto di\u00e1logo permitir\u00e1 que los que infrinjan entiendan que lo que hacen a parte de tener un castigo es negativo para el medio ambiente. De igual manera los guardaparques realizaron diversas consultas las cuales fueron aclaradas.\u00a0<\/span><\/p>\n<\/div><div class=\"fusion-separator fusion-full-width-sep\" style=\"align-self: center;margin-left: auto;margin-right: auto;margin-top:1.5%;margin-bottom:1.5%;width:100%;\"><div class=\"fusion-separator-border sep-single sep-solid\" style=\"--awb-height:20px;--awb-amount:20px;--awb-sep-color:rgba(224,222,222,0);border-color:rgba(224,222,222,0);border-top-width:1px;\"><\/div><\/div><div class=\"fusion-image-element \" style=\"text-align:center;--awb-caption-title-font-family:var(--h2_typography-font-family);--awb-caption-title-font-weight:var(--h2_typography-font-weight);--awb-caption-title-font-style:var(--h2_typography-font-style);--awb-caption-title-size:var(--h2_typography-font-size);--awb-caption-title-transform:var(--h2_typography-text-transform);--awb-caption-title-line-height:var(--h2_typography-line-height);--awb-caption-title-letter-spacing:var(--h2_typography-letter-spacing);\"><span class=\" fusion-imageframe imageframe-none imageframe-4 hover-type-none\"><img decoding=\"async\" width=\"533\" height=\"400\" title=\"Pasantia_Pacaya Samiria_foto del grupo_yanura_mayo2022\" src=\"https:\/\/envol-vert.org\/wp-content\/uploads\/2022\/07\/Pasantia_Pacaya-Samiria_foto-del-grupo_yanura_mayo2022-533x400.jpg\" alt class=\"img-responsive wp-image-44662\" srcset=\"https:\/\/envol-vert.org\/wp-content\/uploads\/2022\/07\/Pasantia_Pacaya-Samiria_foto-del-grupo_yanura_mayo2022-200x150.jpg 200w, https:\/\/envol-vert.org\/wp-content\/uploads\/2022\/07\/Pasantia_Pacaya-Samiria_foto-del-grupo_yanura_mayo2022-400x300.jpg 400w, https:\/\/envol-vert.org\/wp-content\/uploads\/2022\/07\/Pasantia_Pacaya-Samiria_foto-del-grupo_yanura_mayo2022-600x450.jpg 600w, https:\/\/envol-vert.org\/wp-content\/uploads\/2022\/07\/Pasantia_Pacaya-Samiria_foto-del-grupo_yanura_mayo2022.jpg 800w\" sizes=\"(max-width: 1024px) 100vw, (max-width: 640px) 100vw, 533px\" \/><\/span><\/div><div class=\"fusion-separator fusion-full-width-sep\" style=\"align-self: center;margin-left: auto;margin-right: auto;margin-top:1.5%;margin-bottom:1.5%;width:100%;\"><div class=\"fusion-separator-border sep-single sep-solid\" style=\"--awb-height:20px;--awb-amount:20px;--awb-sep-color:rgba(224,222,222,0);border-color:rgba(224,222,222,0);border-top-width:1px;\"><\/div><\/div><div class=\"fusion-text fusion-text-7\" style=\"--awb-text-transform:none;\"><p><span style=\"font-weight: 400;\">En los pr\u00f3ximos d\u00edas estando ya en la Comunidad Nativa de Yarina, el Sr. Enrique Uraco (autoridad de la comunidad) nos capacit\u00f3 sobre el manejo del aguaje y su recurso bandera que es la taricaya (<\/span><i><span style=\"font-weight: 400;\">Podocnemis unifilis<\/span><\/i><span style=\"font-weight: 400;\">). <\/span><\/p>\n<p><span style=\"font-weight: 400;\">La cosecha del aguaje es muy diferente en relaci\u00f3n a sus vecino de Veinte de Enero, pues a pesar de encontrarse dentro de la misma reserva las t\u00e9cnicas de escalado difieren en ambas comunidades; mientras Veinte de Enero utiliza maquisapas y subidores con piernera la comunidad de Yarina utiliza subidores con sentadores, el Sr. Uraco indic\u00f3 que para su comunidad el uso de este material les brinda mayor confianza a pesar de tomar un poco m\u00e1s de tiempo en subir. Nuestros participantes quedaron encantados con este equipo debido a que el 100% tuvo mayor afinidad y confianza por este tipo de subidor por lo que se reflej\u00f3 en una participaci\u00f3n m\u00e1s activa al momento de subir la palmera.\u00a0<\/span><\/p>\n<\/div><div class=\"fusion-separator fusion-full-width-sep\" style=\"align-self: center;margin-left: auto;margin-right: auto;margin-top:1.5%;margin-bottom:1.5%;width:100%;\"><div class=\"fusion-separator-border sep-single sep-solid\" style=\"--awb-height:20px;--awb-amount:20px;--awb-sep-color:rgba(224,222,222,0);border-color:rgba(224,222,222,0);border-top-width:1px;\"><\/div><\/div><div class=\"fusion-image-element \" style=\"text-align:center;--awb-caption-title-font-family:var(--h2_typography-font-family);--awb-caption-title-font-weight:var(--h2_typography-font-weight);--awb-caption-title-font-style:var(--h2_typography-font-style);--awb-caption-title-size:var(--h2_typography-font-size);--awb-caption-title-transform:var(--h2_typography-text-transform);--awb-caption-title-line-height:var(--h2_typography-line-height);--awb-caption-title-letter-spacing:var(--h2_typography-letter-spacing);\"><span class=\" fusion-imageframe imageframe-none imageframe-5 hover-type-none\"><img decoding=\"async\" width=\"533\" height=\"400\" title=\"Pasantia_Pacaya Samiria_escalada_aguaje_mayo2022\" src=\"https:\/\/envol-vert.org\/wp-content\/uploads\/2022\/07\/Pasantia_Pacaya-Samiria_escalada_aguaje_mayo2022-533x400.jpg\" alt class=\"img-responsive wp-image-44653\" srcset=\"https:\/\/envol-vert.org\/wp-content\/uploads\/2022\/07\/Pasantia_Pacaya-Samiria_escalada_aguaje_mayo2022-200x150.jpg 200w, https:\/\/envol-vert.org\/wp-content\/uploads\/2022\/07\/Pasantia_Pacaya-Samiria_escalada_aguaje_mayo2022-400x300.jpg 400w, https:\/\/envol-vert.org\/wp-content\/uploads\/2022\/07\/Pasantia_Pacaya-Samiria_escalada_aguaje_mayo2022-600x450.jpg 600w, https:\/\/envol-vert.org\/wp-content\/uploads\/2022\/07\/Pasantia_Pacaya-Samiria_escalada_aguaje_mayo2022.jpg 800w\" sizes=\"(max-width: 1024px) 100vw, (max-width: 640px) 100vw, 533px\" \/><\/span><\/div><div class=\"fusion-separator fusion-full-width-sep\" style=\"align-self: center;margin-left: auto;margin-right: auto;margin-top:1.5%;margin-bottom:1.5%;width:100%;\"><div class=\"fusion-separator-border sep-single sep-solid\" style=\"--awb-height:20px;--awb-amount:20px;--awb-sep-color:rgba(224,222,222,0);border-color:rgba(224,222,222,0);border-top-width:1px;\"><\/div><\/div><div class=\"fusion-text fusion-text-8\" style=\"--awb-text-transform:none;\"><p><span style=\"font-weight: 400;\">La capacitaci\u00f3n del manejo de las taricayas fue otra de las actividades que maravill\u00f3 a nuestros visitantes, pues aprendieron sobre las formas sostenibles de aprovechar econ\u00f3micamente los huevos de taricaya sin comprometer sus cifras; Yarina es una comunidad que cada a\u00f1o se traza cosechar y sembrar m\u00e1s huevos de taricayas por lo que siempre en meses de agosto a diciembre son periodos en el que demandan de mano de obra y en los que tambi\u00e9n deben estar m\u00e1s alertas en relaci\u00f3n a la vigilancia de los huevos, ya que es com\u00fan encontrar infractores tratando de transportar este recurso sin los permisos correspondientes. Los pobladores se vieron entusiasmados con que a futuro pueda implementarse igualmente un proyecto de taricaya en sus comunidades.<\/span><\/p>\n<\/div><div class=\"fusion-text fusion-text-9\" style=\"--awb-text-transform:none;\"><p><span style=\"font-weight: 400;\">El \u00faltimo d\u00eda en Pacaya Samiria fue una oportunidad para el guardaparque oficial de SERNANP en la reserva, el Sr. Robert Arirama Vela extendi\u00f3 una capacitaci\u00f3n directa a los guardaparques de la CCYM, en donde nos mostraron sus actividades y formas de vigilancia, patrullaje, capacitaciones que reciben, as\u00ed como materiales y equipos que utilizan. Fue un momento importante ya que nuestros guardaparques pudieron entrar en confianza con un colega que realiza las misma labores en campo y entender sobre el gran trabajo que realizan al proteger los bosques amaz\u00f3nicos.<\/span><\/p>\n<\/div><div class=\"fusion-separator fusion-full-width-sep\" style=\"align-self: center;margin-left: auto;margin-right: auto;margin-top:1.5%;margin-bottom:1.5%;width:100%;\"><div class=\"fusion-separator-border sep-single sep-solid\" style=\"--awb-height:20px;--awb-amount:20px;--awb-sep-color:rgba(224,222,222,0);border-color:rgba(224,222,222,0);border-top-width:1px;\"><\/div><\/div><div class=\"fusion-image-element \" style=\"text-align:center;--awb-caption-title-font-family:var(--h2_typography-font-family);--awb-caption-title-font-weight:var(--h2_typography-font-weight);--awb-caption-title-font-style:var(--h2_typography-font-style);--awb-caption-title-size:var(--h2_typography-font-size);--awb-caption-title-transform:var(--h2_typography-text-transform);--awb-caption-title-line-height:var(--h2_typography-line-height);--awb-caption-title-letter-spacing:var(--h2_typography-letter-spacing);\"><span class=\" fusion-imageframe imageframe-none imageframe-6 hover-type-none\"><img decoding=\"async\" width=\"533\" height=\"400\" title=\"Pasantia_Pacaya Samiria_capacitacion_mayo2022\" src=\"https:\/\/envol-vert.org\/wp-content\/uploads\/2022\/07\/Pasantia_Pacaya-Samiria_capacitacion_mayo2022-533x400.jpg\" alt class=\"img-responsive wp-image-44650\" srcset=\"https:\/\/envol-vert.org\/wp-content\/uploads\/2022\/07\/Pasantia_Pacaya-Samiria_capacitacion_mayo2022-200x150.jpg 200w, https:\/\/envol-vert.org\/wp-content\/uploads\/2022\/07\/Pasantia_Pacaya-Samiria_capacitacion_mayo2022-400x300.jpg 400w, https:\/\/envol-vert.org\/wp-content\/uploads\/2022\/07\/Pasantia_Pacaya-Samiria_capacitacion_mayo2022-600x450.jpg 600w, https:\/\/envol-vert.org\/wp-content\/uploads\/2022\/07\/Pasantia_Pacaya-Samiria_capacitacion_mayo2022.jpg 800w\" sizes=\"(max-width: 1024px) 100vw, (max-width: 640px) 100vw, 533px\" \/><\/span><\/div><div class=\"fusion-separator fusion-full-width-sep\" style=\"align-self: center;margin-left: auto;margin-right: auto;margin-top:1.5%;margin-bottom:1.5%;width:100%;\"><div class=\"fusion-separator-border sep-single sep-solid\" style=\"--awb-height:20px;--awb-amount:20px;--awb-sep-color:rgba(224,222,222,0);border-color:rgba(224,222,222,0);border-top-width:1px;\"><\/div><\/div><div class=\"fusion-text fusion-text-10\" style=\"--awb-text-transform:none;\"><p><span style=\"font-weight: 400;\">La pasant\u00eda a Pacaya Samiria fue un momento inolvidable, una oportunidad de salir y aprender que s\u00ed es posible generar ingresos econ\u00f3micos con los recursos del bosque sin la necesidad de destruir los ecosistemas y de poder trabajar en equipo con total transparencia. S\u00f3lo queda agradecer lo compartido y ejecutar lo aprendido para demostrar que con fuerza de voluntad todo es posible.<\/span><\/p>\n<\/div><\/div><\/div><\/div><\/div>\n","protected":false},"excerpt":{"rendered":"","protected":false},"featured_media":44644,"template":"","fils_d_actu_categ":[1656,1390],"class_list":["post-44667","fil_d_actu","type-fil_d_actu","status-publish","has-post-thumbnail","hentry","fils_d_actu_categ-actualidades-generales","fils_d_actu_categ-yanayacu-maquia-peru"],"_links":{"self":[{"href":"https:\/\/envol-vert.org\/es\/wp-json\/wp\/v2\/fil_d_actu\/44667","targetHints":{"allow":["GET"]}}],"collection":[{"href":"https:\/\/envol-vert.org\/es\/wp-json\/wp\/v2\/fil_d_actu"}],"about":[{"href":"https:\/\/envol-vert.org\/es\/wp-json\/wp\/v2\/types\/fil_d_actu"}],"version-history":[{"count":0,"href":"https:\/\/envol-vert.org\/es\/wp-json\/wp\/v2\/fil_d_actu\/44667\/revisions"}],"wp:featuredmedia":[{"embeddable":true,"href":"https:\/\/envol-vert.org\/es\/wp-json\/wp\/v2\/media\/44644"}],"wp:attachment":[{"href":"https:\/\/envol-vert.org\/es\/wp-json\/wp\/v2\/media?parent=44667"}],"wp:term":[{"taxonomy":"fils_d_actu_categ","embeddable":true,"href":"https:\/\/envol-vert.org\/es\/wp-json\/wp\/v2\/fils_d_actu_categ?post=44667"}],"curies":[{"name":"wp","href":"https:\/\/api.w.org\/{rel}","templated":true}]}}