{"id":44787,"date":"2022-06-19T20:55:52","date_gmt":"2022-06-19T18:55:52","guid":{"rendered":"https:\/\/envol-vert.org\/?post_type=fil_d_actu&#038;p=44787"},"modified":"2022-07-19T21:00:21","modified_gmt":"2022-07-19T19:00:21","slug":"visita-planta-valorizacion-residuos-solidos-parcela-agroforestal-modela-aucayacu","status":"publish","type":"fil_d_actu","link":"https:\/\/envol-vert.org\/es\/act\/visita-planta-valorizacion-residuos-solidos-parcela-agroforestal-modela-aucayacu\/","title":{"rendered":"Visita a la planta de valorizaci\u00f3n de residuos s\u00f3lidos y de una parcela agroforestal modela en Aucayacu"},"content":{"rendered":"<div class=\"fusion-fullwidth fullwidth-box fusion-builder-row-1 fusion-flex-container nonhundred-percent-fullwidth non-hundred-percent-height-scrolling\" style=\"--awb-border-radius-top-left:0px;--awb-border-radius-top-right:0px;--awb-border-radius-bottom-right:0px;--awb-border-radius-bottom-left:0px;--awb-flex-wrap:wrap;\" ><div class=\"fusion-builder-row fusion-row fusion-flex-align-items-flex-start fusion-flex-content-wrap\" style=\"max-width:1040px;margin-left: calc(-4% \/ 2 );margin-right: calc(-4% \/ 2 );\"><div class=\"fusion-layout-column fusion_builder_column fusion-builder-column-0 fusion_builder_column_1_1 1_1 fusion-flex-column\" style=\"--awb-bg-size:cover;--awb-width-large:100%;--awb-margin-top-large:0px;--awb-spacing-right-large:1.92%;--awb-margin-bottom-large:20px;--awb-spacing-left-large:1.92%;--awb-width-medium:100%;--awb-order-medium:0;--awb-spacing-right-medium:1.92%;--awb-spacing-left-medium:1.92%;--awb-width-small:100%;--awb-order-small:0;--awb-spacing-right-small:1.92%;--awb-spacing-left-small:1.92%;\"><div class=\"fusion-column-wrapper fusion-column-has-shadow fusion-flex-justify-content-flex-start fusion-content-layout-column\"><div class=\"fusion-text fusion-text-1\" style=\"--awb-text-transform:none;\"><p><strong>El d\u00eda 14 de junio del presente a\u00f1o se realiz\u00f3 la primera pasant\u00eda del 2022 en el distrito de Jos\u00e9 crespo y Castillo \u2013 Aucayacu.<\/strong><\/p>\n<p>De manera conjunta con la municipalidad de Jos\u00e9 crespo y Castillo &#8211; Aucayacu a trav\u00e9s del programa EDUCCA (un programa de educaci\u00f3n ambiental al ciudadano) y Edson Ponce, due\u00f1o de una parcela agroforestal de la zona, el Equipo <a href=\"https:\/\/envol-vert.org\/es\/sit\/tingo-maria\/\">Envol Vert Tingo Mar\u00eda<\/a> organizo esta pasant\u00eda estuvo para los participantes de <strong>cinco grupos de trabajo contando as\u00ed con la asistencia 25 participantes<\/strong>.<\/p>\n<p>La capacitaci\u00f3n realizada por la responsable del programa EDDUCA, la Ingeniera Michel Portal, fue en la planta de compostaje y de valorizaci\u00f3n de residuos s\u00f3lidos que gerencia la municipalidad de Aucayacu. Se comparti\u00f3 conocimientos sobre la importancia de <strong>la clasificaci\u00f3n de residuos org\u00e1nicos e inorg\u00e1nicos, la elaboraci\u00f3n del compost, caracter\u00edsticas del compost, revalorizaci\u00f3n del compost en el mercado y en la vida agr\u00edcola<\/strong>, dando la culminaci\u00f3n de la charla con una repartici\u00f3n de bolsa de compost a cada participante como recordatorio del tema.<\/p>\n<p>Para finalizar las actividades de la pasant\u00eda, se visit\u00f3 la parcela agroforestal del se\u00f1or Edson Ponce en el caser\u00edo Las Mercedes con una extensi\u00f3n de 80 hect\u00e1reas, donde se brind\u00f3 al grupo informaci\u00f3n de experiencias personales a trav\u00e9s de <strong>10 a\u00f1os de agricultura org\u00e1nica<\/strong> sobre el manejo de cacao asociado con guaba (<em>Inga sp.),<\/em> sacha culantro (<em>Eryngium foetidum<\/em>), arboles forestales (caoba, cedro, capirona). Adem\u00e1s, se pudo reforzar los conocimientos del manejo de cacao desde un principio hasta a lo largo del crecimiento, tambi\u00e9n, resaltar el uso de enmiendas org\u00e1nicas, repelentes naturales, la importancia de la poda, el manejo de enfermedades en campo, la diversificaci\u00f3n de cultivos como fuente de ingresos y conservaci\u00f3n de especies de flora y fauna.<\/p>\n<\/div><\/div><\/div><\/div><\/div>\n","protected":false},"excerpt":{"rendered":"","protected":false},"featured_media":44784,"template":"","fils_d_actu_categ":[1428],"class_list":["post-44787","fil_d_actu","type-fil_d_actu","status-publish","has-post-thumbnail","hentry","fils_d_actu_categ-programa-cafe-cacao-agroforestales"],"_links":{"self":[{"href":"https:\/\/envol-vert.org\/es\/wp-json\/wp\/v2\/fil_d_actu\/44787","targetHints":{"allow":["GET"]}}],"collection":[{"href":"https:\/\/envol-vert.org\/es\/wp-json\/wp\/v2\/fil_d_actu"}],"about":[{"href":"https:\/\/envol-vert.org\/es\/wp-json\/wp\/v2\/types\/fil_d_actu"}],"version-history":[{"count":0,"href":"https:\/\/envol-vert.org\/es\/wp-json\/wp\/v2\/fil_d_actu\/44787\/revisions"}],"wp:featuredmedia":[{"embeddable":true,"href":"https:\/\/envol-vert.org\/es\/wp-json\/wp\/v2\/media\/44784"}],"wp:attachment":[{"href":"https:\/\/envol-vert.org\/es\/wp-json\/wp\/v2\/media?parent=44787"}],"wp:term":[{"taxonomy":"fils_d_actu_categ","embeddable":true,"href":"https:\/\/envol-vert.org\/es\/wp-json\/wp\/v2\/fils_d_actu_categ?post=44787"}],"curies":[{"name":"wp","href":"https:\/\/api.w.org\/{rel}","templated":true}]}}