{"id":44887,"date":"2022-06-30T21:56:52","date_gmt":"2022-06-30T19:56:52","guid":{"rendered":"https:\/\/envol-vert.org\/?post_type=fil_d_actu&#038;p=44887"},"modified":"2022-08-08T21:57:25","modified_gmt":"2022-08-08T19:57:25","slug":"aprender-y-jugar-con-las-palmeras-amazonicas","status":"publish","type":"fil_d_actu","link":"https:\/\/envol-vert.org\/es\/act\/aprender-y-jugar-con-las-palmeras-amazonicas\/","title":{"rendered":"\u00a1Aprender y jugar con las palmeras amaz\u00f3nicas!"},"content":{"rendered":"<div class=\"fusion-fullwidth fullwidth-box fusion-builder-row-1 fusion-flex-container nonhundred-percent-fullwidth non-hundred-percent-height-scrolling\" style=\"--awb-border-radius-top-left:0px;--awb-border-radius-top-right:0px;--awb-border-radius-bottom-right:0px;--awb-border-radius-bottom-left:0px;--awb-flex-wrap:wrap;\" ><div class=\"fusion-builder-row fusion-row fusion-flex-align-items-flex-start fusion-flex-content-wrap\" style=\"max-width:1040px;margin-left: calc(-4% \/ 2 );margin-right: calc(-4% \/ 2 );\"><div class=\"fusion-layout-column fusion_builder_column fusion-builder-column-0 fusion_builder_column_1_1 1_1 fusion-flex-column\" style=\"--awb-bg-size:cover;--awb-width-large:100%;--awb-margin-top-large:0px;--awb-spacing-right-large:1.92%;--awb-margin-bottom-large:20px;--awb-spacing-left-large:1.92%;--awb-width-medium:100%;--awb-order-medium:0;--awb-spacing-right-medium:1.92%;--awb-spacing-left-medium:1.92%;--awb-width-small:100%;--awb-order-small:0;--awb-spacing-right-small:1.92%;--awb-spacing-left-small:1.92%;\"><div class=\"fusion-column-wrapper fusion-column-has-shadow fusion-flex-justify-content-flex-start fusion-content-layout-column\"><div class=\"fusion-text fusion-text-1\" style=\"--awb-text-transform:none;\"><p><span style=\"font-weight: 400;\">Se realizaron actividades de aprendizaje y sensibilizaci\u00f3n &#8211; en particular alrededor de las palmeras &#8211; con los ni\u00f1os y ni\u00f1as de primaria de las comunidades de Mahuizo, Santa Luc\u00eda, Selva Alegre y Nueva Florida, ubicadas en los alrededores de la<a href=\"https:\/\/envol-vert.org\/es\/pro\/yanayacu-maquia-peru\/\"> Concesi\u00f3n para la Conservaci\u00f3n Yanayacu-Maqu\u00eda<\/a>. Dar inicio con un rompe hielo gener\u00f3 un momento oportuno para que los menores ganen confianza y se encuentren activos para poner atenci\u00f3n a la actividad que se di\u00f3, posterior a ello se realiz\u00f3 un test de diversas preguntas para conocer cu\u00e1nto saben nuestros peque\u00f1os y peque\u00f1as y a la vez lo que iban a aprender.<\/span><\/p>\n<\/div><div class=\"fusion-text fusion-text-2\" style=\"--awb-text-transform:none;\"><p><span style=\"font-weight: 400;\">Dar a conocer que las palmeras amaz\u00f3nicas no s\u00f3lo tienen un uso para el, sino que cuentan y son determinantes para la subsistencia de especies voladoras, terrestres y acu\u00e1ticas, esto debido a que animales como loros, guacamayos, monos, tapires, sachavacas e inclusive algunos peces tienen como fuente principal de alimento los frutos; sin embargo, m\u00e1s all\u00e1 de alimentaci\u00f3n son un espacio para que la faune del bosque construya sus nidos y casas, por lo que talarlo implica impactos negativos para la continuidad de la especie en una zona determinada.<\/span><\/p>\n<\/div><div class=\"fusion-separator fusion-full-width-sep\" style=\"align-self: center;margin-left: auto;margin-right: auto;margin-bottom:3%;width:100%;\"><div class=\"fusion-separator-border sep-single sep-solid\" style=\"--awb-height:20px;--awb-amount:20px;border-color:#e0dede;border-top-width:0px;\"><\/div><\/div><\/div><\/div><div class=\"fusion-layout-column fusion_builder_column fusion-builder-column-1 fusion_builder_column_1_2 1_2 fusion-flex-column\" style=\"--awb-bg-size:cover;--awb-width-large:50%;--awb-margin-top-large:0px;--awb-spacing-right-large:3.84%;--awb-margin-bottom-large:20px;--awb-spacing-left-large:3.84%;--awb-width-medium:100%;--awb-order-medium:0;--awb-spacing-right-medium:1.92%;--awb-spacing-left-medium:1.92%;--awb-width-small:100%;--awb-order-small:0;--awb-spacing-right-small:1.92%;--awb-spacing-left-small:1.92%;\"><div class=\"fusion-column-wrapper fusion-column-has-shadow fusion-flex-justify-content-flex-start fusion-content-layout-column\"><div class=\"fusion-image-element \" style=\"text-align:center;--awb-caption-title-font-family:var(--h2_typography-font-family);--awb-caption-title-font-weight:var(--h2_typography-font-weight);--awb-caption-title-font-style:var(--h2_typography-font-style);--awb-caption-title-size:var(--h2_typography-font-size);--awb-caption-title-transform:var(--h2_typography-text-transform);--awb-caption-title-line-height:var(--h2_typography-line-height);--awb-caption-title-letter-spacing:var(--h2_typography-letter-spacing);\"><span class=\" fusion-imageframe imageframe-none imageframe-1 hover-type-none\"><img decoding=\"async\" width=\"533\" height=\"400\" title=\"25_05_222_Sensibilizaci\u00f3n_Selva Alegre_web\" src=\"https:\/\/envol-vert.org\/wp-content\/uploads\/2022\/08\/25_05_222_Sensibilizacion_Selva-Alegre_web-533x400.jpg\" alt class=\"img-responsive wp-image-44890\" srcset=\"https:\/\/envol-vert.org\/wp-content\/uploads\/2022\/08\/25_05_222_Sensibilizacion_Selva-Alegre_web-200x150.jpg 200w, https:\/\/envol-vert.org\/wp-content\/uploads\/2022\/08\/25_05_222_Sensibilizacion_Selva-Alegre_web-400x300.jpg 400w, https:\/\/envol-vert.org\/wp-content\/uploads\/2022\/08\/25_05_222_Sensibilizacion_Selva-Alegre_web-600x450.jpg 600w, https:\/\/envol-vert.org\/wp-content\/uploads\/2022\/08\/25_05_222_Sensibilizacion_Selva-Alegre_web.jpg 800w\" sizes=\"(max-width: 1024px) 100vw, (max-width: 640px) 100vw, 600px\" \/><\/span><\/div><\/div><\/div><div class=\"fusion-layout-column fusion_builder_column fusion-builder-column-2 fusion_builder_column_1_2 1_2 fusion-flex-column\" style=\"--awb-bg-size:cover;--awb-width-large:50%;--awb-margin-top-large:0px;--awb-spacing-right-large:3.84%;--awb-margin-bottom-large:20px;--awb-spacing-left-large:3.84%;--awb-width-medium:100%;--awb-order-medium:0;--awb-spacing-right-medium:1.92%;--awb-spacing-left-medium:1.92%;--awb-width-small:100%;--awb-order-small:0;--awb-spacing-right-small:1.92%;--awb-spacing-left-small:1.92%;\"><div class=\"fusion-column-wrapper fusion-column-has-shadow fusion-flex-justify-content-flex-start fusion-content-layout-column\"><div class=\"fusion-image-element \" style=\"text-align:center;--awb-caption-title-font-family:var(--h2_typography-font-family);--awb-caption-title-font-weight:var(--h2_typography-font-weight);--awb-caption-title-font-style:var(--h2_typography-font-style);--awb-caption-title-size:var(--h2_typography-font-size);--awb-caption-title-transform:var(--h2_typography-text-transform);--awb-caption-title-line-height:var(--h2_typography-line-height);--awb-caption-title-letter-spacing:var(--h2_typography-letter-spacing);\"><span class=\" fusion-imageframe imageframe-none imageframe-2 hover-type-none\"><img decoding=\"async\" width=\"533\" height=\"400\" title=\"19_05_22_Sensibilizaci\u00f3n_Santa Luc\u00eda_web\" src=\"https:\/\/envol-vert.org\/wp-content\/uploads\/2022\/08\/19_05_22_Sensibilizacion_Santa-Lucia_web-533x400.jpg\" alt class=\"img-responsive wp-image-44896\" srcset=\"https:\/\/envol-vert.org\/wp-content\/uploads\/2022\/08\/19_05_22_Sensibilizacion_Santa-Lucia_web-200x150.jpg 200w, https:\/\/envol-vert.org\/wp-content\/uploads\/2022\/08\/19_05_22_Sensibilizacion_Santa-Lucia_web-400x300.jpg 400w, https:\/\/envol-vert.org\/wp-content\/uploads\/2022\/08\/19_05_22_Sensibilizacion_Santa-Lucia_web-600x450.jpg 600w, https:\/\/envol-vert.org\/wp-content\/uploads\/2022\/08\/19_05_22_Sensibilizacion_Santa-Lucia_web.jpg 800w\" sizes=\"(max-width: 1024px) 100vw, (max-width: 640px) 100vw, 600px\" \/><\/span><\/div><\/div><\/div><div class=\"fusion-layout-column fusion_builder_column fusion-builder-column-3 fusion_builder_column_1_1 1_1 fusion-flex-column\" style=\"--awb-bg-size:cover;--awb-width-large:100%;--awb-margin-top-large:0px;--awb-spacing-right-large:1.92%;--awb-margin-bottom-large:20px;--awb-spacing-left-large:1.92%;--awb-width-medium:100%;--awb-order-medium:0;--awb-spacing-right-medium:1.92%;--awb-spacing-left-medium:1.92%;--awb-width-small:100%;--awb-order-small:0;--awb-spacing-right-small:1.92%;--awb-spacing-left-small:1.92%;\"><div class=\"fusion-column-wrapper fusion-column-has-shadow fusion-flex-justify-content-flex-start fusion-content-layout-column\"><div class=\"fusion-separator fusion-full-width-sep\" style=\"align-self: center;margin-left: auto;margin-right: auto;margin-bottom:3%;width:100%;\"><div class=\"fusion-separator-border sep-single sep-solid\" style=\"--awb-height:20px;--awb-amount:20px;border-color:#e0dede;border-top-width:0px;\"><\/div><\/div><div class=\"fusion-text fusion-text-3\" style=\"--awb-text-transform:none;\"><p><span style=\"font-weight: 400;\">Luego de realizar la exposici\u00f3n del tema, se realiz\u00f3 una <\/span><b><i>sopa de letras<\/i><\/b><span style=\"font-weight: 400;\"> en el que hab\u00edan sido distribuidos diferentes nombres de palmeras y con esto se buscaba que los\u00a0 organizados en grupos trabajen la parte mental y tratar de ubicar lo m\u00e1s r\u00e1pido posible el nombre presentado. Fue un momento muy gratificante, pues mediante estas actividades observamos que los m\u00e1s peque\u00f1os y peque\u00f1as de casa demuestran que aprender de conservaci\u00f3n puede ser muy divertido, es por ello que estamos a la espera de presentar nuestras futuras actividades en esta parte de la selva amaz\u00f3nica peruana.<\/span><\/p>\n<\/div><\/div><\/div><\/div><\/div>\n","protected":false},"excerpt":{"rendered":"","protected":false},"featured_media":44893,"template":"","fils_d_actu_categ":[1390],"class_list":["post-44887","fil_d_actu","type-fil_d_actu","status-publish","has-post-thumbnail","hentry","fils_d_actu_categ-yanayacu-maquia-peru"],"_links":{"self":[{"href":"https:\/\/envol-vert.org\/es\/wp-json\/wp\/v2\/fil_d_actu\/44887","targetHints":{"allow":["GET"]}}],"collection":[{"href":"https:\/\/envol-vert.org\/es\/wp-json\/wp\/v2\/fil_d_actu"}],"about":[{"href":"https:\/\/envol-vert.org\/es\/wp-json\/wp\/v2\/types\/fil_d_actu"}],"version-history":[{"count":0,"href":"https:\/\/envol-vert.org\/es\/wp-json\/wp\/v2\/fil_d_actu\/44887\/revisions"}],"wp:featuredmedia":[{"embeddable":true,"href":"https:\/\/envol-vert.org\/es\/wp-json\/wp\/v2\/media\/44893"}],"wp:attachment":[{"href":"https:\/\/envol-vert.org\/es\/wp-json\/wp\/v2\/media?parent=44887"}],"wp:term":[{"taxonomy":"fils_d_actu_categ","embeddable":true,"href":"https:\/\/envol-vert.org\/es\/wp-json\/wp\/v2\/fils_d_actu_categ?post=44887"}],"curies":[{"name":"wp","href":"https:\/\/api.w.org\/{rel}","templated":true}]}}