{"id":44995,"date":"2022-07-30T17:49:27","date_gmt":"2022-07-30T15:49:27","guid":{"rendered":"https:\/\/envol-vert.org\/?post_type=fil_d_actu&#038;p=44995"},"modified":"2022-08-13T19:23:28","modified_gmt":"2022-08-13T17:23:28","slug":"proyecto-miel-abjeas-meliponas","status":"publish","type":"fil_d_actu","link":"https:\/\/envol-vert.org\/es\/act\/proyecto-miel-abjeas-meliponas\/","title":{"rendered":"Proyecto \u00abMiel y abejas meliponas\u00bb"},"content":{"rendered":"<div class=\"fusion-fullwidth fullwidth-box fusion-builder-row-1 fusion-flex-container nonhundred-percent-fullwidth non-hundred-percent-height-scrolling\" style=\"--awb-border-radius-top-left:0px;--awb-border-radius-top-right:0px;--awb-border-radius-bottom-right:0px;--awb-border-radius-bottom-left:0px;--awb-flex-wrap:wrap;\" ><div class=\"fusion-builder-row fusion-row fusion-flex-align-items-flex-start fusion-flex-content-wrap\" style=\"max-width:1040px;margin-left: calc(-4% \/ 2 );margin-right: calc(-4% \/ 2 );\"><div class=\"fusion-layout-column fusion_builder_column fusion-builder-column-0 fusion_builder_column_1_1 1_1 fusion-flex-column\" style=\"--awb-bg-size:cover;--awb-width-large:100%;--awb-margin-top-large:0px;--awb-spacing-right-large:1.92%;--awb-margin-bottom-large:20px;--awb-spacing-left-large:1.92%;--awb-width-medium:100%;--awb-order-medium:0;--awb-spacing-right-medium:1.92%;--awb-spacing-left-medium:1.92%;--awb-width-small:100%;--awb-order-small:0;--awb-spacing-right-small:1.92%;--awb-spacing-left-small:1.92%;\"><div class=\"fusion-column-wrapper fusion-column-has-shadow fusion-flex-justify-content-flex-start fusion-content-layout-column\"><div class=\"fusion-text fusion-text-1\" style=\"--awb-text-transform:none;\"><p><span style=\"font-weight: 400;\">Julio con un fuerte calor, ideal para conocer a las abejas nativas, caracterizadas por no tener aguij\u00f3n habitan los bosques tropicales de Am\u00e9rica del Sur, alejadas de la urbanizaci\u00f3n, de los fuertes olores no provenientes de los bosques; como se sabe todas las abejas tienen un papel muy importante en el ecosistema: como es la polinizaci\u00f3n. Adem\u00e1s, producir uno de los tipos de miel m\u00e1s agradables y beneficiosa para la salud, que vienen siendo ofertas en mercados locales de las regiones de la Amazon\u00eda peruana, por todas estas cualidades la importancia de cuidarlas y protegerlas.<\/span><\/p>\n<\/div><\/div><\/div><div class=\"fusion-layout-column fusion_builder_column fusion-builder-column-1 fusion_builder_column_1_2 1_2 fusion-flex-column fusion-flex-align-self-center\" style=\"--awb-bg-size:cover;--awb-width-large:50%;--awb-margin-top-large:0px;--awb-spacing-right-large:3.84%;--awb-margin-bottom-large:20px;--awb-spacing-left-large:3.84%;--awb-width-medium:100%;--awb-order-medium:0;--awb-spacing-right-medium:1.92%;--awb-spacing-left-medium:1.92%;--awb-width-small:100%;--awb-order-small:0;--awb-spacing-right-small:1.92%;--awb-spacing-left-small:1.92%;\"><div class=\"fusion-column-wrapper fusion-column-has-shadow fusion-flex-justify-content-flex-start fusion-content-layout-column\"><div class=\"fusion-text fusion-text-2\" style=\"--awb-text-transform:none;\"><p><span style=\"font-weight: 400;\">Conociendo la importancia de las abejas nativas decidimos iniciar el proyecto de \u201cMiel-Meliponas\u201d, la cual busca poder implementar el manejo y cr\u00eda de estas abejas. Dicha pr\u00e1ctica conocida como Meliponicultura, con el objetivo de dar un valor a la conservaci\u00f3n de los bosques, con la venta de la miel que producen. La \u00e9poca de reproducci\u00f3n o divisi\u00f3n de colmenas se realiza en verano (sin lluvia) y la cosecha de la miel se realiza en \u00e9pocas secas de igual manera en verano ya que la temporada de lluvias aumenta el riesgo de plagas que desplacen a las abejas de sus nidos.<\/span><\/p>\n<\/div><\/div><\/div><div class=\"fusion-layout-column fusion_builder_column fusion-builder-column-2 fusion_builder_column_1_2 1_2 fusion-flex-column fusion-flex-align-self-center\" style=\"--awb-bg-size:cover;--awb-width-large:50%;--awb-margin-top-large:0px;--awb-spacing-right-large:3.84%;--awb-margin-bottom-large:20px;--awb-spacing-left-large:3.84%;--awb-width-medium:100%;--awb-order-medium:0;--awb-spacing-right-medium:1.92%;--awb-spacing-left-medium:1.92%;--awb-width-small:100%;--awb-order-small:0;--awb-spacing-right-small:1.92%;--awb-spacing-left-small:1.92%;\"><div class=\"fusion-column-wrapper fusion-column-has-shadow fusion-flex-justify-content-flex-start fusion-content-layout-column\"><div class=\"fusion-image-element \" style=\"text-align:center;--awb-caption-title-font-family:var(--h2_typography-font-family);--awb-caption-title-font-weight:var(--h2_typography-font-weight);--awb-caption-title-font-style:var(--h2_typography-font-style);--awb-caption-title-size:var(--h2_typography-font-size);--awb-caption-title-transform:var(--h2_typography-text-transform);--awb-caption-title-line-height:var(--h2_typography-line-height);--awb-caption-title-letter-spacing:var(--h2_typography-letter-spacing);\"><span class=\" fusion-imageframe imageframe-none imageframe-1 hover-type-none\"><a href=\"https:\/\/envol-vert.org\/wp-content\/uploads\/2022\/08\/Tingo-MariaMeliponas_Juillet2022-533x400.jpg\" class=\"fusion-lightbox\" data-rel=\"iLightbox[5a8c523239596d05587]\" data-title=\"[Tingo Maria]Meliponas_Juillet2022\" title=\"[Tingo Maria]Meliponas_Juillet2022\"><img decoding=\"async\" width=\"533\" height=\"400\" src=\"https:\/\/envol-vert.org\/wp-content\/uploads\/2022\/08\/Tingo-MariaMeliponas_Juillet2022-533x400.jpg\" alt class=\"img-responsive wp-image-44988\" srcset=\"https:\/\/envol-vert.org\/wp-content\/uploads\/2022\/08\/Tingo-MariaMeliponas_Juillet2022-200x150.jpg 200w, https:\/\/envol-vert.org\/wp-content\/uploads\/2022\/08\/Tingo-MariaMeliponas_Juillet2022-400x300.jpg 400w, https:\/\/envol-vert.org\/wp-content\/uploads\/2022\/08\/Tingo-MariaMeliponas_Juillet2022-600x450.jpg 600w, https:\/\/envol-vert.org\/wp-content\/uploads\/2022\/08\/Tingo-MariaMeliponas_Juillet2022.jpg 800w\" sizes=\"(max-width: 1024px) 100vw, (max-width: 640px) 100vw, 600px\" \/><\/a><\/span><\/div><\/div><\/div><div class=\"fusion-layout-column fusion_builder_column fusion-builder-column-3 fusion_builder_column_1_2 1_2 fusion-flex-column\" style=\"--awb-bg-size:cover;--awb-width-large:50%;--awb-margin-top-large:0px;--awb-spacing-right-large:3.84%;--awb-margin-bottom-large:20px;--awb-spacing-left-large:3.84%;--awb-width-medium:100%;--awb-order-medium:0;--awb-spacing-right-medium:1.92%;--awb-spacing-left-medium:1.92%;--awb-width-small:100%;--awb-order-small:0;--awb-spacing-right-small:1.92%;--awb-spacing-left-small:1.92%;\"><div class=\"fusion-column-wrapper fusion-column-has-shadow fusion-flex-justify-content-flex-start fusion-content-layout-column\"><div class=\"fusion-image-element \" style=\"text-align:center;--awb-caption-title-font-family:var(--h2_typography-font-family);--awb-caption-title-font-weight:var(--h2_typography-font-weight);--awb-caption-title-font-style:var(--h2_typography-font-style);--awb-caption-title-size:var(--h2_typography-font-size);--awb-caption-title-transform:var(--h2_typography-text-transform);--awb-caption-title-line-height:var(--h2_typography-line-height);--awb-caption-title-letter-spacing:var(--h2_typography-letter-spacing);\"><span class=\" fusion-imageframe imageframe-none imageframe-2 hover-type-none\"><img decoding=\"async\" width=\"533\" height=\"400\" title=\"[Tingo Maria]Miel-Meliponas_retratos_Juillet2022\" src=\"https:\/\/envol-vert.org\/wp-content\/uploads\/2022\/08\/Tingo-MariaMiel-Meliponas_retratos_Juillet2022-533x400.jpg\" alt class=\"img-responsive wp-image-44985\" srcset=\"https:\/\/envol-vert.org\/wp-content\/uploads\/2022\/08\/Tingo-MariaMiel-Meliponas_retratos_Juillet2022-200x150.jpg 200w, https:\/\/envol-vert.org\/wp-content\/uploads\/2022\/08\/Tingo-MariaMiel-Meliponas_retratos_Juillet2022-400x300.jpg 400w, https:\/\/envol-vert.org\/wp-content\/uploads\/2022\/08\/Tingo-MariaMiel-Meliponas_retratos_Juillet2022-600x450.jpg 600w, https:\/\/envol-vert.org\/wp-content\/uploads\/2022\/08\/Tingo-MariaMiel-Meliponas_retratos_Juillet2022.jpg 800w\" sizes=\"(max-width: 1024px) 100vw, (max-width: 640px) 100vw, 600px\" \/><\/span><\/div><\/div><\/div><div class=\"fusion-layout-column fusion_builder_column fusion-builder-column-4 fusion_builder_column_1_2 1_2 fusion-flex-column fusion-flex-align-self-center\" style=\"--awb-bg-size:cover;--awb-width-large:50%;--awb-margin-top-large:0px;--awb-spacing-right-large:3.84%;--awb-margin-bottom-large:20px;--awb-spacing-left-large:3.84%;--awb-width-medium:100%;--awb-order-medium:0;--awb-spacing-right-medium:1.92%;--awb-spacing-left-medium:1.92%;--awb-width-small:100%;--awb-order-small:0;--awb-spacing-right-small:1.92%;--awb-spacing-left-small:1.92%;\"><div class=\"fusion-column-wrapper fusion-column-has-shadow fusion-flex-justify-content-flex-start fusion-content-layout-column\"><div class=\"fusion-text fusion-text-3\" style=\"--awb-text-transform:none;\"><p><span style=\"font-weight: 400;\">Se realizaron visitas a los Centros poblados de trabajo como son Saipai, Anda, Jos\u00e9 Carlos Mariategui, Moyuna de Anda, donde se identificaron nidos de abejas en las paredes la casa de los agricultores, que nos sirven como indicador de que no habr\u00eda dificultad en implementar el proyecto, tambi\u00e9n, se obtuvo una respuesta asertiva por parte de los agricultores para realizar el proyecto.<\/span><\/p>\n<\/div><\/div><\/div><div class=\"fusion-layout-column fusion_builder_column fusion-builder-column-5 fusion_builder_column_1_2 1_2 fusion-flex-column fusion-flex-align-self-center\" style=\"--awb-bg-size:cover;--awb-width-large:50%;--awb-margin-top-large:0px;--awb-spacing-right-large:3.84%;--awb-margin-bottom-large:20px;--awb-spacing-left-large:3.84%;--awb-width-medium:100%;--awb-order-medium:0;--awb-spacing-right-medium:1.92%;--awb-spacing-left-medium:1.92%;--awb-width-small:100%;--awb-order-small:0;--awb-spacing-right-small:1.92%;--awb-spacing-left-small:1.92%;\"><div class=\"fusion-column-wrapper fusion-column-has-shadow fusion-flex-justify-content-flex-start fusion-content-layout-column\"><div class=\"fusion-text fusion-text-4\" style=\"--awb-text-transform:none;\"><p><span style=\"font-weight: 400;\">Para iniciar con el proyecto se espera crear un convenio con el Parque Nacional Tingo Mar\u00eda &#8211; PNTM, que ya han venido trabajando en meliponicultura con los agricultores que viven en la zona de amortiguamiento del \u00e1rea natural protegida, teniendo buenos resultados con su apoyo y el compromiso de los agricultores se espera trabajar juntos con el equipo de Envol Vert para lograr cumplir nuestro objetivo de conservaci\u00f3n de los bosques, evitar su degradaci\u00f3n y aprovechar los recursos de manera sostenible.<\/span><\/p>\n<\/div><\/div><\/div><div class=\"fusion-layout-column fusion_builder_column fusion-builder-column-6 fusion_builder_column_1_2 1_2 fusion-flex-column\" style=\"--awb-bg-size:cover;--awb-width-large:50%;--awb-margin-top-large:0px;--awb-spacing-right-large:3.84%;--awb-margin-bottom-large:20px;--awb-spacing-left-large:3.84%;--awb-width-medium:100%;--awb-order-medium:0;--awb-spacing-right-medium:1.92%;--awb-spacing-left-medium:1.92%;--awb-width-small:100%;--awb-order-small:0;--awb-spacing-right-small:1.92%;--awb-spacing-left-small:1.92%;\"><div class=\"fusion-column-wrapper fusion-column-has-shadow fusion-flex-justify-content-flex-start fusion-content-layout-column\"><div class=\"fusion-image-element \" style=\"text-align:center;--awb-caption-title-font-family:var(--h2_typography-font-family);--awb-caption-title-font-weight:var(--h2_typography-font-weight);--awb-caption-title-font-style:var(--h2_typography-font-style);--awb-caption-title-size:var(--h2_typography-font-size);--awb-caption-title-transform:var(--h2_typography-text-transform);--awb-caption-title-line-height:var(--h2_typography-line-height);--awb-caption-title-letter-spacing:var(--h2_typography-letter-spacing);\"><span class=\" fusion-imageframe imageframe-none imageframe-3 hover-type-none\"><img decoding=\"async\" width=\"533\" height=\"400\" title=\"[Tingo Maria]Miel-Meliponas_grupo_Juillet2022\" src=\"https:\/\/envol-vert.org\/wp-content\/uploads\/2022\/08\/Tingo-MariaMiel-Meliponas_grupo_Juillet2022-533x400.jpg\" alt class=\"img-responsive wp-image-44991\" srcset=\"https:\/\/envol-vert.org\/wp-content\/uploads\/2022\/08\/Tingo-MariaMiel-Meliponas_grupo_Juillet2022-200x150.jpg 200w, https:\/\/envol-vert.org\/wp-content\/uploads\/2022\/08\/Tingo-MariaMiel-Meliponas_grupo_Juillet2022-400x300.jpg 400w, https:\/\/envol-vert.org\/wp-content\/uploads\/2022\/08\/Tingo-MariaMiel-Meliponas_grupo_Juillet2022-600x450.jpg 600w, https:\/\/envol-vert.org\/wp-content\/uploads\/2022\/08\/Tingo-MariaMiel-Meliponas_grupo_Juillet2022.jpg 800w\" sizes=\"(max-width: 1024px) 100vw, (max-width: 640px) 100vw, 600px\" \/><\/span><\/div><\/div><\/div><div class=\"fusion-layout-column fusion_builder_column fusion-builder-column-7 fusion_builder_column_1_1 1_1 fusion-flex-column\" style=\"--awb-bg-size:cover;--awb-width-large:100%;--awb-margin-top-large:0px;--awb-spacing-right-large:1.92%;--awb-margin-bottom-large:20px;--awb-spacing-left-large:1.92%;--awb-width-medium:100%;--awb-order-medium:0;--awb-spacing-right-medium:1.92%;--awb-spacing-left-medium:1.92%;--awb-width-small:100%;--awb-order-small:0;--awb-spacing-right-small:1.92%;--awb-spacing-left-small:1.92%;\"><div class=\"fusion-column-wrapper fusion-column-has-shadow fusion-flex-justify-content-flex-start fusion-content-layout-column\"><div class=\"fusion-separator fusion-full-width-sep\" style=\"align-self: center;margin-left: auto;margin-right: auto;margin-top:1.5%;margin-bottom:1.5%;width:100%;\"><div class=\"fusion-separator-border sep-single sep-solid\" style=\"--awb-height:20px;--awb-amount:20px;--awb-sep-color:rgba(224,222,222,0);border-color:rgba(224,222,222,0);border-top-width:1px;\"><\/div><\/div><div class=\"fusion-text fusion-text-5\" style=\"--awb-text-transform:none;\"><p><span style=\"font-weight: 400;\">En conclusi\u00f3n, podemos afirmar que la crianza y manejo de las abejas nativas para aprovechamiento de su miel, es una buena alternativa econ\u00f3mica para los participantes, contribuyendo as\u00ed de manera directa a la conservaci\u00f3n de los bosques generando ingresos econ\u00f3micos.<\/span><\/p>\n<\/div><\/div><\/div><\/div><\/div>\n","protected":false},"excerpt":{"rendered":"","protected":false},"featured_media":44982,"template":"","fils_d_actu_categ":[1428],"class_list":["post-44995","fil_d_actu","type-fil_d_actu","status-publish","has-post-thumbnail","hentry","fils_d_actu_categ-programa-cafe-cacao-agroforestales"],"_links":{"self":[{"href":"https:\/\/envol-vert.org\/es\/wp-json\/wp\/v2\/fil_d_actu\/44995","targetHints":{"allow":["GET"]}}],"collection":[{"href":"https:\/\/envol-vert.org\/es\/wp-json\/wp\/v2\/fil_d_actu"}],"about":[{"href":"https:\/\/envol-vert.org\/es\/wp-json\/wp\/v2\/types\/fil_d_actu"}],"version-history":[{"count":0,"href":"https:\/\/envol-vert.org\/es\/wp-json\/wp\/v2\/fil_d_actu\/44995\/revisions"}],"wp:featuredmedia":[{"embeddable":true,"href":"https:\/\/envol-vert.org\/es\/wp-json\/wp\/v2\/media\/44982"}],"wp:attachment":[{"href":"https:\/\/envol-vert.org\/es\/wp-json\/wp\/v2\/media?parent=44995"}],"wp:term":[{"taxonomy":"fils_d_actu_categ","embeddable":true,"href":"https:\/\/envol-vert.org\/es\/wp-json\/wp\/v2\/fils_d_actu_categ?post=44995"}],"curies":[{"name":"wp","href":"https:\/\/api.w.org\/{rel}","templated":true}]}}