{"id":45932,"date":"2022-10-30T21:42:58","date_gmt":"2022-10-30T19:42:58","guid":{"rendered":"https:\/\/envol-vert.org\/?post_type=fil_d_actu&#038;p=45932"},"modified":"2022-10-30T21:42:58","modified_gmt":"2022-10-30T19:42:58","slug":"entre-canicula-y-sequias-de-verano-retroalimentacion-sobre-las-siembras-de-2021","status":"publish","type":"fil_d_actu","link":"https:\/\/envol-vert.org\/es\/act\/entre-canicula-y-sequias-de-verano-retroalimentacion-sobre-las-siembras-de-2021\/","title":{"rendered":"Entre can\u00edcula y sequias de verano \u2013 Retroalimentaci\u00f3n sobre las siembras de 2021"},"content":{"rendered":"<div class=\"fusion-fullwidth fullwidth-box fusion-builder-row-1 fusion-flex-container nonhundred-percent-fullwidth non-hundred-percent-height-scrolling\" style=\"--awb-border-radius-top-left:0px;--awb-border-radius-top-right:0px;--awb-border-radius-bottom-right:0px;--awb-border-radius-bottom-left:0px;--awb-flex-wrap:wrap;\" ><div class=\"fusion-builder-row fusion-row fusion-flex-align-items-flex-start fusion-flex-content-wrap\" style=\"max-width:1040px;margin-left: calc(-4% \/ 2 );margin-right: calc(-4% \/ 2 );\"><div class=\"fusion-layout-column fusion_builder_column fusion-builder-column-0 fusion_builder_column_1_1 1_1 fusion-flex-column\" style=\"--awb-bg-size:cover;--awb-width-large:100%;--awb-margin-top-large:0px;--awb-spacing-right-large:1.92%;--awb-margin-bottom-large:20px;--awb-spacing-left-large:1.92%;--awb-width-medium:100%;--awb-order-medium:0;--awb-spacing-right-medium:1.92%;--awb-spacing-left-medium:1.92%;--awb-width-small:100%;--awb-order-small:0;--awb-spacing-right-small:1.92%;--awb-spacing-left-small:1.92%;\"><div class=\"fusion-column-wrapper fusion-column-has-shadow fusion-flex-justify-content-flex-start fusion-content-layout-column\"><div class=\"fusion-text fusion-text-1\" style=\"--awb-text-transform:none;\"><p><span style=\"font-weight: 400;\">El mes de septiembre fue dedicado al seguimiento de las parcelas de los participantes del proyecto que sembraron durante el invierno 2021. A pesar de temperaturas particularmente elevadas en el departamento del Tarn, y de las sequias del verano, el seguimiento juicioso de los participantes del proyecto permiti\u00f3 limitar perdidas. Las siembras cuentan con una tasa de sobrevivencia que van del 55% al 98% seg\u00fan las parcelas, con una tasa promedia de 80%.<\/span><\/p>\n<p><span style=\"font-weight: 400;\">Varios elementos claves incidieron para el cuidado de los arboles sembrados. Cubrir el suelo de paja permiti\u00f3 conservar al m\u00e1ximo la frescura y la humedad en el suelo al nivel de las ra\u00edces de los \u00e1rboles. El riego y su frecuencia tambi\u00e9n tuvo influencia: los participantes que regaron 4 o 5 veces los arboles en el verano tuvieron mejores resultados. Parece tambi\u00e9n que el tama\u00f1o del hoyo de plantaci\u00f3n tuvo: la tierra menos compactada al lado de las ra\u00edces conserv\u00f3 mejor el agua.\u00a0<\/span><\/p>\n<p><span style=\"font-weight: 400;\">Por otro lugar, se observa este a\u00f1o en el Tarn una proliferaci\u00f3n importante de ratones de campo que comen las ra\u00edces de los arboles juveniles y pueden ocasionar sur muerte. Se identifica tambi\u00e9n presencia del insecto Stictocephala bisonia que se nutre de la sabia de los \u00e1rboles y generan retrasos de crecimiento, aunque no sea letal para el \u00e1rbol.\u00a0<\/span><\/p>\n<\/div><div class=\"fusion-image-element \" style=\"text-align:center;--awb-margin-bottom:3%;--awb-caption-title-font-family:var(--h2_typography-font-family);--awb-caption-title-font-weight:var(--h2_typography-font-weight);--awb-caption-title-font-style:var(--h2_typography-font-style);--awb-caption-title-size:var(--h2_typography-font-size);--awb-caption-title-transform:var(--h2_typography-text-transform);--awb-caption-title-line-height:var(--h2_typography-line-height);--awb-caption-title-letter-spacing:var(--h2_typography-letter-spacing);\"><span class=\" fusion-imageframe imageframe-none imageframe-1 hover-type-none\"><img decoding=\"async\" width=\"533\" height=\"400\" title=\"APMA_VisiteNathalie_septembre2022@Axel Boyon_web\" src=\"https:\/\/envol-vert.org\/wp-content\/uploads\/2022\/10\/APMA_VisiteNathalie_septembre2022@Axel-Boyon_web-533x400.jpg\" alt class=\"img-responsive wp-image-45929\" srcset=\"https:\/\/envol-vert.org\/wp-content\/uploads\/2022\/10\/APMA_VisiteNathalie_septembre2022@Axel-Boyon_web-200x150.jpg 200w, https:\/\/envol-vert.org\/wp-content\/uploads\/2022\/10\/APMA_VisiteNathalie_septembre2022@Axel-Boyon_web-400x300.jpg 400w, https:\/\/envol-vert.org\/wp-content\/uploads\/2022\/10\/APMA_VisiteNathalie_septembre2022@Axel-Boyon_web-600x450.jpg 600w, https:\/\/envol-vert.org\/wp-content\/uploads\/2022\/10\/APMA_VisiteNathalie_septembre2022@Axel-Boyon_web.jpg 800w\" sizes=\"(max-width: 1024px) 100vw, (max-width: 640px) 100vw, 533px\" \/><\/span><\/div><div class=\"fusion-text fusion-text-2\" style=\"--awb-text-transform:none;\"><p><span style=\"font-weight: 400;\">En ultimo lugar, la ubicaci\u00f3n de los arboles sembrados tuvo mucha influencia: es mucho m\u00e1s f\u00e1cil mantener arboles sembrados en zonas ya arborizadas. En el medio una pradera o una parcela de siembra, el arbolito padece del viento y las quemas del sol y tiene que competir con las gram\u00edneas para los nutrientes del suelo. Sin embargo, su presencia en pradera y campo abierto es donde mas lo necesitamos. Son estos arboles que en pocos a\u00f1os podr\u00e1n proteger a los cultivos de extremas clim\u00e1ticos tales como las can\u00edculas y heladas y que contribuir\u00e1n a restaurar biodiversidad en las parcelas.\u00a0<\/span><\/p>\n<p><span style=\"font-weight: 400;\">As\u00ed, restaurar parcelas agr\u00edcolas y sus suelos gracias a los \u00e1rboles se volver\u00e1 cada d\u00eda m\u00e1s dif\u00edcil por los efectos del cambio clim\u00e1tico que van aumentando. \u00a1No esperemos m\u00e1s para sembrar!<\/span><\/p>\n<\/div><\/div><\/div><\/div><\/div>\n","protected":false},"excerpt":{"rendered":"","protected":false},"featured_media":45926,"template":"","fils_d_actu_categ":[1426],"class_list":["post-45932","fil_d_actu","type-fil_d_actu","status-publish","has-post-thumbnail","hentry","fils_d_actu_categ-au-pre-de-mes-arbres-tarn-es"],"_links":{"self":[{"href":"https:\/\/envol-vert.org\/es\/wp-json\/wp\/v2\/fil_d_actu\/45932","targetHints":{"allow":["GET"]}}],"collection":[{"href":"https:\/\/envol-vert.org\/es\/wp-json\/wp\/v2\/fil_d_actu"}],"about":[{"href":"https:\/\/envol-vert.org\/es\/wp-json\/wp\/v2\/types\/fil_d_actu"}],"version-history":[{"count":0,"href":"https:\/\/envol-vert.org\/es\/wp-json\/wp\/v2\/fil_d_actu\/45932\/revisions"}],"wp:featuredmedia":[{"embeddable":true,"href":"https:\/\/envol-vert.org\/es\/wp-json\/wp\/v2\/media\/45926"}],"wp:attachment":[{"href":"https:\/\/envol-vert.org\/es\/wp-json\/wp\/v2\/media?parent=45932"}],"wp:term":[{"taxonomy":"fils_d_actu_categ","embeddable":true,"href":"https:\/\/envol-vert.org\/es\/wp-json\/wp\/v2\/fils_d_actu_categ?post=45932"}],"curies":[{"name":"wp","href":"https:\/\/api.w.org\/{rel}","templated":true}]}}