{"id":46367,"date":"2022-10-25T22:45:59","date_gmt":"2022-10-25T20:45:59","guid":{"rendered":"https:\/\/envol-vert.org\/?post_type=fil_d_actu&#038;p=46367"},"modified":"2022-12-25T22:48:20","modified_gmt":"2022-12-25T20:48:20","slug":"importancia-de-las-pasantias-en-fincas-modelos-como-la-de-don-victor","status":"publish","type":"fil_d_actu","link":"https:\/\/envol-vert.org\/es\/act\/importancia-de-las-pasantias-en-fincas-modelos-como-la-de-don-victor\/","title":{"rendered":"Importancia de las pasant\u00edas en fincas modelos, como la de Don Victor"},"content":{"rendered":"<div class=\"fusion-fullwidth fullwidth-box fusion-builder-row-1 fusion-flex-container nonhundred-percent-fullwidth non-hundred-percent-height-scrolling\" style=\"--awb-border-radius-top-left:0px;--awb-border-radius-top-right:0px;--awb-border-radius-bottom-right:0px;--awb-border-radius-bottom-left:0px;--awb-flex-wrap:wrap;\" ><div class=\"fusion-builder-row fusion-row fusion-flex-align-items-flex-start fusion-flex-content-wrap\" style=\"max-width:1040px;margin-left: calc(-4% \/ 2 );margin-right: calc(-4% \/ 2 );\"><div class=\"fusion-layout-column fusion_builder_column fusion-builder-column-0 fusion_builder_column_1_1 1_1 fusion-flex-column\" style=\"--awb-bg-size:cover;--awb-width-large:100%;--awb-margin-top-large:0px;--awb-spacing-right-large:1.92%;--awb-margin-bottom-large:20px;--awb-spacing-left-large:1.92%;--awb-width-medium:100%;--awb-order-medium:0;--awb-spacing-right-medium:1.92%;--awb-spacing-left-medium:1.92%;--awb-width-small:100%;--awb-order-small:0;--awb-spacing-right-small:1.92%;--awb-spacing-left-small:1.92%;\"><div class=\"fusion-column-wrapper fusion-column-has-shadow fusion-flex-justify-content-flex-start fusion-content-layout-column\"><div class=\"fusion-text fusion-text-1\" style=\"--awb-text-transform:none;\"><p><span style=\"font-weight: 400;\">A mediados de septiembre se realiz\u00f3 la tercera pasant\u00eda del periodo 2022 del <a href=\"https:\/\/envol-vert.org\/es\/pro\/programa-cafe-cacao-agroforesteria-peru\/\">Programa Caf\u00e9 Pichanaki<\/a>. El lugar elegido fue la parcela del Sr: Victor Macetas en Buena Vista (Pichanaki). En el que participaron los centros poblados de Pampa Az\u00e1ngaro Huerto y Villa Sol que hicieron un total de 30 personas entre adultos j\u00f3venes y ni\u00f1os.<\/span><\/p>\n<p><span style=\"font-weight: 400;\">Esta pasant\u00eda tuvo un enfoque diferente ya que se aplic\u00f3 las ense\u00f1anzas de los Talleres de Liderazgo Comunitarios. Es por eso que en este espacio m\u00e1s all\u00e1 de los aprendizajes t\u00e9cnicos sobre la agroforester\u00eda con caf\u00e9, vivimos momentos de intercambios de nuestra visi\u00f3n com\u00fan para un futuro sostenible. Esto permiti\u00f3 una mayor apertura de los participantes para poder consultar sus dudas y dejar plasmadas sus esperanzas en el dibujo que realizaron de su proyecci\u00f3n a futuro (imaginizaci\u00f3n) <\/span><\/p>\n<\/div><div class=\"fusion-text fusion-text-2\" style=\"--awb-text-transform:none;\"><p><span style=\"font-weight: 400;\">Al final de la jornada, se pudo notar una gran emoci\u00f3n de parte de los participantes. Tanto en cuanto al involucramiento de Don Victor, due\u00f1o de la parcela, para la reforestaci\u00f3n que para la autenticidad de su lucha, dedicada al bienestar de las pr\u00f3ximas generaciones y al respeto de la naturaleza: <\/span><\/p>\n<blockquote>\n<p><span style=\"font-weight: 400;\">\u201cTenemos solamente una vida, que huella queremos dejar?\u201d. <\/span><\/p>\n<\/blockquote>\n<p><span style=\"font-weight: 400;\">Adem\u00e1s, insisti\u00f3 sobre la importancia de este tipo de pasant\u00eda. <\/span><\/p>\n<blockquote>\n<p><span style=\"font-weight: 400;\">\u00abYo mismo fui inspirado y motivado por una pasant\u00eda en una finca modelo hace 10 a\u00f1os.\u00bb<\/span><\/p>\n<p><span style=\"font-weight: 400;\">\u00abHe empezado a sembrar \u00e1rboles a los 50 a\u00f1os.\u00bb<\/span><\/p>\n<\/blockquote>\n<\/div><div class=\"fusion-text fusion-text-3\" style=\"--awb-text-transform:none;\"><p><span style=\"font-weight: 400;\">Don Victor nos cont\u00f3 tambi\u00e9n las grandes dificultades que encontr\u00f3 en el camino, nos habl\u00f3 sin filtro de \u201clo bueno y lo malo\u201d. Nos demostr\u00f3 por ejemplo la importancia de diversificar sus parcelas y mantener un equilibrio econ\u00f3mico con varias fuentes de ingreso (no solamente \u00e1rboles). Invit\u00f3 a los participantes a aprovechar la presencia de Envol Vert para desarrollar su proyecto agroforestal en las mejores condiciones. Es por ello que las pasant\u00edas son una herramienta muy poderosa para inspirar a los participantes con nuevas pr\u00e1cticas y animarles a perseverar en su hermoso trabajo de reforestaci\u00f3n o conservaci\u00f3n.<\/span><\/p>\n<\/div><\/div><\/div><\/div><\/div>\n","protected":false},"excerpt":{"rendered":"","protected":false},"featured_media":46362,"template":"","fils_d_actu_categ":[1428],"class_list":["post-46367","fil_d_actu","type-fil_d_actu","status-publish","has-post-thumbnail","hentry","fils_d_actu_categ-programa-cafe-cacao-agroforestales"],"_links":{"self":[{"href":"https:\/\/envol-vert.org\/es\/wp-json\/wp\/v2\/fil_d_actu\/46367","targetHints":{"allow":["GET"]}}],"collection":[{"href":"https:\/\/envol-vert.org\/es\/wp-json\/wp\/v2\/fil_d_actu"}],"about":[{"href":"https:\/\/envol-vert.org\/es\/wp-json\/wp\/v2\/types\/fil_d_actu"}],"version-history":[{"count":0,"href":"https:\/\/envol-vert.org\/es\/wp-json\/wp\/v2\/fil_d_actu\/46367\/revisions"}],"wp:featuredmedia":[{"embeddable":true,"href":"https:\/\/envol-vert.org\/es\/wp-json\/wp\/v2\/media\/46362"}],"wp:attachment":[{"href":"https:\/\/envol-vert.org\/es\/wp-json\/wp\/v2\/media?parent=46367"}],"wp:term":[{"taxonomy":"fils_d_actu_categ","embeddable":true,"href":"https:\/\/envol-vert.org\/es\/wp-json\/wp\/v2\/fils_d_actu_categ?post=46367"}],"curies":[{"name":"wp","href":"https:\/\/api.w.org\/{rel}","templated":true}]}}