{"id":46371,"date":"2022-09-25T23:31:53","date_gmt":"2022-09-25T21:31:53","guid":{"rendered":"https:\/\/envol-vert.org\/?post_type=fil_d_actu&#038;p=46371"},"modified":"2023-01-20T01:25:44","modified_gmt":"2023-01-19T23:25:44","slug":"la-fiesta-del-guaimaro-llego-a-becerril-cesar-para-dar-a-conocer-la-abundancia-del-bosque-seco-tropical","status":"publish","type":"fil_d_actu","link":"https:\/\/envol-vert.org\/es\/act\/la-fiesta-del-guaimaro-llego-a-becerril-cesar-para-dar-a-conocer-la-abundancia-del-bosque-seco-tropical\/","title":{"rendered":"La Fiesta del Gu\u00e1imaro lleg\u00f3 a Becerril"},"content":{"rendered":"<div class=\"fusion-fullwidth fullwidth-box fusion-builder-row-1 fusion-flex-container nonhundred-percent-fullwidth non-hundred-percent-height-scrolling\" style=\"--awb-border-radius-top-left:0px;--awb-border-radius-top-right:0px;--awb-border-radius-bottom-right:0px;--awb-border-radius-bottom-left:0px;--awb-flex-wrap:wrap;\" ><div class=\"fusion-builder-row fusion-row fusion-flex-align-items-flex-start fusion-flex-content-wrap\" style=\"max-width:1040px;margin-left: calc(-4% \/ 2 );margin-right: calc(-4% \/ 2 );\"><div class=\"fusion-layout-column fusion_builder_column fusion-builder-column-0 fusion_builder_column_1_1 1_1 fusion-flex-column\" style=\"--awb-bg-size:cover;--awb-width-large:100%;--awb-margin-top-large:0px;--awb-spacing-right-large:1.92%;--awb-margin-bottom-large:20px;--awb-spacing-left-large:1.92%;--awb-width-medium:100%;--awb-order-medium:0;--awb-spacing-right-medium:1.92%;--awb-spacing-left-medium:1.92%;--awb-width-small:100%;--awb-order-small:0;--awb-spacing-right-small:1.92%;--awb-spacing-left-small:1.92%;\"><div class=\"fusion-column-wrapper fusion-column-has-shadow fusion-flex-justify-content-flex-start fusion-content-layout-column\"><div class=\"fusion-text fusion-text-1\" style=\"--awb-text-transform:none;\"><p><strong><span style=\"color: #076633;\"><i>El gu\u00e1imaro (Brosimum alicastrum) es un \u00e1rbol nativo de Am\u00e9rica tropical. En Colombia est\u00e1 presente en la costa caribe y por su contenido nutricional su semilla es usada ancestralmente por comunidades ind\u00edgenas y campesinas para la preparaci\u00f3n de alimentos.<\/i><\/span><\/strong><\/p>\n<\/div><div class=\"fusion-text fusion-text-2\" style=\"--awb-text-transform:none;\"><p><span style=\"font-weight: 400;\">La Fiesta del Gu\u00e1imaro se realiza desde el 2017 en diferentes municipios de la regi\u00f3n caribe colombiana como <a href=\"https:\/\/envol-vert.org\/es\/act\/1era-edicion-de-la-fiesta-del-guaimaro-en-ovejas\/\">Ovejas<\/a> y <a href=\"https:\/\/envol-vert.org\/es\/actualidades\/2017\/04\/el-festrival-del-guaimaro-de-y-para-los-limites\/\">Los L\u00edmites<\/a>, y en esta ocasi\u00f3n, lleg\u00f3 a Becerril con una programaci\u00f3n que invit\u00f3 a conocer el bosque.<\/span><\/p>\n<\/div><div class=\"fusion-separator fusion-full-width-sep\" style=\"align-self: center;margin-left: auto;margin-right: auto;margin-bottom:3%;width:100%;\"><div class=\"fusion-separator-border sep-single sep-solid\" style=\"--awb-height:20px;--awb-amount:20px;border-color:#e0dede;border-top-width:0px;\"><\/div><\/div><div class=\"fusion-image-element\" style=\"text-align:center;--awb-caption-title-font-family:var(--h2_typography-font-family);--awb-caption-title-font-weight:var(--h2_typography-font-weight);--awb-caption-title-font-style:var(--h2_typography-font-style);--awb-caption-title-size:var(--h2_typography-font-size);--awb-caption-title-transform:var(--h2_typography-text-transform);--awb-caption-title-line-height:var(--h2_typography-line-height);--awb-caption-title-letter-spacing:var(--h2_typography-letter-spacing);\"><span class=\" fusion-imageframe imageframe-none imageframe-1 hover-type-none\"><img decoding=\"async\" width=\"533\" height=\"400\" title=\"[Fiesta del Gu\u00e1imaro]_Apertura de la fiesta_Becerril, Cesar_27-11-2022_Ph Juan Carlos Valencia (8)_web\" src=\"https:\/\/envol-vert.org\/wp-content\/uploads\/2022\/12\/Fiesta-del-Guaimaro_Apertura-de-la-fiesta_Becerril-Cesar_27-11-2022_Ph-Juan-Carlos-Valencia-8_web-533x400.jpg\" alt class=\"img-responsive wp-image-46376\" srcset=\"https:\/\/envol-vert.org\/wp-content\/uploads\/2022\/12\/Fiesta-del-Guaimaro_Apertura-de-la-fiesta_Becerril-Cesar_27-11-2022_Ph-Juan-Carlos-Valencia-8_web-200x150.jpg 200w, https:\/\/envol-vert.org\/wp-content\/uploads\/2022\/12\/Fiesta-del-Guaimaro_Apertura-de-la-fiesta_Becerril-Cesar_27-11-2022_Ph-Juan-Carlos-Valencia-8_web-400x300.jpg 400w, https:\/\/envol-vert.org\/wp-content\/uploads\/2022\/12\/Fiesta-del-Guaimaro_Apertura-de-la-fiesta_Becerril-Cesar_27-11-2022_Ph-Juan-Carlos-Valencia-8_web-600x450.jpg 600w, https:\/\/envol-vert.org\/wp-content\/uploads\/2022\/12\/Fiesta-del-Guaimaro_Apertura-de-la-fiesta_Becerril-Cesar_27-11-2022_Ph-Juan-Carlos-Valencia-8_web.jpg 800w\" sizes=\"(max-width: 1024px) 100vw, (max-width: 640px) 100vw, 533px\" \/><\/span><\/div><div class=\"fusion-text fusion-text-3\" style=\"--awb-text-transform:none;\"><p style=\"text-align: center;\"><em><span style=\"font-weight: 400;\">Palabras de apertura de la Fiesta del Gu\u00e1imaro<br \/>\npor parte de don Germ\u00e1n de la vereda R\u00edo Maracas.<\/span><\/em><\/p>\n<\/div><div class=\"fusion-separator fusion-full-width-sep\" style=\"align-self: center;margin-left: auto;margin-right: auto;margin-bottom:3%;width:100%;\"><div class=\"fusion-separator-border sep-single sep-solid\" style=\"--awb-height:20px;--awb-amount:20px;border-color:#e0dede;border-top-width:0px;\"><\/div><\/div><div class=\"fusion-text fusion-text-4\" style=\"--awb-text-transform:none;\"><p><span style=\"font-weight: 400;\">Con este evento se busca exaltar la riqueza de los ecosistemas de la regi\u00f3n y dar a conocer los diversos usos en la gastronom\u00eda y la cultura popular de algunas especies de \u00e1rboles como el gu\u00e1imaro, el orejero, el camaj\u00f3n y el achiote. De esta forma se fomenta la protecci\u00f3n de los conocimientos ancestrales respecto a recetas, usos e identificaci\u00f3n de especies silvestres del <a href=\"https:\/\/envol-vert.org\/es\/pro\/programa-bosques-secos-colombia\/\">Bosque Seco Tropical<\/a> mientras se genera sensibilizaci\u00f3n para la conservaci\u00f3n de este valioso ecosistema. <\/span><\/p>\n<\/div><\/div><\/div><div class=\"fusion-layout-column fusion_builder_column fusion-builder-column-1 fusion_builder_column_1_3 1_3 fusion-flex-column\" style=\"--awb-bg-size:cover;--awb-width-large:33.333333333333%;--awb-margin-top-large:0px;--awb-spacing-right-large:5.76%;--awb-margin-bottom-large:20px;--awb-spacing-left-large:5.76%;--awb-width-medium:100%;--awb-order-medium:0;--awb-spacing-right-medium:1.92%;--awb-spacing-left-medium:1.92%;--awb-width-small:100%;--awb-order-small:0;--awb-spacing-right-small:1.92%;--awb-spacing-left-small:1.92%;\"><div class=\"fusion-column-wrapper fusion-column-has-shadow fusion-flex-justify-content-flex-start fusion-content-layout-column\"><div class=\"fusion-separator fusion-full-width-sep\" style=\"align-self: center;margin-left: auto;margin-right: auto;margin-bottom:3%;width:100%;\"><div class=\"fusion-separator-border sep-single sep-solid\" style=\"--awb-height:20px;--awb-amount:20px;border-color:#e0dede;border-top-width:0px;\"><\/div><\/div><div class=\"fusion-image-element\" style=\"text-align:center;--awb-caption-title-font-family:var(--h2_typography-font-family);--awb-caption-title-font-weight:var(--h2_typography-font-weight);--awb-caption-title-font-style:var(--h2_typography-font-style);--awb-caption-title-size:var(--h2_typography-font-size);--awb-caption-title-transform:var(--h2_typography-text-transform);--awb-caption-title-line-height:var(--h2_typography-line-height);--awb-caption-title-letter-spacing:var(--h2_typography-letter-spacing);\"><span class=\" fusion-imageframe imageframe-none imageframe-2 hover-type-none\"><img decoding=\"async\" width=\"533\" height=\"400\" title=\"[Fiesta del Gu\u00e1imaro]_Plato 1, salsa de uvita de lata_Bactris guineensis_Becerril, Cesar_27-11-2022_Ph Juan Carlos Valencia (28)_web\" src=\"https:\/\/envol-vert.org\/wp-content\/uploads\/2022\/12\/Fiesta-del-Guaimaro_Plato-1-salsa-de-uvita-de-lata_Bactris-guineensis_Becerril-Cesar_27-11-2022_Ph-Juan-Carlos-Valencia-28_web-533x400.jpg\" alt class=\"img-responsive wp-image-46380\" srcset=\"https:\/\/envol-vert.org\/wp-content\/uploads\/2022\/12\/Fiesta-del-Guaimaro_Plato-1-salsa-de-uvita-de-lata_Bactris-guineensis_Becerril-Cesar_27-11-2022_Ph-Juan-Carlos-Valencia-28_web-200x150.jpg 200w, https:\/\/envol-vert.org\/wp-content\/uploads\/2022\/12\/Fiesta-del-Guaimaro_Plato-1-salsa-de-uvita-de-lata_Bactris-guineensis_Becerril-Cesar_27-11-2022_Ph-Juan-Carlos-Valencia-28_web-400x300.jpg 400w, https:\/\/envol-vert.org\/wp-content\/uploads\/2022\/12\/Fiesta-del-Guaimaro_Plato-1-salsa-de-uvita-de-lata_Bactris-guineensis_Becerril-Cesar_27-11-2022_Ph-Juan-Carlos-Valencia-28_web-600x450.jpg 600w, https:\/\/envol-vert.org\/wp-content\/uploads\/2022\/12\/Fiesta-del-Guaimaro_Plato-1-salsa-de-uvita-de-lata_Bactris-guineensis_Becerril-Cesar_27-11-2022_Ph-Juan-Carlos-Valencia-28_web.jpg 800w\" sizes=\"(max-width: 1024px) 100vw, (max-width: 640px) 100vw, 400px\" \/><\/span><\/div><div class=\"fusion-text fusion-text-5\" style=\"--awb-text-transform:none;\"><p style=\"text-align: center;\"><em><span style=\"font-weight: 400;\">Salsa elaborada con el fruto de una palma nativa llamada uvita de lata<br \/>\n(<a href=\"https:\/\/es.wikipedia.org\/wiki\/Bactris\">Bactris<\/a> guineensis).<\/span><\/em><\/p>\n<\/div><div class=\"fusion-separator fusion-full-width-sep\" style=\"align-self: center;margin-left: auto;margin-right: auto;margin-bottom:3%;width:100%;\"><div class=\"fusion-separator-border sep-single sep-solid\" style=\"--awb-height:20px;--awb-amount:20px;border-color:#e0dede;border-top-width:0px;\"><\/div><\/div><\/div><\/div><div class=\"fusion-layout-column fusion_builder_column fusion-builder-column-2 fusion_builder_column_1_3 1_3 fusion-flex-column\" style=\"--awb-bg-size:cover;--awb-width-large:33.333333333333%;--awb-margin-top-large:0px;--awb-spacing-right-large:5.76%;--awb-margin-bottom-large:20px;--awb-spacing-left-large:5.76%;--awb-width-medium:100%;--awb-order-medium:0;--awb-spacing-right-medium:1.92%;--awb-spacing-left-medium:1.92%;--awb-width-small:100%;--awb-order-small:0;--awb-spacing-right-small:1.92%;--awb-spacing-left-small:1.92%;\"><div class=\"fusion-column-wrapper fusion-column-has-shadow fusion-flex-justify-content-flex-start fusion-content-layout-column\"><div class=\"fusion-separator fusion-full-width-sep\" style=\"align-self: center;margin-left: auto;margin-right: auto;margin-bottom:3%;width:100%;\"><div class=\"fusion-separator-border sep-single sep-solid\" style=\"--awb-height:20px;--awb-amount:20px;border-color:#e0dede;border-top-width:0px;\"><\/div><\/div><div class=\"fusion-image-element\" style=\"text-align:center;--awb-caption-title-font-family:var(--h2_typography-font-family);--awb-caption-title-font-weight:var(--h2_typography-font-weight);--awb-caption-title-font-style:var(--h2_typography-font-style);--awb-caption-title-size:var(--h2_typography-font-size);--awb-caption-title-transform:var(--h2_typography-text-transform);--awb-caption-title-line-height:var(--h2_typography-line-height);--awb-caption-title-letter-spacing:var(--h2_typography-letter-spacing);\"><span class=\" fusion-imageframe imageframe-none imageframe-3 hover-type-none\"><img decoding=\"async\" width=\"533\" height=\"400\" title=\"[Fiesta del Gu\u00e1imaro]_Torta de camaj\u00f3n_Becerril, Cesar_27-11-2022_Ph Juan Carlos Valencia (19)_web\" src=\"https:\/\/envol-vert.org\/wp-content\/uploads\/2022\/12\/Fiesta-del-Guaimaro_Torta-de-camajon_Becerril-Cesar_27-11-2022_Ph-Juan-Carlos-Valencia-19_web-533x400.jpg\" alt class=\"img-responsive wp-image-46386\" srcset=\"https:\/\/envol-vert.org\/wp-content\/uploads\/2022\/12\/Fiesta-del-Guaimaro_Torta-de-camajon_Becerril-Cesar_27-11-2022_Ph-Juan-Carlos-Valencia-19_web-200x150.jpg 200w, https:\/\/envol-vert.org\/wp-content\/uploads\/2022\/12\/Fiesta-del-Guaimaro_Torta-de-camajon_Becerril-Cesar_27-11-2022_Ph-Juan-Carlos-Valencia-19_web-400x300.jpg 400w, https:\/\/envol-vert.org\/wp-content\/uploads\/2022\/12\/Fiesta-del-Guaimaro_Torta-de-camajon_Becerril-Cesar_27-11-2022_Ph-Juan-Carlos-Valencia-19_web-600x450.jpg 600w, https:\/\/envol-vert.org\/wp-content\/uploads\/2022\/12\/Fiesta-del-Guaimaro_Torta-de-camajon_Becerril-Cesar_27-11-2022_Ph-Juan-Carlos-Valencia-19_web.jpg 800w\" sizes=\"(max-width: 1024px) 100vw, (max-width: 640px) 100vw, 400px\" \/><\/span><\/div><div class=\"fusion-text fusion-text-6\" style=\"--awb-text-transform:none;\"><p style=\"text-align: center;\"><em><span style=\"font-weight: 400;\">Torta elaborada con las semillas de un \u00e1rbol del bosque seco <\/span><\/em><em><span style=\"font-weight: 400;\">llamado camaj\u00f3n<br \/>\n(<a href=\"https:\/\/es.wikipedia.org\/wiki\/Sterculia_apetala\">Sterculia apetala<\/a>).<br \/>\n<\/span><\/em><\/p>\n<\/div><div class=\"fusion-separator fusion-full-width-sep\" style=\"align-self: center;margin-left: auto;margin-right: auto;margin-bottom:3%;width:100%;\"><div class=\"fusion-separator-border sep-single sep-solid\" style=\"--awb-height:20px;--awb-amount:20px;border-color:#e0dede;border-top-width:0px;\"><\/div><\/div><\/div><\/div><div class=\"fusion-layout-column fusion_builder_column fusion-builder-column-3 fusion_builder_column_1_3 1_3 fusion-flex-column\" style=\"--awb-bg-size:cover;--awb-width-large:33.333333333333%;--awb-margin-top-large:0px;--awb-spacing-right-large:5.76%;--awb-margin-bottom-large:20px;--awb-spacing-left-large:5.76%;--awb-width-medium:100%;--awb-order-medium:0;--awb-spacing-right-medium:1.92%;--awb-spacing-left-medium:1.92%;--awb-width-small:100%;--awb-order-small:0;--awb-spacing-right-small:1.92%;--awb-spacing-left-small:1.92%;\"><div class=\"fusion-column-wrapper fusion-column-has-shadow fusion-flex-justify-content-flex-start fusion-content-layout-column\"><div class=\"fusion-separator fusion-full-width-sep\" style=\"align-self: center;margin-left: auto;margin-right: auto;margin-bottom:3%;width:100%;\"><div class=\"fusion-separator-border sep-single sep-solid\" style=\"--awb-height:20px;--awb-amount:20px;border-color:#e0dede;border-top-width:0px;\"><\/div><\/div><div class=\"fusion-image-element\" style=\"text-align:center;--awb-caption-title-font-family:var(--h2_typography-font-family);--awb-caption-title-font-weight:var(--h2_typography-font-weight);--awb-caption-title-font-style:var(--h2_typography-font-style);--awb-caption-title-size:var(--h2_typography-font-size);--awb-caption-title-transform:var(--h2_typography-text-transform);--awb-caption-title-line-height:var(--h2_typography-line-height);--awb-caption-title-letter-spacing:var(--h2_typography-letter-spacing);\"><span class=\" fusion-imageframe imageframe-none imageframe-4 hover-type-none\"><img decoding=\"async\" width=\"533\" height=\"400\" title=\"[Fiesta del Gu\u00e1imaro]_Ensalada de gu\u00e1imaro_Becerril, Cesar_27-11-2022_Ph Juan Carlos Valencia (38)_web\" src=\"https:\/\/envol-vert.org\/wp-content\/uploads\/2022\/12\/Fiesta-del-Guaimaro_Ensalada-de-guaimaro_Becerril-Cesar_27-11-2022_Ph-Juan-Carlos-Valencia-38_web-533x400.jpg\" alt class=\"img-responsive wp-image-46383\" srcset=\"https:\/\/envol-vert.org\/wp-content\/uploads\/2022\/12\/Fiesta-del-Guaimaro_Ensalada-de-guaimaro_Becerril-Cesar_27-11-2022_Ph-Juan-Carlos-Valencia-38_web-200x150.jpg 200w, https:\/\/envol-vert.org\/wp-content\/uploads\/2022\/12\/Fiesta-del-Guaimaro_Ensalada-de-guaimaro_Becerril-Cesar_27-11-2022_Ph-Juan-Carlos-Valencia-38_web-400x300.jpg 400w, https:\/\/envol-vert.org\/wp-content\/uploads\/2022\/12\/Fiesta-del-Guaimaro_Ensalada-de-guaimaro_Becerril-Cesar_27-11-2022_Ph-Juan-Carlos-Valencia-38_web-600x450.jpg 600w, https:\/\/envol-vert.org\/wp-content\/uploads\/2022\/12\/Fiesta-del-Guaimaro_Ensalada-de-guaimaro_Becerril-Cesar_27-11-2022_Ph-Juan-Carlos-Valencia-38_web.jpg 800w\" sizes=\"(max-width: 1024px) 100vw, (max-width: 640px) 100vw, 400px\" \/><\/span><\/div><div class=\"fusion-text fusion-text-7\" style=\"--awb-text-transform:none;\"><p style=\"text-align: center;\"><em><span style=\"font-weight: 400;\">Ensalada con vegetales y semillas de gu\u00e1imaro (<a href=\"https:\/\/es.wikipedia.org\/wiki\/Brosimum_alicastrum\">Brosimum alicastrum<\/a>).<br \/>\n<\/span><\/em><\/p>\n<\/div><div class=\"fusion-separator fusion-full-width-sep\" style=\"align-self: center;margin-left: auto;margin-right: auto;margin-bottom:3%;width:100%;\"><div class=\"fusion-separator-border sep-single sep-solid\" style=\"--awb-height:20px;--awb-amount:20px;border-color:#e0dede;border-top-width:0px;\"><\/div><\/div><\/div><\/div><div class=\"fusion-layout-column fusion_builder_column fusion-builder-column-4 fusion_builder_column_1_1 1_1 fusion-flex-column\" style=\"--awb-bg-size:cover;--awb-width-large:100%;--awb-margin-top-large:0px;--awb-spacing-right-large:1.92%;--awb-margin-bottom-large:20px;--awb-spacing-left-large:1.92%;--awb-width-medium:100%;--awb-order-medium:0;--awb-spacing-right-medium:1.92%;--awb-spacing-left-medium:1.92%;--awb-width-small:100%;--awb-order-small:0;--awb-spacing-right-small:1.92%;--awb-spacing-left-small:1.92%;\"><div class=\"fusion-column-wrapper fusion-column-has-shadow fusion-flex-justify-content-flex-start fusion-content-layout-column\"><div class=\"fusion-text fusion-text-8\" style=\"--awb-text-transform:none;\"><p><span style=\"font-weight: 400;\">La Fiesta del Gu\u00e1imaro se realiz\u00f3 en el Polideportivo Alto Prado y cont\u00f3 con una programaci\u00f3n gratuita con diversas actividades como: palabras de apertura, canci\u00f3n del gu\u00e1imaro, actos culturales, conversatorio, concurso gastron\u00f3mico, cocina instant\u00e1nea con productos del bosque, presentaci\u00f3n de subproductos con semillas del bosque, disfraces y presentaci\u00f3n art\u00edstica. <\/span><\/p>\n<\/div><\/div><\/div><div class=\"fusion-layout-column fusion_builder_column fusion-builder-column-5 fusion_builder_column_1_2 1_2 fusion-flex-column\" style=\"--awb-bg-size:cover;--awb-width-large:50%;--awb-margin-top-large:0px;--awb-spacing-right-large:3.84%;--awb-margin-bottom-large:20px;--awb-spacing-left-large:3.84%;--awb-width-medium:100%;--awb-order-medium:0;--awb-spacing-right-medium:1.92%;--awb-spacing-left-medium:1.92%;--awb-width-small:100%;--awb-order-small:0;--awb-spacing-right-small:1.92%;--awb-spacing-left-small:1.92%;\"><div class=\"fusion-column-wrapper fusion-column-has-shadow fusion-flex-justify-content-flex-start fusion-content-layout-column\"><div class=\"fusion-separator fusion-full-width-sep\" style=\"align-self: center;margin-left: auto;margin-right: auto;margin-bottom:3%;width:100%;\"><div class=\"fusion-separator-border sep-single sep-solid\" style=\"--awb-height:20px;--awb-amount:20px;border-color:#e0dede;border-top-width:0px;\"><\/div><\/div><div class=\"fusion-image-element\" style=\"text-align:center;--awb-caption-title-font-family:var(--h2_typography-font-family);--awb-caption-title-font-weight:var(--h2_typography-font-weight);--awb-caption-title-font-style:var(--h2_typography-font-style);--awb-caption-title-size:var(--h2_typography-font-size);--awb-caption-title-transform:var(--h2_typography-text-transform);--awb-caption-title-line-height:var(--h2_typography-line-height);--awb-caption-title-letter-spacing:var(--h2_typography-letter-spacing);\"><span class=\" fusion-imageframe imageframe-none imageframe-5 hover-type-none\"><img decoding=\"async\" width=\"533\" height=\"400\" title=\"[Fiesta del Gu\u00e1imaro]_Baile tradicional de la regi\u00f3n, Escuela La Florida_Becerril, Cesar_27-11-2022_Ph Juan Carlos Valencia (10)_web\" src=\"https:\/\/envol-vert.org\/wp-content\/uploads\/2022\/12\/Fiesta-del-Guaimaro_Baile-tradicional-de-la-region-Escuela-La-Florida_Becerril-Cesar_27-11-2022_Ph-Juan-Carlos-Valencia-10_web-533x400.jpg\" alt class=\"img-responsive wp-image-46398\" srcset=\"https:\/\/envol-vert.org\/wp-content\/uploads\/2022\/12\/Fiesta-del-Guaimaro_Baile-tradicional-de-la-region-Escuela-La-Florida_Becerril-Cesar_27-11-2022_Ph-Juan-Carlos-Valencia-10_web-200x150.jpg 200w, https:\/\/envol-vert.org\/wp-content\/uploads\/2022\/12\/Fiesta-del-Guaimaro_Baile-tradicional-de-la-region-Escuela-La-Florida_Becerril-Cesar_27-11-2022_Ph-Juan-Carlos-Valencia-10_web-400x300.jpg 400w, https:\/\/envol-vert.org\/wp-content\/uploads\/2022\/12\/Fiesta-del-Guaimaro_Baile-tradicional-de-la-region-Escuela-La-Florida_Becerril-Cesar_27-11-2022_Ph-Juan-Carlos-Valencia-10_web-600x450.jpg 600w, https:\/\/envol-vert.org\/wp-content\/uploads\/2022\/12\/Fiesta-del-Guaimaro_Baile-tradicional-de-la-region-Escuela-La-Florida_Becerril-Cesar_27-11-2022_Ph-Juan-Carlos-Valencia-10_web.jpg 800w\" sizes=\"(max-width: 1024px) 100vw, (max-width: 640px) 100vw, 600px\" \/><\/span><\/div><div class=\"fusion-text fusion-text-9\" style=\"--awb-text-transform:none;\"><p style=\"text-align: center;\"><em><span style=\"font-weight: 400;\">Baile representativo de la regi\u00f3n por parte de los alumnos de la escuela La Florida<\/span><\/em><\/p>\n<\/div><div class=\"fusion-separator fusion-full-width-sep\" style=\"align-self: center;margin-left: auto;margin-right: auto;margin-bottom:3%;width:100%;\"><div class=\"fusion-separator-border sep-single sep-solid\" style=\"--awb-height:20px;--awb-amount:20px;border-color:#e0dede;border-top-width:0px;\"><\/div><\/div><\/div><\/div><div class=\"fusion-layout-column fusion_builder_column fusion-builder-column-6 fusion_builder_column_1_2 1_2 fusion-flex-column\" style=\"--awb-bg-size:cover;--awb-width-large:50%;--awb-margin-top-large:0px;--awb-spacing-right-large:3.84%;--awb-margin-bottom-large:20px;--awb-spacing-left-large:3.84%;--awb-width-medium:100%;--awb-order-medium:0;--awb-spacing-right-medium:1.92%;--awb-spacing-left-medium:1.92%;--awb-width-small:100%;--awb-order-small:0;--awb-spacing-right-small:1.92%;--awb-spacing-left-small:1.92%;\"><div class=\"fusion-column-wrapper fusion-column-has-shadow fusion-flex-justify-content-flex-start fusion-content-layout-column\"><div class=\"fusion-separator fusion-full-width-sep\" style=\"align-self: center;margin-left: auto;margin-right: auto;margin-bottom:3%;width:100%;\"><div class=\"fusion-separator-border sep-single sep-solid\" style=\"--awb-height:20px;--awb-amount:20px;border-color:#e0dede;border-top-width:0px;\"><\/div><\/div><div class=\"fusion-image-element\" style=\"text-align:center;--awb-caption-title-font-family:var(--h2_typography-font-family);--awb-caption-title-font-weight:var(--h2_typography-font-weight);--awb-caption-title-font-style:var(--h2_typography-font-style);--awb-caption-title-size:var(--h2_typography-font-size);--awb-caption-title-transform:var(--h2_typography-text-transform);--awb-caption-title-line-height:var(--h2_typography-line-height);--awb-caption-title-letter-spacing:var(--h2_typography-letter-spacing);\"><span class=\" fusion-imageframe imageframe-none imageframe-6 hover-type-none\"><img decoding=\"async\" width=\"533\" height=\"400\" title=\"[Fiesta del Gu\u00e1imaro]_Disfraces de Gu\u00e1imaro_Becerril, Cesar_27-11-2022_Ph Juan Carlos Valencia (15)_web\" src=\"https:\/\/envol-vert.org\/wp-content\/uploads\/2022\/12\/Fiesta-del-Guaimaro_Disfraces-de-Guaimaro_Becerril-Cesar_27-11-2022_Ph-Juan-Carlos-Valencia-15_web-533x400.jpg\" alt class=\"img-responsive wp-image-46395\" srcset=\"https:\/\/envol-vert.org\/wp-content\/uploads\/2022\/12\/Fiesta-del-Guaimaro_Disfraces-de-Guaimaro_Becerril-Cesar_27-11-2022_Ph-Juan-Carlos-Valencia-15_web-200x150.jpg 200w, https:\/\/envol-vert.org\/wp-content\/uploads\/2022\/12\/Fiesta-del-Guaimaro_Disfraces-de-Guaimaro_Becerril-Cesar_27-11-2022_Ph-Juan-Carlos-Valencia-15_web-400x300.jpg 400w, https:\/\/envol-vert.org\/wp-content\/uploads\/2022\/12\/Fiesta-del-Guaimaro_Disfraces-de-Guaimaro_Becerril-Cesar_27-11-2022_Ph-Juan-Carlos-Valencia-15_web-600x450.jpg 600w, https:\/\/envol-vert.org\/wp-content\/uploads\/2022\/12\/Fiesta-del-Guaimaro_Disfraces-de-Guaimaro_Becerril-Cesar_27-11-2022_Ph-Juan-Carlos-Valencia-15_web.jpg 800w\" sizes=\"(max-width: 1024px) 100vw, (max-width: 640px) 100vw, 600px\" \/><\/span><\/div><div class=\"fusion-text fusion-text-10\" style=\"--awb-text-transform:none;\"><p style=\"text-align: center;\"><em><span style=\"font-weight: 400;\">Disfraces con acr\u00f3stico de gu\u00e1imaro.<\/span><\/em><\/p>\n<\/div><div class=\"fusion-separator fusion-full-width-sep\" style=\"align-self: center;margin-left: auto;margin-right: auto;margin-bottom:3%;width:100%;\"><div class=\"fusion-separator-border sep-single sep-solid\" style=\"--awb-height:20px;--awb-amount:20px;border-color:#e0dede;border-top-width:0px;\"><\/div><\/div><\/div><\/div><div class=\"fusion-layout-column fusion_builder_column fusion-builder-column-7 fusion_builder_column_1_1 1_1 fusion-flex-column\" style=\"--awb-bg-size:cover;--awb-width-large:100%;--awb-margin-top-large:0px;--awb-spacing-right-large:1.92%;--awb-margin-bottom-large:20px;--awb-spacing-left-large:1.92%;--awb-width-medium:100%;--awb-order-medium:0;--awb-spacing-right-medium:1.92%;--awb-spacing-left-medium:1.92%;--awb-width-small:100%;--awb-order-small:0;--awb-spacing-right-small:1.92%;--awb-spacing-left-small:1.92%;\"><div class=\"fusion-column-wrapper fusion-column-has-shadow fusion-flex-justify-content-flex-start fusion-content-layout-column\"><div class=\"fusion-text fusion-text-11\" style=\"--awb-text-transform:none;\"><p><span style=\"font-weight: 400;\">El evento fue organizado por la Asociaci\u00f3n Verde Campesina de Becerril, ASOVECAB; la Asociaci\u00f3n de Profesionales del Sector Agropecuario del Cesar, APSACESAR; y Envol Vert Colombia, una ONG franco-colombiana que realiza acciones para la conservaci\u00f3n del bosque seco tropical en Colombia.<\/span><\/p>\n<\/div><div class=\"fusion-separator fusion-full-width-sep\" style=\"align-self: center;margin-left: auto;margin-right: auto;margin-bottom:3%;width:100%;\"><div class=\"fusion-separator-border sep-single sep-solid\" style=\"--awb-height:20px;--awb-amount:20px;border-color:#e0dede;border-top-width:0px;\"><\/div><\/div><div class=\"fusion-image-element\" style=\"text-align:center;--awb-caption-title-font-family:var(--h2_typography-font-family);--awb-caption-title-font-weight:var(--h2_typography-font-weight);--awb-caption-title-font-style:var(--h2_typography-font-style);--awb-caption-title-size:var(--h2_typography-font-size);--awb-caption-title-transform:var(--h2_typography-text-transform);--awb-caption-title-line-height:var(--h2_typography-line-height);--awb-caption-title-letter-spacing:var(--h2_typography-letter-spacing);\"><span class=\" fusion-imageframe imageframe-none imageframe-7 hover-type-none\"><img decoding=\"async\" width=\"533\" height=\"400\" title=\"[Fiesta del Gu\u00e1imaro]_Grupo Envol Vert Bosque Seco Tropical_Becerril, Cesar_27-11-2022_Ph Juan Carlos Valencia (46)_web\" src=\"https:\/\/envol-vert.org\/wp-content\/uploads\/2022\/12\/Fiesta-del-Guaimaro_Grupo-Envol-Vert-Bosque-Seco-Tropical_Becerril-Cesar_27-11-2022_Ph-Juan-Carlos-Valencia-46_web-533x400.jpg\" alt class=\"img-responsive wp-image-46392\" srcset=\"https:\/\/envol-vert.org\/wp-content\/uploads\/2022\/12\/Fiesta-del-Guaimaro_Grupo-Envol-Vert-Bosque-Seco-Tropical_Becerril-Cesar_27-11-2022_Ph-Juan-Carlos-Valencia-46_web-200x150.jpg 200w, https:\/\/envol-vert.org\/wp-content\/uploads\/2022\/12\/Fiesta-del-Guaimaro_Grupo-Envol-Vert-Bosque-Seco-Tropical_Becerril-Cesar_27-11-2022_Ph-Juan-Carlos-Valencia-46_web-400x300.jpg 400w, https:\/\/envol-vert.org\/wp-content\/uploads\/2022\/12\/Fiesta-del-Guaimaro_Grupo-Envol-Vert-Bosque-Seco-Tropical_Becerril-Cesar_27-11-2022_Ph-Juan-Carlos-Valencia-46_web-600x450.jpg 600w, https:\/\/envol-vert.org\/wp-content\/uploads\/2022\/12\/Fiesta-del-Guaimaro_Grupo-Envol-Vert-Bosque-Seco-Tropical_Becerril-Cesar_27-11-2022_Ph-Juan-Carlos-Valencia-46_web.jpg 800w\" sizes=\"(max-width: 1024px) 100vw, (max-width: 640px) 100vw, 533px\" \/><\/span><\/div><div class=\"fusion-text fusion-text-12\" style=\"--awb-text-transform:none;\"><p style=\"text-align: center;\"><em><span style=\"font-weight: 400;\">Grupo organizador y participantes del proyecto Bosque Seco Tropical<br \/>\nde Envol Vert Colombia.<\/span><\/em><\/p>\n<\/div><div class=\"fusion-separator fusion-full-width-sep\" style=\"align-self: center;margin-left: auto;margin-right: auto;margin-bottom:3%;width:100%;\"><div class=\"fusion-separator-border sep-single sep-solid\" style=\"--awb-height:20px;--awb-amount:20px;border-color:#e0dede;border-top-width:0px;\"><\/div><\/div><\/div><\/div><\/div><\/div>\n","protected":false},"excerpt":{"rendered":"","protected":false},"featured_media":46372,"template":"","fils_d_actu_categ":[1656,1653],"class_list":["post-46371","fil_d_actu","type-fil_d_actu","status-publish","has-post-thumbnail","hentry","fils_d_actu_categ-actualidades-generales","fils_d_actu_categ-programa-de-preservacion-de-los-bosques-secos"],"yoast_head":"<!-- This site is optimized with the Yoast SEO plugin v28.3 - https:\/\/yoast.com\/product\/yoast-seo-wordpress\/ -->\n<title>La Fiesta del Gu\u00e1imaro lleg\u00f3 a Becerril<\/title>\n<meta name=\"description\" content=\"La Fiesta del Gu\u00e1imaro se realiza en diferentes municipios de la regi\u00f3n caribe colombiana con una programaci\u00f3n para conocer el bosque.\" \/>\n<meta name=\"robots\" content=\"index, follow, max-snippet:-1, max-image-preview:large, max-video-preview:-1\" \/>\n<link rel=\"canonical\" href=\"https:\/\/envol-vert.org\/es\/act\/la-fiesta-del-guaimaro-llego-a-becerril-cesar-para-dar-a-conocer-la-abundancia-del-bosque-seco-tropical\/\" \/>\n<meta property=\"og:locale\" content=\"es_ES\" \/>\n<meta property=\"og:type\" content=\"article\" \/>\n<meta property=\"og:title\" content=\"La Fiesta del Gu\u00e1imaro lleg\u00f3 a Becerril\" \/>\n<meta property=\"og:description\" content=\"La Fiesta del Gu\u00e1imaro se realiza en diferentes municipios de la regi\u00f3n caribe colombiana con una programaci\u00f3n para conocer el bosque.\" \/>\n<meta property=\"og:url\" content=\"https:\/\/envol-vert.org\/es\/act\/la-fiesta-del-guaimaro-llego-a-becerril-cesar-para-dar-a-conocer-la-abundancia-del-bosque-seco-tropical\/\" \/>\n<meta property=\"og:site_name\" content=\"Envol Vert\" \/>\n<meta property=\"article:publisher\" content=\"https:\/\/www.facebook.com\/EnvolVertFrance\/\" \/>\n<meta property=\"article:modified_time\" content=\"2023-01-19T23:25:44+00:00\" \/>\n<meta property=\"og:image\" content=\"https:\/\/envol-vert.org\/wp-content\/uploads\/2022\/12\/Letrero_Fiesta-del-guaimaro-01_web.jpg\" \/>\n\t<meta property=\"og:image:width\" content=\"1200\" \/>\n\t<meta property=\"og:image:height\" content=\"600\" \/>\n\t<meta property=\"og:image:type\" content=\"image\/jpeg\" \/>\n<meta name=\"twitter:card\" content=\"summary_large_image\" \/>\n<meta name=\"twitter:site\" content=\"@Envolvert\" \/>\n<meta name=\"twitter:label1\" content=\"Tiempo de lectura\" \/>\n\t<meta name=\"twitter:data1\" content=\"12 minutes\" \/>\n<script type=\"application\/ld+json\" class=\"yoast-schema-graph\">{\"@context\":\"https:\\\/\\\/schema.org\",\"@graph\":[{\"@type\":\"WebPage\",\"@id\":\"https:\\\/\\\/envol-vert.org\\\/es\\\/act\\\/la-fiesta-del-guaimaro-llego-a-becerril-cesar-para-dar-a-conocer-la-abundancia-del-bosque-seco-tropical\\\/\",\"url\":\"https:\\\/\\\/envol-vert.org\\\/es\\\/act\\\/la-fiesta-del-guaimaro-llego-a-becerril-cesar-para-dar-a-conocer-la-abundancia-del-bosque-seco-tropical\\\/\",\"name\":\"La Fiesta del Gu\u00e1imaro lleg\u00f3 a Becerril\",\"isPartOf\":{\"@id\":\"https:\\\/\\\/envol-vert.org\\\/es\\\/#website\"},\"primaryImageOfPage\":{\"@id\":\"https:\\\/\\\/envol-vert.org\\\/es\\\/act\\\/la-fiesta-del-guaimaro-llego-a-becerril-cesar-para-dar-a-conocer-la-abundancia-del-bosque-seco-tropical\\\/#primaryimage\"},\"image\":{\"@id\":\"https:\\\/\\\/envol-vert.org\\\/es\\\/act\\\/la-fiesta-del-guaimaro-llego-a-becerril-cesar-para-dar-a-conocer-la-abundancia-del-bosque-seco-tropical\\\/#primaryimage\"},\"thumbnailUrl\":\"https:\\\/\\\/envol-vert.org\\\/wp-content\\\/uploads\\\/2022\\\/12\\\/Letrero_Fiesta-del-guaimaro-01_web.jpg\",\"datePublished\":\"2022-09-25T21:31:53+00:00\",\"dateModified\":\"2023-01-19T23:25:44+00:00\",\"description\":\"La Fiesta del Gu\u00e1imaro se realiza en diferentes municipios de la regi\u00f3n caribe colombiana con una programaci\u00f3n para conocer el bosque.\",\"breadcrumb\":{\"@id\":\"https:\\\/\\\/envol-vert.org\\\/es\\\/act\\\/la-fiesta-del-guaimaro-llego-a-becerril-cesar-para-dar-a-conocer-la-abundancia-del-bosque-seco-tropical\\\/#breadcrumb\"},\"inLanguage\":\"es-ES\",\"potentialAction\":[{\"@type\":\"ReadAction\",\"target\":[\"https:\\\/\\\/envol-vert.org\\\/es\\\/act\\\/la-fiesta-del-guaimaro-llego-a-becerril-cesar-para-dar-a-conocer-la-abundancia-del-bosque-seco-tropical\\\/\"]}]},{\"@type\":\"ImageObject\",\"inLanguage\":\"es-ES\",\"@id\":\"https:\\\/\\\/envol-vert.org\\\/es\\\/act\\\/la-fiesta-del-guaimaro-llego-a-becerril-cesar-para-dar-a-conocer-la-abundancia-del-bosque-seco-tropical\\\/#primaryimage\",\"url\":\"https:\\\/\\\/envol-vert.org\\\/wp-content\\\/uploads\\\/2022\\\/12\\\/Letrero_Fiesta-del-guaimaro-01_web.jpg\",\"contentUrl\":\"https:\\\/\\\/envol-vert.org\\\/wp-content\\\/uploads\\\/2022\\\/12\\\/Letrero_Fiesta-del-guaimaro-01_web.jpg\",\"width\":1200,\"height\":600},{\"@type\":\"BreadcrumbList\",\"@id\":\"https:\\\/\\\/envol-vert.org\\\/es\\\/act\\\/la-fiesta-del-guaimaro-llego-a-becerril-cesar-para-dar-a-conocer-la-abundancia-del-bosque-seco-tropical\\\/#breadcrumb\",\"itemListElement\":[{\"@type\":\"ListItem\",\"position\":1,\"name\":\"Accueil\",\"item\":\"https:\\\/\\\/envol-vert.org\\\/es\\\/\"},{\"@type\":\"ListItem\",\"position\":2,\"name\":\"La Fiesta del Gu\u00e1imaro lleg\u00f3 a Becerril\"}]},{\"@type\":\"WebSite\",\"@id\":\"https:\\\/\\\/envol-vert.org\\\/es\\\/#website\",\"url\":\"https:\\\/\\\/envol-vert.org\\\/es\\\/\",\"name\":\"Envol Vert\",\"description\":\"La for\u00eat nous rend service, rendons le lui.\",\"publisher\":{\"@id\":\"https:\\\/\\\/envol-vert.org\\\/es\\\/#organization\"},\"potentialAction\":[{\"@type\":\"SearchAction\",\"target\":{\"@type\":\"EntryPoint\",\"urlTemplate\":\"https:\\\/\\\/envol-vert.org\\\/es\\\/?s={search_term_string}\"},\"query-input\":{\"@type\":\"PropertyValueSpecification\",\"valueRequired\":true,\"valueName\":\"search_term_string\"}}],\"inLanguage\":\"es-ES\"},{\"@type\":\"Organization\",\"@id\":\"https:\\\/\\\/envol-vert.org\\\/es\\\/#organization\",\"name\":\"Envol Vert\",\"url\":\"https:\\\/\\\/envol-vert.org\\\/es\\\/\",\"logo\":{\"@type\":\"ImageObject\",\"inLanguage\":\"es-ES\",\"@id\":\"https:\\\/\\\/envol-vert.org\\\/es\\\/#\\\/schema\\\/logo\\\/image\\\/\",\"url\":\"https:\\\/\\\/envol-vert.org\\\/wp-content\\\/uploads\\\/2021\\\/03\\\/Logo-icone-site.png\",\"contentUrl\":\"https:\\\/\\\/envol-vert.org\\\/wp-content\\\/uploads\\\/2021\\\/03\\\/Logo-icone-site.png\",\"width\":512,\"height\":512,\"caption\":\"Envol Vert\"},\"image\":{\"@id\":\"https:\\\/\\\/envol-vert.org\\\/es\\\/#\\\/schema\\\/logo\\\/image\\\/\"},\"sameAs\":[\"https:\\\/\\\/www.facebook.com\\\/EnvolVertFrance\\\/\",\"https:\\\/\\\/x.com\\\/Envolvert\",\"https:\\\/\\\/www.instagram.com\\\/envol_vert_france\\\/\",\"https:\\\/\\\/www.linkedin.com\\\/company\\\/envolvert\\\/\",\"https:\\\/\\\/www.youtube.com\\\/c\\\/EnvolVert\"]}]}<\/script>\n<!-- \/ Yoast SEO plugin. -->","yoast_head_json":{"title":"La Fiesta del Gu\u00e1imaro lleg\u00f3 a Becerril","description":"La Fiesta del Gu\u00e1imaro se realiza en diferentes municipios de la regi\u00f3n caribe colombiana con una programaci\u00f3n para conocer el bosque.","robots":{"index":"index","follow":"follow","max-snippet":"max-snippet:-1","max-image-preview":"max-image-preview:large","max-video-preview":"max-video-preview:-1"},"canonical":"https:\/\/envol-vert.org\/es\/act\/la-fiesta-del-guaimaro-llego-a-becerril-cesar-para-dar-a-conocer-la-abundancia-del-bosque-seco-tropical\/","og_locale":"es_ES","og_type":"article","og_title":"La Fiesta del Gu\u00e1imaro lleg\u00f3 a Becerril","og_description":"La Fiesta del Gu\u00e1imaro se realiza en diferentes municipios de la regi\u00f3n caribe colombiana con una programaci\u00f3n para conocer el bosque.","og_url":"https:\/\/envol-vert.org\/es\/act\/la-fiesta-del-guaimaro-llego-a-becerril-cesar-para-dar-a-conocer-la-abundancia-del-bosque-seco-tropical\/","og_site_name":"Envol Vert","article_publisher":"https:\/\/www.facebook.com\/EnvolVertFrance\/","article_modified_time":"2023-01-19T23:25:44+00:00","og_image":[{"width":1200,"height":600,"url":"https:\/\/envol-vert.org\/wp-content\/uploads\/2022\/12\/Letrero_Fiesta-del-guaimaro-01_web.jpg","type":"image\/jpeg"}],"twitter_card":"summary_large_image","twitter_site":"@Envolvert","twitter_misc":{"Tiempo de lectura":"12 minutes"},"schema":{"@context":"https:\/\/schema.org","@graph":[{"@type":"WebPage","@id":"https:\/\/envol-vert.org\/es\/act\/la-fiesta-del-guaimaro-llego-a-becerril-cesar-para-dar-a-conocer-la-abundancia-del-bosque-seco-tropical\/","url":"https:\/\/envol-vert.org\/es\/act\/la-fiesta-del-guaimaro-llego-a-becerril-cesar-para-dar-a-conocer-la-abundancia-del-bosque-seco-tropical\/","name":"La Fiesta del Gu\u00e1imaro lleg\u00f3 a Becerril","isPartOf":{"@id":"https:\/\/envol-vert.org\/es\/#website"},"primaryImageOfPage":{"@id":"https:\/\/envol-vert.org\/es\/act\/la-fiesta-del-guaimaro-llego-a-becerril-cesar-para-dar-a-conocer-la-abundancia-del-bosque-seco-tropical\/#primaryimage"},"image":{"@id":"https:\/\/envol-vert.org\/es\/act\/la-fiesta-del-guaimaro-llego-a-becerril-cesar-para-dar-a-conocer-la-abundancia-del-bosque-seco-tropical\/#primaryimage"},"thumbnailUrl":"https:\/\/envol-vert.org\/wp-content\/uploads\/2022\/12\/Letrero_Fiesta-del-guaimaro-01_web.jpg","datePublished":"2022-09-25T21:31:53+00:00","dateModified":"2023-01-19T23:25:44+00:00","description":"La Fiesta del Gu\u00e1imaro se realiza en diferentes municipios de la regi\u00f3n caribe colombiana con una programaci\u00f3n para conocer el bosque.","breadcrumb":{"@id":"https:\/\/envol-vert.org\/es\/act\/la-fiesta-del-guaimaro-llego-a-becerril-cesar-para-dar-a-conocer-la-abundancia-del-bosque-seco-tropical\/#breadcrumb"},"inLanguage":"es-ES","potentialAction":[{"@type":"ReadAction","target":["https:\/\/envol-vert.org\/es\/act\/la-fiesta-del-guaimaro-llego-a-becerril-cesar-para-dar-a-conocer-la-abundancia-del-bosque-seco-tropical\/"]}]},{"@type":"ImageObject","inLanguage":"es-ES","@id":"https:\/\/envol-vert.org\/es\/act\/la-fiesta-del-guaimaro-llego-a-becerril-cesar-para-dar-a-conocer-la-abundancia-del-bosque-seco-tropical\/#primaryimage","url":"https:\/\/envol-vert.org\/wp-content\/uploads\/2022\/12\/Letrero_Fiesta-del-guaimaro-01_web.jpg","contentUrl":"https:\/\/envol-vert.org\/wp-content\/uploads\/2022\/12\/Letrero_Fiesta-del-guaimaro-01_web.jpg","width":1200,"height":600},{"@type":"BreadcrumbList","@id":"https:\/\/envol-vert.org\/es\/act\/la-fiesta-del-guaimaro-llego-a-becerril-cesar-para-dar-a-conocer-la-abundancia-del-bosque-seco-tropical\/#breadcrumb","itemListElement":[{"@type":"ListItem","position":1,"name":"Accueil","item":"https:\/\/envol-vert.org\/es\/"},{"@type":"ListItem","position":2,"name":"La Fiesta del Gu\u00e1imaro lleg\u00f3 a Becerril"}]},{"@type":"WebSite","@id":"https:\/\/envol-vert.org\/es\/#website","url":"https:\/\/envol-vert.org\/es\/","name":"Envol Vert","description":"La for\u00eat nous rend service, rendons le lui.","publisher":{"@id":"https:\/\/envol-vert.org\/es\/#organization"},"potentialAction":[{"@type":"SearchAction","target":{"@type":"EntryPoint","urlTemplate":"https:\/\/envol-vert.org\/es\/?s={search_term_string}"},"query-input":{"@type":"PropertyValueSpecification","valueRequired":true,"valueName":"search_term_string"}}],"inLanguage":"es-ES"},{"@type":"Organization","@id":"https:\/\/envol-vert.org\/es\/#organization","name":"Envol Vert","url":"https:\/\/envol-vert.org\/es\/","logo":{"@type":"ImageObject","inLanguage":"es-ES","@id":"https:\/\/envol-vert.org\/es\/#\/schema\/logo\/image\/","url":"https:\/\/envol-vert.org\/wp-content\/uploads\/2021\/03\/Logo-icone-site.png","contentUrl":"https:\/\/envol-vert.org\/wp-content\/uploads\/2021\/03\/Logo-icone-site.png","width":512,"height":512,"caption":"Envol Vert"},"image":{"@id":"https:\/\/envol-vert.org\/es\/#\/schema\/logo\/image\/"},"sameAs":["https:\/\/www.facebook.com\/EnvolVertFrance\/","https:\/\/x.com\/Envolvert","https:\/\/www.instagram.com\/envol_vert_france\/","https:\/\/www.linkedin.com\/company\/envolvert\/","https:\/\/www.youtube.com\/c\/EnvolVert"]}]}},"_links":{"self":[{"href":"https:\/\/envol-vert.org\/es\/wp-json\/wp\/v2\/fil_d_actu\/46371","targetHints":{"allow":["GET"]}}],"collection":[{"href":"https:\/\/envol-vert.org\/es\/wp-json\/wp\/v2\/fil_d_actu"}],"about":[{"href":"https:\/\/envol-vert.org\/es\/wp-json\/wp\/v2\/types\/fil_d_actu"}],"version-history":[{"count":0,"href":"https:\/\/envol-vert.org\/es\/wp-json\/wp\/v2\/fil_d_actu\/46371\/revisions"}],"wp:featuredmedia":[{"embeddable":true,"href":"https:\/\/envol-vert.org\/es\/wp-json\/wp\/v2\/media\/46372"}],"wp:attachment":[{"href":"https:\/\/envol-vert.org\/es\/wp-json\/wp\/v2\/media?parent=46371"}],"wp:term":[{"taxonomy":"fils_d_actu_categ","embeddable":true,"href":"https:\/\/envol-vert.org\/es\/wp-json\/wp\/v2\/fils_d_actu_categ?post=46371"}],"curies":[{"name":"wp","href":"https:\/\/api.w.org\/{rel}","templated":true}]}}