{"id":46450,"date":"2022-11-27T00:32:59","date_gmt":"2022-11-26T22:32:59","guid":{"rendered":"https:\/\/envol-vert.org\/?post_type=fil_d_actu&#038;p=46450"},"modified":"2022-12-27T00:38:05","modified_gmt":"2022-12-26T22:38:05","slug":"el-aguaje-un-fruto-que-une-comunidades","status":"publish","type":"fil_d_actu","link":"https:\/\/envol-vert.org\/es\/act\/el-aguaje-un-fruto-que-une-comunidades\/","title":{"rendered":"El aguaje, un fruto que une comunidades"},"content":{"rendered":"<div class=\"fusion-fullwidth fullwidth-box fusion-builder-row-1 fusion-flex-container nonhundred-percent-fullwidth non-hundred-percent-height-scrolling\" style=\"--awb-border-radius-top-left:0px;--awb-border-radius-top-right:0px;--awb-border-radius-bottom-right:0px;--awb-border-radius-bottom-left:0px;--awb-flex-wrap:wrap;\" ><div class=\"fusion-builder-row fusion-row fusion-flex-align-items-flex-start fusion-flex-content-wrap\" style=\"max-width:1040px;margin-left: calc(-4% \/ 2 );margin-right: calc(-4% \/ 2 );\"><div class=\"fusion-layout-column fusion_builder_column fusion-builder-column-0 fusion_builder_column_1_1 1_1 fusion-flex-column\" style=\"--awb-bg-size:cover;--awb-width-large:100%;--awb-margin-top-large:0px;--awb-spacing-right-large:1.92%;--awb-margin-bottom-large:20px;--awb-spacing-left-large:1.92%;--awb-width-medium:100%;--awb-order-medium:0;--awb-spacing-right-medium:1.92%;--awb-spacing-left-medium:1.92%;--awb-width-small:100%;--awb-order-small:0;--awb-spacing-right-small:1.92%;--awb-spacing-left-small:1.92%;\"><div class=\"fusion-column-wrapper fusion-column-has-shadow fusion-flex-justify-content-flex-start fusion-content-layout-column\"><div class=\"fusion-text fusion-text-1\" style=\"--awb-text-transform:none;\"><p><span style=\"font-weight: 400;\">El pasado noviembre se realizaron charlas sobre el aguaje con las comuneros de Mahuizo, Santa Luc\u00eda, Selva Alegre y Nueva Florida, comunidades aleda\u00f1as a <a href=\"https:\/\/envol-vert.org\/es\/pro\/yanayacu-maquia-peru\/\">la Concesi\u00f3n para Conservaci\u00f3n Yanayacu \u2013 Maqu\u00eda<\/a> (CCYM). <\/span><\/p>\n<p><span style=\"font-weight: 400;\">Se tuvo la participaci\u00f3n activa de 20 asistentes (14 hombres y 6 mujeres) durante tres (3) d\u00edas y adem\u00e1s tuvimos la participaci\u00f3n en campo de las representante de <a href=\"https:\/\/acca.org.pe\/\" target=\"_blank\" rel=\"noopener\">Conservaci\u00f3n Amaz\u00f3nica<\/a> y de Envol Vert, quienes verificaron el avance anual de las actividades en campo as\u00ed como establecer di\u00e1logos directos con los participantes, esto permiti\u00f3 generar un mayor acercamiento y fortalecimiento de los lazos de confianza.<\/span><\/p>\n<p><span style=\"font-weight: 400;\">Fueron cortos pero d\u00edas muy nutritivos en cuesti\u00f3n de preguntas, intercambio de opiniones y transmisi\u00f3n de acuerdos; los temas tratados estaban relacionado con el futuro de la actividad Aguaje Sostenible a trav\u00e9s de las siguientes tem\u00e1ticas:<\/span><\/p>\n<\/div><ul style=\"--awb-iconcolor:#ea773d;--awb-line-height:23.8px;--awb-icon-width:23.8px;--awb-icon-height:23.8px;--awb-icon-margin:9.8px;--awb-content-margin:33.6px;\" class=\"fusion-checklist fusion-checklist-1 fusion-checklist-default type-icons\"><li class=\"fusion-li-item\" style=\"\"><span class=\"icon-wrapper circle-no\"><i class=\"fusion-li-icon fa-angle-right fas\" aria-hidden=\"true\"><\/i><\/span><div class=\"fusion-li-item-content\">Repasando el escalado y cosecha de aguaje<\/div><\/li><li class=\"fusion-li-item\" style=\"\"><span class=\"icon-wrapper circle-no\"><i class=\"fusion-li-icon fa-angle-right fas\" aria-hidden=\"true\"><\/i><\/span><div class=\"fusion-li-item-content\">La ruta y mercado del aguaje<\/div><\/li><li class=\"fusion-li-item\" style=\"\"><span class=\"icon-wrapper circle-no\"><i class=\"fusion-li-icon fa-angle-right fas\" aria-hidden=\"true\"><\/i><\/span><div class=\"fusion-li-item-content\">\n<p><span style=\"font-weight: 400;\">Los acuerdos comunitarios<\/span><\/p>\n<\/div><\/li><\/ul><div class=\"fusion-separator fusion-full-width-sep\" style=\"align-self: center;margin-left: auto;margin-right: auto;margin-top:1.5%;margin-bottom:1.5%;width:100%;\"><div class=\"fusion-separator-border sep-single sep-solid\" style=\"--awb-height:20px;--awb-amount:20px;--awb-sep-color:rgba(224,222,222,0);border-color:rgba(224,222,222,0);border-top-width:1px;\"><\/div><\/div><div class=\"fusion-text fusion-text-2\" style=\"--awb-text-transform:none;\"><p><span style=\"font-weight: 400;\">El primer d\u00eda fue un retomando lo aprendido, en donde se verific\u00f3 que los participantes a\u00fan mantengan el conocimiento de las t\u00e9cnicas de escalado, el segundo d\u00eda permiti\u00f3 dialogar sobre la organizaci\u00f3n de los participantes y el rol de cada comunidad en relaci\u00f3n a cada una de las etapas de la ruta del aguaje, y, finalmente se realiz\u00f3 la lectura compartida de los acuerdo comunitarios, documento importante en donde se establecen los deberes y derechos de los participantes para con el aprovechamiento del fruto del aguaje.\u00a0<\/span><\/p>\n<p><span style=\"font-weight: 400;\">Se realiz\u00f3 la clausura de las actividades de este a\u00f1o, en donde los participantes mostraron su disposici\u00f3n a seguir trabajando en el establecimiento de esta actividad, as\u00ed mismo quedaron con ansias en saber de lo que se viene en el a\u00f1o 2023. Estamos satisfechos con el gran avance que se ha reflejado en este magn\u00edfico grupo, y estamos seguros que con el tiempo se ir\u00e1n uniendo m\u00e1s participantes, lo que dejar\u00e1 en evidencia que el aguaje es un fruto que une comunidades\u2026<\/span><\/p>\n<\/div><\/div><\/div><\/div><\/div>\n","protected":false},"excerpt":{"rendered":"","protected":false},"featured_media":46447,"template":"","fils_d_actu_categ":[1390],"class_list":["post-46450","fil_d_actu","type-fil_d_actu","status-publish","has-post-thumbnail","hentry","fils_d_actu_categ-yanayacu-maquia-peru"],"_links":{"self":[{"href":"https:\/\/envol-vert.org\/es\/wp-json\/wp\/v2\/fil_d_actu\/46450","targetHints":{"allow":["GET"]}}],"collection":[{"href":"https:\/\/envol-vert.org\/es\/wp-json\/wp\/v2\/fil_d_actu"}],"about":[{"href":"https:\/\/envol-vert.org\/es\/wp-json\/wp\/v2\/types\/fil_d_actu"}],"version-history":[{"count":0,"href":"https:\/\/envol-vert.org\/es\/wp-json\/wp\/v2\/fil_d_actu\/46450\/revisions"}],"wp:featuredmedia":[{"embeddable":true,"href":"https:\/\/envol-vert.org\/es\/wp-json\/wp\/v2\/media\/46447"}],"wp:attachment":[{"href":"https:\/\/envol-vert.org\/es\/wp-json\/wp\/v2\/media?parent=46450"}],"wp:term":[{"taxonomy":"fils_d_actu_categ","embeddable":true,"href":"https:\/\/envol-vert.org\/es\/wp-json\/wp\/v2\/fils_d_actu_categ?post=46450"}],"curies":[{"name":"wp","href":"https:\/\/api.w.org\/{rel}","templated":true}]}}