{"id":46502,"date":"2023-01-15T21:42:08","date_gmt":"2023-01-15T19:42:08","guid":{"rendered":"https:\/\/envol-vert.org\/?post_type=fil_d_actu&#038;p=46502"},"modified":"2023-01-15T21:42:08","modified_gmt":"2023-01-15T19:42:08","slug":"aves-silvestres-parcelas-pichanaki","status":"publish","type":"fil_d_actu","link":"https:\/\/envol-vert.org\/es\/act\/aves-silvestres-parcelas-pichanaki\/","title":{"rendered":"Aves silvestres en las parcelas de los participantes en Pichanaki"},"content":{"rendered":"<div class=\"fusion-fullwidth fullwidth-box fusion-builder-row-1 fusion-flex-container nonhundred-percent-fullwidth non-hundred-percent-height-scrolling\" style=\"--awb-border-radius-top-left:0px;--awb-border-radius-top-right:0px;--awb-border-radius-bottom-right:0px;--awb-border-radius-bottom-left:0px;--awb-flex-wrap:wrap;\" ><div class=\"fusion-builder-row fusion-row fusion-flex-align-items-flex-start fusion-flex-content-wrap\" style=\"max-width:1040px;margin-left: calc(-4% \/ 2 );margin-right: calc(-4% \/ 2 );\"><div class=\"fusion-layout-column fusion_builder_column fusion-builder-column-0 fusion_builder_column_1_1 1_1 fusion-flex-column\" style=\"--awb-bg-size:cover;--awb-width-large:100%;--awb-margin-top-large:0px;--awb-spacing-right-large:1.92%;--awb-margin-bottom-large:20px;--awb-spacing-left-large:1.92%;--awb-width-medium:100%;--awb-order-medium:0;--awb-spacing-right-medium:1.92%;--awb-spacing-left-medium:1.92%;--awb-width-small:100%;--awb-order-small:0;--awb-spacing-right-small:1.92%;--awb-spacing-left-small:1.92%;\"><div class=\"fusion-column-wrapper fusion-column-has-shadow fusion-flex-justify-content-flex-start fusion-content-layout-column\"><div class=\"fusion-text fusion-text-1\" style=\"--awb-text-transform:none;\"><p><span style=\"font-weight: 400;\">Mientras repicamos en el vivero de uno de los centros poblados que mes a mes visitamos, escuchamos a un tuc\u00e1n (<\/span><i><span style=\"font-weight: 400;\">Ramphastos sp.)<\/span><\/i><span style=\"font-weight: 400;\"> cantar a lo lejos. Los participantes se alegran y nos comentan que existe la creencia de que cada vez que este majestuoso ave canta cae la lluvia; esto alegra mucho a los agricultores, ya que significa que podr\u00e1n tener una buena producci\u00f3n de caf\u00e9 el pr\u00f3ximo a\u00f1o.<\/span><\/p>\n<p><span style=\"font-weight: 400;\">En otra ocasi\u00f3n, en el centro poblado de <a href=\"https:\/\/www.deperu.com\/centros-poblados\/piriari-68409\" target=\"_blank\" rel=\"noopener\">Piriari<\/a> (Rio Tambo &#8211; Satipo) mientras se esperaba la llegada de los participantes escuchamos muy cerca al gallito de las rocas o tunki (<\/span><i><span style=\"font-weight: 400;\">Rupicula peruvianus<\/span><\/i><span style=\"font-weight: 400;\">) ave nacional del Per\u00fa. Nosotros muy entusiasmados fuimos en busca de esta ave y para nuestra suerte hallamos a una bandada de m\u00e1s de 7 individuos posando sobre los \u00e1rboles que forman parte de una zona de conservaci\u00f3n. Adem\u00e1s, pudimos registrar la presencia de tangara com\u00fan (<\/span><i><span style=\"font-weight: 400;\">Euphonia chlorotica<\/span><\/i><span style=\"font-weight: 400;\">), <\/span><span style=\"font-weight: 400;\">guaracachi (<\/span><i><span style=\"font-weight: 400;\">Ortalis guttata<\/span><\/i><span style=\"font-weight: 400;\">) y conoto negro (<\/span><i><span style=\"font-weight: 400;\">Psarocolius decumanus<\/span><\/i><span style=\"font-weight: 400;\">).<\/span><\/p>\n<\/div><\/div><\/div><div class=\"fusion-layout-column fusion_builder_column fusion-builder-column-1 fusion_builder_column_1_3 1_3 fusion-flex-column\" style=\"--awb-bg-size:cover;--awb-width-large:33.333333333333%;--awb-margin-top-large:0px;--awb-spacing-right-large:5.76%;--awb-margin-bottom-large:20px;--awb-spacing-left-large:5.76%;--awb-width-medium:100%;--awb-order-medium:0;--awb-spacing-right-medium:1.92%;--awb-spacing-left-medium:1.92%;--awb-width-small:100%;--awb-order-small:0;--awb-spacing-right-small:1.92%;--awb-spacing-left-small:1.92%;\"><div class=\"fusion-column-wrapper fusion-column-has-shadow fusion-flex-justify-content-flex-start fusion-content-layout-column\"><div class=\"fusion-image-element \" style=\"text-align:center;--awb-caption-title-font-family:var(--h2_typography-font-family);--awb-caption-title-font-weight:var(--h2_typography-font-weight);--awb-caption-title-font-style:var(--h2_typography-font-style);--awb-caption-title-size:var(--h2_typography-font-size);--awb-caption-title-transform:var(--h2_typography-text-transform);--awb-caption-title-line-height:var(--h2_typography-line-height);--awb-caption-title-letter-spacing:var(--h2_typography-letter-spacing);\"><span class=\" fusion-imageframe imageframe-none imageframe-1 hover-type-none\"><img decoding=\"async\" width=\"533\" height=\"400\" title=\"2022-11-10 Pichanaki_Euphonia chlorotica_RioTambo_L. Pallarco_web\" src=\"https:\/\/envol-vert.org\/wp-content\/uploads\/2023\/01\/2022-11-10-Pichanaki_Euphonia-chlorotica_RioTambo_L.-Pallarco_web-533x400.jpg\" alt class=\"img-responsive wp-image-46497\" srcset=\"https:\/\/envol-vert.org\/wp-content\/uploads\/2023\/01\/2022-11-10-Pichanaki_Euphonia-chlorotica_RioTambo_L.-Pallarco_web-200x150.jpg 200w, https:\/\/envol-vert.org\/wp-content\/uploads\/2023\/01\/2022-11-10-Pichanaki_Euphonia-chlorotica_RioTambo_L.-Pallarco_web-400x300.jpg 400w, https:\/\/envol-vert.org\/wp-content\/uploads\/2023\/01\/2022-11-10-Pichanaki_Euphonia-chlorotica_RioTambo_L.-Pallarco_web-600x450.jpg 600w, https:\/\/envol-vert.org\/wp-content\/uploads\/2023\/01\/2022-11-10-Pichanaki_Euphonia-chlorotica_RioTambo_L.-Pallarco_web.jpg 800w\" sizes=\"(max-width: 1024px) 100vw, (max-width: 640px) 100vw, 400px\" \/><\/span><\/div><div class=\"fusion-text fusion-text-2\" style=\"--awb-text-transform:none;\"><p style=\"text-align: center;\"><em>Euphonia chlorotica<\/em><\/p>\n<\/div><\/div><\/div><div class=\"fusion-layout-column fusion_builder_column fusion-builder-column-2 fusion_builder_column_1_3 1_3 fusion-flex-column\" style=\"--awb-bg-size:cover;--awb-width-large:33.333333333333%;--awb-margin-top-large:0px;--awb-spacing-right-large:5.76%;--awb-margin-bottom-large:20px;--awb-spacing-left-large:5.76%;--awb-width-medium:100%;--awb-order-medium:0;--awb-spacing-right-medium:1.92%;--awb-spacing-left-medium:1.92%;--awb-width-small:100%;--awb-order-small:0;--awb-spacing-right-small:1.92%;--awb-spacing-left-small:1.92%;\"><div class=\"fusion-column-wrapper fusion-column-has-shadow fusion-flex-justify-content-flex-start fusion-content-layout-column\"><div class=\"fusion-image-element \" style=\"text-align:center;--awb-caption-title-font-family:var(--h2_typography-font-family);--awb-caption-title-font-weight:var(--h2_typography-font-weight);--awb-caption-title-font-style:var(--h2_typography-font-style);--awb-caption-title-size:var(--h2_typography-font-size);--awb-caption-title-transform:var(--h2_typography-text-transform);--awb-caption-title-line-height:var(--h2_typography-line-height);--awb-caption-title-letter-spacing:var(--h2_typography-letter-spacing);\"><span class=\" fusion-imageframe imageframe-none imageframe-2 hover-type-none\"><img decoding=\"async\" width=\"533\" height=\"400\" title=\"2022-11-10 Pichanaki_Ortalis guttata_RioTambo_L. Pallarco_web\" src=\"https:\/\/envol-vert.org\/wp-content\/uploads\/2023\/01\/2022-11-10-Pichanaki_Ortalis-guttata_RioTambo_L.-Pallarco_web-533x400.jpg\" alt class=\"img-responsive wp-image-46494\" srcset=\"https:\/\/envol-vert.org\/wp-content\/uploads\/2023\/01\/2022-11-10-Pichanaki_Ortalis-guttata_RioTambo_L.-Pallarco_web-200x150.jpg 200w, https:\/\/envol-vert.org\/wp-content\/uploads\/2023\/01\/2022-11-10-Pichanaki_Ortalis-guttata_RioTambo_L.-Pallarco_web-400x300.jpg 400w, https:\/\/envol-vert.org\/wp-content\/uploads\/2023\/01\/2022-11-10-Pichanaki_Ortalis-guttata_RioTambo_L.-Pallarco_web-600x450.jpg 600w, https:\/\/envol-vert.org\/wp-content\/uploads\/2023\/01\/2022-11-10-Pichanaki_Ortalis-guttata_RioTambo_L.-Pallarco_web.jpg 800w\" sizes=\"(max-width: 1024px) 100vw, (max-width: 640px) 100vw, 400px\" \/><\/span><\/div><div class=\"fusion-text fusion-text-3\" style=\"--awb-text-transform:none;\"><p style=\"text-align: center;\"><em>Ortalis guttata<\/em><\/p>\n<\/div><\/div><\/div><div class=\"fusion-layout-column fusion_builder_column fusion-builder-column-3 fusion_builder_column_1_3 1_3 fusion-flex-column\" style=\"--awb-bg-size:cover;--awb-width-large:33.333333333333%;--awb-margin-top-large:0px;--awb-spacing-right-large:5.76%;--awb-margin-bottom-large:20px;--awb-spacing-left-large:5.76%;--awb-width-medium:100%;--awb-order-medium:0;--awb-spacing-right-medium:1.92%;--awb-spacing-left-medium:1.92%;--awb-width-small:100%;--awb-order-small:0;--awb-spacing-right-small:1.92%;--awb-spacing-left-small:1.92%;\"><div class=\"fusion-column-wrapper fusion-column-has-shadow fusion-flex-justify-content-flex-start fusion-content-layout-column\"><div class=\"fusion-image-element \" style=\"text-align:center;--awb-caption-title-font-family:var(--h2_typography-font-family);--awb-caption-title-font-weight:var(--h2_typography-font-weight);--awb-caption-title-font-style:var(--h2_typography-font-style);--awb-caption-title-size:var(--h2_typography-font-size);--awb-caption-title-transform:var(--h2_typography-text-transform);--awb-caption-title-line-height:var(--h2_typography-line-height);--awb-caption-title-letter-spacing:var(--h2_typography-letter-spacing);\"><span class=\" fusion-imageframe imageframe-none imageframe-3 hover-type-none\"><img decoding=\"async\" width=\"533\" height=\"400\" title=\"2022-11-10 Pichanaki_Psarocolius decumanus_RioTambo_L. Pallarco_web\" src=\"https:\/\/envol-vert.org\/wp-content\/uploads\/2023\/01\/2022-11-10-Pichanaki_Psarocolius-decumanus_RioTambo_L.-Pallarco_web-533x400.jpg\" alt class=\"img-responsive wp-image-46491\" srcset=\"https:\/\/envol-vert.org\/wp-content\/uploads\/2023\/01\/2022-11-10-Pichanaki_Psarocolius-decumanus_RioTambo_L.-Pallarco_web-200x150.jpg 200w, https:\/\/envol-vert.org\/wp-content\/uploads\/2023\/01\/2022-11-10-Pichanaki_Psarocolius-decumanus_RioTambo_L.-Pallarco_web-400x300.jpg 400w, https:\/\/envol-vert.org\/wp-content\/uploads\/2023\/01\/2022-11-10-Pichanaki_Psarocolius-decumanus_RioTambo_L.-Pallarco_web-600x450.jpg 600w, https:\/\/envol-vert.org\/wp-content\/uploads\/2023\/01\/2022-11-10-Pichanaki_Psarocolius-decumanus_RioTambo_L.-Pallarco_web.jpg 800w\" sizes=\"(max-width: 1024px) 100vw, (max-width: 640px) 100vw, 400px\" \/><\/span><\/div><div class=\"fusion-text fusion-text-4\" style=\"--awb-text-transform:none;\"><p style=\"text-align: center;\"><em>Psarocolius decumanus<\/em><\/p>\n<\/div><\/div><\/div><div class=\"fusion-layout-column fusion_builder_column fusion-builder-column-4 fusion_builder_column_1_1 1_1 fusion-flex-column\" style=\"--awb-bg-size:cover;--awb-width-large:100%;--awb-margin-top-large:0px;--awb-spacing-right-large:1.92%;--awb-margin-bottom-large:20px;--awb-spacing-left-large:1.92%;--awb-width-medium:100%;--awb-order-medium:0;--awb-spacing-right-medium:1.92%;--awb-spacing-left-medium:1.92%;--awb-width-small:100%;--awb-order-small:0;--awb-spacing-right-small:1.92%;--awb-spacing-left-small:1.92%;\"><div class=\"fusion-column-wrapper fusion-column-has-shadow fusion-flex-justify-content-flex-start fusion-content-layout-column\"><div class=\"fusion-text fusion-text-5\" style=\"--awb-text-transform:none;\"><p><span style=\"font-weight: 400;\">Como estas an\u00e9cdotas existen muchas m\u00e1s, donde se evidencia la gran diversidad de nuestra selva peruana que gracias al <a href=\"https:\/\/envol-vert.org\/es\/acciones\/proyectos\/\">arduo trabajo de Envol Vert<\/a> ayudamos en su conservaci\u00f3n; sin embargo, a\u00fan hay mucho trabajo que hacer, cada a\u00f1o se evidencia inmensas extensiones de bosques quemados para introducir cultivos sin criterio de sostenibilidad, haciendo uso excesivo de agroqu\u00edmicos que con el paso del tiempo terminan matando el suelo y volviendo inf\u00e9rtil. Todas estas malas pr\u00e1cticas no nos desmotivan al contrario nos dan m\u00e1s aliento para poder seguir trabajando por la conservaci\u00f3n de los bosques y con ello la biodiversidad que habita en ellos. <\/span><\/p>\n<p><span style=\"font-weight: 400;\">\u00a1El bosque nos brinda servicios tenemos que devolv\u00e9rselos!<\/span><\/p>\n<\/div><\/div><\/div><\/div><\/div>\n","protected":false},"excerpt":{"rendered":"","protected":false},"featured_media":46488,"template":"","fils_d_actu_categ":[1428],"class_list":["post-46502","fil_d_actu","type-fil_d_actu","status-publish","has-post-thumbnail","hentry","fils_d_actu_categ-programa-cafe-cacao-agroforestales"],"_links":{"self":[{"href":"https:\/\/envol-vert.org\/es\/wp-json\/wp\/v2\/fil_d_actu\/46502","targetHints":{"allow":["GET"]}}],"collection":[{"href":"https:\/\/envol-vert.org\/es\/wp-json\/wp\/v2\/fil_d_actu"}],"about":[{"href":"https:\/\/envol-vert.org\/es\/wp-json\/wp\/v2\/types\/fil_d_actu"}],"version-history":[{"count":0,"href":"https:\/\/envol-vert.org\/es\/wp-json\/wp\/v2\/fil_d_actu\/46502\/revisions"}],"wp:featuredmedia":[{"embeddable":true,"href":"https:\/\/envol-vert.org\/es\/wp-json\/wp\/v2\/media\/46488"}],"wp:attachment":[{"href":"https:\/\/envol-vert.org\/es\/wp-json\/wp\/v2\/media?parent=46502"}],"wp:term":[{"taxonomy":"fils_d_actu_categ","embeddable":true,"href":"https:\/\/envol-vert.org\/es\/wp-json\/wp\/v2\/fils_d_actu_categ?post=46502"}],"curies":[{"name":"wp","href":"https:\/\/api.w.org\/{rel}","templated":true}]}}