{"id":46876,"date":"2022-09-14T00:50:03","date_gmt":"2022-09-13T22:50:03","guid":{"rendered":"https:\/\/envol-vert.org\/?post_type=fil_d_actu&#038;p=46876"},"modified":"2023-03-14T00:53:58","modified_gmt":"2023-03-13T22:53:58","slug":"visita-de-la-embajada-de-canada","status":"publish","type":"fil_d_actu","link":"https:\/\/envol-vert.org\/es\/act\/visita-de-la-embajada-de-canada\/","title":{"rendered":"Visita de la embajada de Canad\u00e1"},"content":{"rendered":"<div class=\"fusion-fullwidth fullwidth-box fusion-builder-row-1 fusion-flex-container nonhundred-percent-fullwidth non-hundred-percent-height-scrolling\" style=\"--awb-border-radius-top-left:0px;--awb-border-radius-top-right:0px;--awb-border-radius-bottom-right:0px;--awb-border-radius-bottom-left:0px;--awb-flex-wrap:wrap;\" ><div class=\"fusion-builder-row fusion-row fusion-flex-align-items-flex-start fusion-flex-content-wrap\" style=\"max-width:1040px;margin-left: calc(-4% \/ 2 );margin-right: calc(-4% \/ 2 );\"><div class=\"fusion-layout-column fusion_builder_column fusion-builder-column-0 fusion_builder_column_1_1 1_1 fusion-flex-column\" style=\"--awb-bg-size:cover;--awb-width-large:100%;--awb-margin-top-large:0px;--awb-spacing-right-large:1.92%;--awb-margin-bottom-large:20px;--awb-spacing-left-large:1.92%;--awb-width-medium:100%;--awb-order-medium:0;--awb-spacing-right-medium:1.92%;--awb-spacing-left-medium:1.92%;--awb-width-small:100%;--awb-order-small:0;--awb-spacing-right-small:1.92%;--awb-spacing-left-small:1.92%;\"><div class=\"fusion-column-wrapper fusion-column-has-shadow fusion-flex-justify-content-flex-start fusion-content-layout-column\"><div class=\"fusion-text fusion-text-1\" style=\"--awb-text-transform:none;\"><p><span style=\"font-weight: 400;\">A principios de septiembre recibimos la visita de Gabriela y Robin, dos representantes de la Embajada de Canad\u00e1 en Colombia. Desde el mes de julio, prestan un apoyo financiero al proyecto, para un periodo de ocho meses.\u00a0<\/span><\/p>\n<p><span style=\"font-weight: 400;\">Durante esta visita, cuyo objetivo era conocer a Agrosolidaria y a la comunidad agr\u00edcola de Socota, descubrieron nuestras diferentes actividades e intercambiaron con las familias participantes. Conocieron a los alumnos del Colegio de Comeza que les hablaron de las particularidades del territorio y compartieron con ellos sus experiencias en la escuela de formaci\u00f3n mensual. Tambi\u00e9n visitaron nuestros tres viveros, y uno de los molinos hidr\u00e1ulicos de la asociaci\u00f3n que estaba moliendo el trigo de la reciente cosecha. El segundo d\u00eda, encontraron a los apiarios de Frailejonal (zona alta), que les mostraron el proceso de extracci\u00f3n de la miel, de la colmena al frasco.<\/span><\/p>\n<\/div><\/div><\/div><\/div><\/div>\n","protected":false},"excerpt":{"rendered":"","protected":false},"featured_media":46877,"template":"","fils_d_actu_categ":[1747],"class_list":["post-46876","fil_d_actu","type-fil_d_actu","status-publish","has-post-thumbnail","hentry","fils_d_actu_categ-proyecto-agricultura-patrimonio-socota"],"_links":{"self":[{"href":"https:\/\/envol-vert.org\/es\/wp-json\/wp\/v2\/fil_d_actu\/46876","targetHints":{"allow":["GET"]}}],"collection":[{"href":"https:\/\/envol-vert.org\/es\/wp-json\/wp\/v2\/fil_d_actu"}],"about":[{"href":"https:\/\/envol-vert.org\/es\/wp-json\/wp\/v2\/types\/fil_d_actu"}],"version-history":[{"count":0,"href":"https:\/\/envol-vert.org\/es\/wp-json\/wp\/v2\/fil_d_actu\/46876\/revisions"}],"wp:featuredmedia":[{"embeddable":true,"href":"https:\/\/envol-vert.org\/es\/wp-json\/wp\/v2\/media\/46877"}],"wp:attachment":[{"href":"https:\/\/envol-vert.org\/es\/wp-json\/wp\/v2\/media?parent=46876"}],"wp:term":[{"taxonomy":"fils_d_actu_categ","embeddable":true,"href":"https:\/\/envol-vert.org\/es\/wp-json\/wp\/v2\/fils_d_actu_categ?post=46876"}],"curies":[{"name":"wp","href":"https:\/\/api.w.org\/{rel}","templated":true}]}}