{"id":46883,"date":"2022-11-14T00:58:14","date_gmt":"2022-11-13T22:58:14","guid":{"rendered":"https:\/\/envol-vert.org\/?post_type=fil_d_actu&#038;p=46883"},"modified":"2023-03-14T01:03:28","modified_gmt":"2023-03-13T23:03:28","slug":"progreso-del-proyecto-apicola","status":"publish","type":"fil_d_actu","link":"https:\/\/envol-vert.org\/es\/act\/progreso-del-proyecto-apicola\/","title":{"rendered":"Progreso del proyecto ap\u00edcola"},"content":{"rendered":"<div class=\"fusion-fullwidth fullwidth-box fusion-builder-row-1 fusion-flex-container nonhundred-percent-fullwidth non-hundred-percent-height-scrolling\" style=\"--awb-border-radius-top-left:0px;--awb-border-radius-top-right:0px;--awb-border-radius-bottom-right:0px;--awb-border-radius-bottom-left:0px;--awb-flex-wrap:wrap;\" ><div class=\"fusion-builder-row fusion-row fusion-flex-align-items-flex-start fusion-flex-content-wrap\" style=\"max-width:1040px;margin-left: calc(-4% \/ 2 );margin-right: calc(-4% \/ 2 );\"><div class=\"fusion-layout-column fusion_builder_column fusion-builder-column-0 fusion_builder_column_1_1 1_1 fusion-flex-column\" style=\"--awb-bg-size:cover;--awb-width-large:100%;--awb-margin-top-large:0px;--awb-spacing-right-large:1.92%;--awb-margin-bottom-large:20px;--awb-spacing-left-large:1.92%;--awb-width-medium:100%;--awb-order-medium:0;--awb-spacing-right-medium:1.92%;--awb-spacing-left-medium:1.92%;--awb-width-small:100%;--awb-order-small:0;--awb-spacing-right-small:1.92%;--awb-spacing-left-small:1.92%;\"><div class=\"fusion-column-wrapper fusion-column-has-shadow fusion-flex-justify-content-flex-start fusion-content-layout-column\"><div class=\"fusion-text fusion-text-1\" style=\"--awb-text-transform:none;\"><p><span style=\"font-weight: 400;\">La semana pasada, se instalaron veinte nuevas colmenas en las fincas de nueve familias participantes del proyecto ap\u00edcola en las veredas de la Vega, el Hato, Comeza, Pueblo Nuevo y Frailejonal. Adem\u00e1s de contribuir a la conservaci\u00f3n del medio ambiente gracias a la funci\u00f3n polinizadora de las abejas que garantiza la reproducci\u00f3n de las especies vegetales, la apicultura es una alternativa econ\u00f3mica sostenible para la comunidad, gracias a la venta de los productos de la colmena, especialmente la miel y el polen.\u00a0<\/span><\/p>\n<p><span style=\"font-weight: 400;\">Para fortalecer sus unidades productivas, los apicultores de Socot\u00e1, participan en cursos de formaci\u00f3n tem\u00e1ticos. En noviembre, dieciocho de ellos participaron en un taller sobre la cera de abeja. Durante esta jornada, aprendieron a reutilizar la cera recogida en la colmena, con el fin de hacer nuevos cuadros para recoger la miel, mediante el uso de una estampadora. <\/span><\/p>\n<\/div><\/div><\/div><\/div><\/div>\n","protected":false},"excerpt":{"rendered":"","protected":false},"featured_media":46884,"template":"","fils_d_actu_categ":[1747],"class_list":["post-46883","fil_d_actu","type-fil_d_actu","status-publish","has-post-thumbnail","hentry","fils_d_actu_categ-proyecto-agricultura-patrimonio-socota"],"yoast_head":"<!-- This site is optimized with the Yoast SEO plugin v28.3 - https:\/\/yoast.com\/product\/yoast-seo-wordpress\/ -->\n<title>Progreso del proyecto ap\u00edcola - Envol Vert<\/title>\n<meta name=\"description\" content=\"La semana pasada, se instalaron veinte nuevas colmenas en las fincas de nueve familias participantes del proyecto ap\u00edcola\" \/>\n<meta name=\"robots\" content=\"index, follow, max-snippet:-1, max-image-preview:large, max-video-preview:-1\" \/>\n<link rel=\"canonical\" href=\"https:\/\/envol-vert.org\/es\/act\/progreso-del-proyecto-apicola\/\" \/>\n<meta property=\"og:locale\" content=\"es_ES\" \/>\n<meta property=\"og:type\" content=\"article\" \/>\n<meta property=\"og:title\" content=\"Progreso del proyecto ap\u00edcola - Envol Vert\" \/>\n<meta property=\"og:description\" content=\"La semana pasada, se instalaron veinte nuevas colmenas en las fincas de nueve familias participantes del proyecto ap\u00edcola\" \/>\n<meta property=\"og:url\" content=\"https:\/\/envol-vert.org\/es\/act\/progreso-del-proyecto-apicola\/\" \/>\n<meta property=\"og:site_name\" content=\"Envol Vert\" \/>\n<meta property=\"article:publisher\" content=\"https:\/\/www.facebook.com\/EnvolVertFrance\/\" \/>\n<meta property=\"article:modified_time\" content=\"2023-03-13T23:03:28+00:00\" \/>\n<meta property=\"og:image\" content=\"https:\/\/envol-vert.org\/wp-content\/uploads\/2023\/03\/ProyectoSocota_Socota.InstalaciondelasColmenas_noviembre2022\u00a9A.Chatal_web.jpg\" \/>\n\t<meta property=\"og:image:width\" content=\"1200\" \/>\n\t<meta property=\"og:image:height\" content=\"600\" \/>\n\t<meta property=\"og:image:type\" content=\"image\/jpeg\" \/>\n<meta name=\"twitter:card\" content=\"summary_large_image\" \/>\n<meta name=\"twitter:site\" content=\"@Envolvert\" \/>\n<script type=\"application\/ld+json\" class=\"yoast-schema-graph\">{\"@context\":\"https:\\\/\\\/schema.org\",\"@graph\":[{\"@type\":\"WebPage\",\"@id\":\"https:\\\/\\\/envol-vert.org\\\/es\\\/act\\\/progreso-del-proyecto-apicola\\\/\",\"url\":\"https:\\\/\\\/envol-vert.org\\\/es\\\/act\\\/progreso-del-proyecto-apicola\\\/\",\"name\":\"Progreso del proyecto ap\u00edcola - Envol Vert\",\"isPartOf\":{\"@id\":\"https:\\\/\\\/envol-vert.org\\\/es\\\/#website\"},\"primaryImageOfPage\":{\"@id\":\"https:\\\/\\\/envol-vert.org\\\/es\\\/act\\\/progreso-del-proyecto-apicola\\\/#primaryimage\"},\"image\":{\"@id\":\"https:\\\/\\\/envol-vert.org\\\/es\\\/act\\\/progreso-del-proyecto-apicola\\\/#primaryimage\"},\"thumbnailUrl\":\"https:\\\/\\\/envol-vert.org\\\/wp-content\\\/uploads\\\/2023\\\/03\\\/ProyectoSocota_Socota.InstalaciondelasColmenas_noviembre2022\u00a9A.Chatal_web.jpg\",\"datePublished\":\"2022-11-13T22:58:14+00:00\",\"dateModified\":\"2023-03-13T23:03:28+00:00\",\"description\":\"La semana pasada, se instalaron veinte nuevas colmenas en las fincas de nueve familias participantes del proyecto ap\u00edcola\",\"breadcrumb\":{\"@id\":\"https:\\\/\\\/envol-vert.org\\\/es\\\/act\\\/progreso-del-proyecto-apicola\\\/#breadcrumb\"},\"inLanguage\":\"es-ES\",\"potentialAction\":[{\"@type\":\"ReadAction\",\"target\":[\"https:\\\/\\\/envol-vert.org\\\/es\\\/act\\\/progreso-del-proyecto-apicola\\\/\"]}]},{\"@type\":\"ImageObject\",\"inLanguage\":\"es-ES\",\"@id\":\"https:\\\/\\\/envol-vert.org\\\/es\\\/act\\\/progreso-del-proyecto-apicola\\\/#primaryimage\",\"url\":\"https:\\\/\\\/envol-vert.org\\\/wp-content\\\/uploads\\\/2023\\\/03\\\/ProyectoSocota_Socota.InstalaciondelasColmenas_noviembre2022\u00a9A.Chatal_web.jpg\",\"contentUrl\":\"https:\\\/\\\/envol-vert.org\\\/wp-content\\\/uploads\\\/2023\\\/03\\\/ProyectoSocota_Socota.InstalaciondelasColmenas_noviembre2022\u00a9A.Chatal_web.jpg\",\"width\":1200,\"height\":600},{\"@type\":\"BreadcrumbList\",\"@id\":\"https:\\\/\\\/envol-vert.org\\\/es\\\/act\\\/progreso-del-proyecto-apicola\\\/#breadcrumb\",\"itemListElement\":[{\"@type\":\"ListItem\",\"position\":1,\"name\":\"Accueil\",\"item\":\"https:\\\/\\\/envol-vert.org\\\/es\\\/\"},{\"@type\":\"ListItem\",\"position\":2,\"name\":\"Progreso del proyecto ap\u00edcola\"}]},{\"@type\":\"WebSite\",\"@id\":\"https:\\\/\\\/envol-vert.org\\\/es\\\/#website\",\"url\":\"https:\\\/\\\/envol-vert.org\\\/es\\\/\",\"name\":\"Envol Vert\",\"description\":\"La for\u00eat nous rend service, rendons le lui.\",\"publisher\":{\"@id\":\"https:\\\/\\\/envol-vert.org\\\/es\\\/#organization\"},\"potentialAction\":[{\"@type\":\"SearchAction\",\"target\":{\"@type\":\"EntryPoint\",\"urlTemplate\":\"https:\\\/\\\/envol-vert.org\\\/es\\\/?s={search_term_string}\"},\"query-input\":{\"@type\":\"PropertyValueSpecification\",\"valueRequired\":true,\"valueName\":\"search_term_string\"}}],\"inLanguage\":\"es-ES\"},{\"@type\":\"Organization\",\"@id\":\"https:\\\/\\\/envol-vert.org\\\/es\\\/#organization\",\"name\":\"Envol Vert\",\"url\":\"https:\\\/\\\/envol-vert.org\\\/es\\\/\",\"logo\":{\"@type\":\"ImageObject\",\"inLanguage\":\"es-ES\",\"@id\":\"https:\\\/\\\/envol-vert.org\\\/es\\\/#\\\/schema\\\/logo\\\/image\\\/\",\"url\":\"https:\\\/\\\/envol-vert.org\\\/wp-content\\\/uploads\\\/2021\\\/03\\\/Logo-icone-site.png\",\"contentUrl\":\"https:\\\/\\\/envol-vert.org\\\/wp-content\\\/uploads\\\/2021\\\/03\\\/Logo-icone-site.png\",\"width\":512,\"height\":512,\"caption\":\"Envol Vert\"},\"image\":{\"@id\":\"https:\\\/\\\/envol-vert.org\\\/es\\\/#\\\/schema\\\/logo\\\/image\\\/\"},\"sameAs\":[\"https:\\\/\\\/www.facebook.com\\\/EnvolVertFrance\\\/\",\"https:\\\/\\\/x.com\\\/Envolvert\",\"https:\\\/\\\/www.instagram.com\\\/envol_vert_france\\\/\",\"https:\\\/\\\/www.linkedin.com\\\/company\\\/envolvert\\\/\",\"https:\\\/\\\/www.youtube.com\\\/c\\\/EnvolVert\"]}]}<\/script>\n<!-- \/ Yoast SEO plugin. -->","yoast_head_json":{"title":"Progreso del proyecto ap\u00edcola - Envol Vert","description":"La semana pasada, se instalaron veinte nuevas colmenas en las fincas de nueve familias participantes del proyecto ap\u00edcola","robots":{"index":"index","follow":"follow","max-snippet":"max-snippet:-1","max-image-preview":"max-image-preview:large","max-video-preview":"max-video-preview:-1"},"canonical":"https:\/\/envol-vert.org\/es\/act\/progreso-del-proyecto-apicola\/","og_locale":"es_ES","og_type":"article","og_title":"Progreso del proyecto ap\u00edcola - Envol Vert","og_description":"La semana pasada, se instalaron veinte nuevas colmenas en las fincas de nueve familias participantes del proyecto ap\u00edcola","og_url":"https:\/\/envol-vert.org\/es\/act\/progreso-del-proyecto-apicola\/","og_site_name":"Envol Vert","article_publisher":"https:\/\/www.facebook.com\/EnvolVertFrance\/","article_modified_time":"2023-03-13T23:03:28+00:00","og_image":[{"width":1200,"height":600,"url":"https:\/\/envol-vert.org\/wp-content\/uploads\/2023\/03\/ProyectoSocota_Socota.InstalaciondelasColmenas_noviembre2022\u00a9A.Chatal_web.jpg","type":"image\/jpeg"}],"twitter_card":"summary_large_image","twitter_site":"@Envolvert","schema":{"@context":"https:\/\/schema.org","@graph":[{"@type":"WebPage","@id":"https:\/\/envol-vert.org\/es\/act\/progreso-del-proyecto-apicola\/","url":"https:\/\/envol-vert.org\/es\/act\/progreso-del-proyecto-apicola\/","name":"Progreso del proyecto ap\u00edcola - Envol Vert","isPartOf":{"@id":"https:\/\/envol-vert.org\/es\/#website"},"primaryImageOfPage":{"@id":"https:\/\/envol-vert.org\/es\/act\/progreso-del-proyecto-apicola\/#primaryimage"},"image":{"@id":"https:\/\/envol-vert.org\/es\/act\/progreso-del-proyecto-apicola\/#primaryimage"},"thumbnailUrl":"https:\/\/envol-vert.org\/wp-content\/uploads\/2023\/03\/ProyectoSocota_Socota.InstalaciondelasColmenas_noviembre2022\u00a9A.Chatal_web.jpg","datePublished":"2022-11-13T22:58:14+00:00","dateModified":"2023-03-13T23:03:28+00:00","description":"La semana pasada, se instalaron veinte nuevas colmenas en las fincas de nueve familias participantes del proyecto ap\u00edcola","breadcrumb":{"@id":"https:\/\/envol-vert.org\/es\/act\/progreso-del-proyecto-apicola\/#breadcrumb"},"inLanguage":"es-ES","potentialAction":[{"@type":"ReadAction","target":["https:\/\/envol-vert.org\/es\/act\/progreso-del-proyecto-apicola\/"]}]},{"@type":"ImageObject","inLanguage":"es-ES","@id":"https:\/\/envol-vert.org\/es\/act\/progreso-del-proyecto-apicola\/#primaryimage","url":"https:\/\/envol-vert.org\/wp-content\/uploads\/2023\/03\/ProyectoSocota_Socota.InstalaciondelasColmenas_noviembre2022\u00a9A.Chatal_web.jpg","contentUrl":"https:\/\/envol-vert.org\/wp-content\/uploads\/2023\/03\/ProyectoSocota_Socota.InstalaciondelasColmenas_noviembre2022\u00a9A.Chatal_web.jpg","width":1200,"height":600},{"@type":"BreadcrumbList","@id":"https:\/\/envol-vert.org\/es\/act\/progreso-del-proyecto-apicola\/#breadcrumb","itemListElement":[{"@type":"ListItem","position":1,"name":"Accueil","item":"https:\/\/envol-vert.org\/es\/"},{"@type":"ListItem","position":2,"name":"Progreso del proyecto ap\u00edcola"}]},{"@type":"WebSite","@id":"https:\/\/envol-vert.org\/es\/#website","url":"https:\/\/envol-vert.org\/es\/","name":"Envol Vert","description":"La for\u00eat nous rend service, rendons le lui.","publisher":{"@id":"https:\/\/envol-vert.org\/es\/#organization"},"potentialAction":[{"@type":"SearchAction","target":{"@type":"EntryPoint","urlTemplate":"https:\/\/envol-vert.org\/es\/?s={search_term_string}"},"query-input":{"@type":"PropertyValueSpecification","valueRequired":true,"valueName":"search_term_string"}}],"inLanguage":"es-ES"},{"@type":"Organization","@id":"https:\/\/envol-vert.org\/es\/#organization","name":"Envol Vert","url":"https:\/\/envol-vert.org\/es\/","logo":{"@type":"ImageObject","inLanguage":"es-ES","@id":"https:\/\/envol-vert.org\/es\/#\/schema\/logo\/image\/","url":"https:\/\/envol-vert.org\/wp-content\/uploads\/2021\/03\/Logo-icone-site.png","contentUrl":"https:\/\/envol-vert.org\/wp-content\/uploads\/2021\/03\/Logo-icone-site.png","width":512,"height":512,"caption":"Envol Vert"},"image":{"@id":"https:\/\/envol-vert.org\/es\/#\/schema\/logo\/image\/"},"sameAs":["https:\/\/www.facebook.com\/EnvolVertFrance\/","https:\/\/x.com\/Envolvert","https:\/\/www.instagram.com\/envol_vert_france\/","https:\/\/www.linkedin.com\/company\/envolvert\/","https:\/\/www.youtube.com\/c\/EnvolVert"]}]}},"_links":{"self":[{"href":"https:\/\/envol-vert.org\/es\/wp-json\/wp\/v2\/fil_d_actu\/46883","targetHints":{"allow":["GET"]}}],"collection":[{"href":"https:\/\/envol-vert.org\/es\/wp-json\/wp\/v2\/fil_d_actu"}],"about":[{"href":"https:\/\/envol-vert.org\/es\/wp-json\/wp\/v2\/types\/fil_d_actu"}],"version-history":[{"count":0,"href":"https:\/\/envol-vert.org\/es\/wp-json\/wp\/v2\/fil_d_actu\/46883\/revisions"}],"wp:featuredmedia":[{"embeddable":true,"href":"https:\/\/envol-vert.org\/es\/wp-json\/wp\/v2\/media\/46884"}],"wp:attachment":[{"href":"https:\/\/envol-vert.org\/es\/wp-json\/wp\/v2\/media?parent=46883"}],"wp:term":[{"taxonomy":"fils_d_actu_categ","embeddable":true,"href":"https:\/\/envol-vert.org\/es\/wp-json\/wp\/v2\/fils_d_actu_categ?post=46883"}],"curies":[{"name":"wp","href":"https:\/\/api.w.org\/{rel}","templated":true}]}}