{"id":46926,"date":"2022-03-16T00:09:27","date_gmt":"2022-03-15T22:09:27","guid":{"rendered":"https:\/\/envol-vert.org\/?post_type=fil_d_actu&#038;p=46926"},"modified":"2023-03-16T00:16:14","modified_gmt":"2023-03-15T22:16:14","slug":"recoleccion-de-semillas-de-arboles-endemicos-en-el-bonguito-piojo","status":"publish","type":"fil_d_actu","link":"https:\/\/envol-vert.org\/es\/act\/recoleccion-de-semillas-de-arboles-endemicos-en-el-bonguito-piojo\/","title":{"rendered":"Recolecci\u00f3n de semillas de \u00e1rboles end\u00e9micos en El Bonguito, Pioj\u00f3"},"content":{"rendered":"<div class=\"fusion-fullwidth fullwidth-box fusion-builder-row-1 fusion-flex-container nonhundred-percent-fullwidth non-hundred-percent-height-scrolling\" style=\"--awb-border-radius-top-left:0px;--awb-border-radius-top-right:0px;--awb-border-radius-bottom-right:0px;--awb-border-radius-bottom-left:0px;--awb-flex-wrap:wrap;\" ><div class=\"fusion-builder-row fusion-row fusion-flex-align-items-flex-start fusion-flex-content-wrap\" style=\"max-width:1040px;margin-left: calc(-4% \/ 2 );margin-right: calc(-4% \/ 2 );\"><div class=\"fusion-layout-column fusion_builder_column fusion-builder-column-0 fusion_builder_column_1_1 1_1 fusion-flex-column\" style=\"--awb-bg-size:cover;--awb-width-large:100%;--awb-margin-top-large:0px;--awb-spacing-right-large:1.92%;--awb-margin-bottom-large:20px;--awb-spacing-left-large:1.92%;--awb-width-medium:100%;--awb-order-medium:0;--awb-spacing-right-medium:1.92%;--awb-spacing-left-medium:1.92%;--awb-width-small:100%;--awb-order-small:0;--awb-spacing-right-small:1.92%;--awb-spacing-left-small:1.92%;\"><div class=\"fusion-column-wrapper fusion-column-has-shadow fusion-flex-justify-content-flex-start fusion-content-layout-column\"><div class=\"fusion-text fusion-text-1\" style=\"--awb-text-transform:none;\"><p><span style=\"font-weight: 400;\">El final de la estaci\u00f3n seca y el comienzo de la estaci\u00f3n lluviosa es una \u00e9poca favorable para la producci\u00f3n de semillas de muchas especies de plantas tropicales. Esta etapa es decisiva para el resto del proyecto, ya que determinar\u00e1 el n\u00famero y la diversidad de las especies plantadas durante la temporada. Durante este periodo, los participantes del vivero de Aguas Vivas (Pioj\u00f3, Atl\u00e1ntico) se dirigieron a un fragmento del bosque \u00abEl Bonguito\u00bb para recolectar las semillas de los \u00e1rboles tropicales. La decena de participantes en el proyecto, acompa\u00f1ados por Isha y Suzana de la fundaci\u00f3n socia Chukuwata, recolectaron 20 especies de \u00e1rboles end\u00e9micos totalizando m\u00e1s de 11.000 semillas. La recolecci\u00f3n sigui\u00f3 con el descascarillado de las semillas, la mayor\u00eda de las cuales est\u00e1n protegidas por un pericarpio, una envoltura protectora de las semillas, que hay que retirar para favorecer su almacenamiento y la germinaci\u00f3n.<\/span><\/p>\n<\/div><\/div><\/div><\/div><\/div>\n","protected":false},"excerpt":{"rendered":"","protected":false},"featured_media":46927,"template":"","fils_d_actu_categ":[1653],"class_list":["post-46926","fil_d_actu","type-fil_d_actu","status-publish","has-post-thumbnail","hentry","fils_d_actu_categ-programa-de-preservacion-de-los-bosques-secos"],"_links":{"self":[{"href":"https:\/\/envol-vert.org\/es\/wp-json\/wp\/v2\/fil_d_actu\/46926","targetHints":{"allow":["GET"]}}],"collection":[{"href":"https:\/\/envol-vert.org\/es\/wp-json\/wp\/v2\/fil_d_actu"}],"about":[{"href":"https:\/\/envol-vert.org\/es\/wp-json\/wp\/v2\/types\/fil_d_actu"}],"version-history":[{"count":0,"href":"https:\/\/envol-vert.org\/es\/wp-json\/wp\/v2\/fil_d_actu\/46926\/revisions"}],"wp:featuredmedia":[{"embeddable":true,"href":"https:\/\/envol-vert.org\/es\/wp-json\/wp\/v2\/media\/46927"}],"wp:attachment":[{"href":"https:\/\/envol-vert.org\/es\/wp-json\/wp\/v2\/media?parent=46926"}],"wp:term":[{"taxonomy":"fils_d_actu_categ","embeddable":true,"href":"https:\/\/envol-vert.org\/es\/wp-json\/wp\/v2\/fils_d_actu_categ?post=46926"}],"curies":[{"name":"wp","href":"https:\/\/api.w.org\/{rel}","templated":true}]}}