{"id":46942,"date":"2022-05-16T00:40:05","date_gmt":"2022-05-15T22:40:05","guid":{"rendered":"https:\/\/envol-vert.org\/?post_type=fil_d_actu&#038;p=46942"},"modified":"2023-03-16T00:46:03","modified_gmt":"2023-03-15T22:46:03","slug":"biopreparado-preparacion-fisica-de-las-plantas-contra-los-ataques-externos","status":"publish","type":"fil_d_actu","link":"https:\/\/envol-vert.org\/es\/act\/biopreparado-preparacion-fisica-de-las-plantas-contra-los-ataques-externos\/","title":{"rendered":"Biopreparado : preparaci\u00f3n f\u00edsica de las plantas contra los ataques externos"},"content":{"rendered":"<div class=\"fusion-fullwidth fullwidth-box fusion-builder-row-1 fusion-flex-container nonhundred-percent-fullwidth non-hundred-percent-height-scrolling\" style=\"--awb-border-radius-top-left:0px;--awb-border-radius-top-right:0px;--awb-border-radius-bottom-right:0px;--awb-border-radius-bottom-left:0px;--awb-flex-wrap:wrap;\" ><div class=\"fusion-builder-row fusion-row fusion-flex-align-items-flex-start fusion-flex-content-wrap\" style=\"max-width:1040px;margin-left: calc(-4% \/ 2 );margin-right: calc(-4% \/ 2 );\"><div class=\"fusion-layout-column fusion_builder_column fusion-builder-column-0 fusion_builder_column_1_1 1_1 fusion-flex-column\" style=\"--awb-bg-size:cover;--awb-width-large:100%;--awb-margin-top-large:0px;--awb-spacing-right-large:1.92%;--awb-margin-bottom-large:20px;--awb-spacing-left-large:1.92%;--awb-width-medium:100%;--awb-order-medium:0;--awb-spacing-right-medium:1.92%;--awb-spacing-left-medium:1.92%;--awb-width-small:100%;--awb-order-small:0;--awb-spacing-right-small:1.92%;--awb-spacing-left-small:1.92%;\"><div class=\"fusion-column-wrapper fusion-column-has-shadow fusion-flex-justify-content-flex-start fusion-content-layout-column\"><div class=\"fusion-text fusion-text-1\" style=\"--awb-text-transform:none;\"><p><span style=\"font-weight: 400;\">En el bosque tropical de Ovejas, Sucre, durante este mes de Mayo, se hizo en los 5 viveros comunitarios lo que llamamos: Biopreparado.<\/span><\/p>\n<p><span style=\"font-weight: 400;\">\u00bfPero qu\u00e9 es un biopreparado y a qu\u00e9 sirve?<br \/>\n<\/span><span style=\"font-weight: 400;\">Un Biopreparado es una mezcla fermentada de alimentos con PH muy \u00e1cido que permite a las plantas protegerse contra las plagas.<br \/>\n<\/span><span style=\"font-weight: 400;\">Ese tipo de preparaci\u00f3n no mata a la plaga si no la aleja.\u00a0<\/span><\/p>\n<p><span style=\"font-weight: 400;\">\u00bfY cu\u00e1l es una plaga?<br \/>\n<\/span><span style=\"font-weight: 400;\">Una plaga puede ser cualquier tipo de insecto o gusano que viene a alimentarse de la planta, da\u00f1ando su crecimiento natural.\u00a0<\/span><\/p>\n<p><span style=\"font-weight: 400;\">Por ejemplo, en las 5 zonas donde se ubican los viveros, una abeja negra\u00a0 que llamamos Meliponini, g\u00e9nero Trigona. lleg\u00f3 y empez\u00f3 a comer las hojas de los c\u00edtricos.\u00a0<\/span><\/p>\n<p><span style=\"font-weight: 400;\">Esa abeja es muy importante para el ecosistema, no obstante, nosotros debemos proteger a los c\u00edtricos y encontrar una soluci\u00f3n sin da\u00f1ar tanto a ella como al suelo. Entonces, se implement\u00f3 biopreparados a base de cebolla, aj\u00ed, ajo y jab\u00f3n de coco. El jab\u00f3n de coco solo permite tener una consistencia adecuada. Se deja fermentar con alcohol, se licua, se pone 5cm por 2L. Luego de eso, es hecha con una bomba en las plantas.\u00a0 Despu\u00e9s de 2 semanas de control, podemos ver un resultado fructuoso en los viveros.\u00a0<\/span><\/p>\n<\/div><\/div><\/div><\/div><\/div>\n","protected":false},"excerpt":{"rendered":"","protected":false},"featured_media":46943,"template":"","fils_d_actu_categ":[1653],"class_list":["post-46942","fil_d_actu","type-fil_d_actu","status-publish","has-post-thumbnail","hentry","fils_d_actu_categ-programa-de-preservacion-de-los-bosques-secos"],"_links":{"self":[{"href":"https:\/\/envol-vert.org\/es\/wp-json\/wp\/v2\/fil_d_actu\/46942","targetHints":{"allow":["GET"]}}],"collection":[{"href":"https:\/\/envol-vert.org\/es\/wp-json\/wp\/v2\/fil_d_actu"}],"about":[{"href":"https:\/\/envol-vert.org\/es\/wp-json\/wp\/v2\/types\/fil_d_actu"}],"version-history":[{"count":0,"href":"https:\/\/envol-vert.org\/es\/wp-json\/wp\/v2\/fil_d_actu\/46942\/revisions"}],"wp:featuredmedia":[{"embeddable":true,"href":"https:\/\/envol-vert.org\/es\/wp-json\/wp\/v2\/media\/46943"}],"wp:attachment":[{"href":"https:\/\/envol-vert.org\/es\/wp-json\/wp\/v2\/media?parent=46942"}],"wp:term":[{"taxonomy":"fils_d_actu_categ","embeddable":true,"href":"https:\/\/envol-vert.org\/es\/wp-json\/wp\/v2\/fils_d_actu_categ?post=46942"}],"curies":[{"name":"wp","href":"https:\/\/api.w.org\/{rel}","templated":true}]}}