{"id":47312,"date":"2023-01-27T22:14:19","date_gmt":"2023-01-27T20:14:19","guid":{"rendered":"https:\/\/envol-vert.org\/?post_type=fil_d_actu&#038;p=47312"},"modified":"2023-04-27T22:16:33","modified_gmt":"2023-04-27T20:16:33","slug":"educacion-semillas-de-esperanza-para-manana","status":"publish","type":"fil_d_actu","link":"https:\/\/envol-vert.org\/es\/act\/educacion-semillas-de-esperanza-para-manana\/","title":{"rendered":"Educaci\u00f3n, semillas de esperanza para ma\u00f1ana"},"content":{"rendered":"<div class=\"fusion-fullwidth fullwidth-box fusion-builder-row-1 fusion-flex-container nonhundred-percent-fullwidth non-hundred-percent-height-scrolling\" style=\"--awb-border-radius-top-left:0px;--awb-border-radius-top-right:0px;--awb-border-radius-bottom-right:0px;--awb-border-radius-bottom-left:0px;--awb-flex-wrap:wrap;\" ><div class=\"fusion-builder-row fusion-row fusion-flex-align-items-flex-start fusion-flex-content-wrap\" style=\"max-width:1040px;margin-left: calc(-4% \/ 2 );margin-right: calc(-4% \/ 2 );\"><div class=\"fusion-layout-column fusion_builder_column fusion-builder-column-0 fusion_builder_column_1_1 1_1 fusion-flex-column\" style=\"--awb-bg-size:cover;--awb-width-large:100%;--awb-margin-top-large:0px;--awb-spacing-right-large:1.92%;--awb-margin-bottom-large:20px;--awb-spacing-left-large:1.92%;--awb-width-medium:100%;--awb-order-medium:0;--awb-spacing-right-medium:1.92%;--awb-spacing-left-medium:1.92%;--awb-width-small:100%;--awb-order-small:0;--awb-spacing-right-small:1.92%;--awb-spacing-left-small:1.92%;\"><div class=\"fusion-column-wrapper fusion-column-has-shadow fusion-flex-justify-content-flex-start fusion-content-layout-column\"><div class=\"fusion-text fusion-text-1\" style=\"--awb-text-transform:none;\"><blockquote>\n<p><span style=\"font-weight: 400;\">&#8220;La educaci\u00f3n es el arma m\u00e1s poderosa que se puede utilizar para cambiar el mundo&#8221; Nelson Mandela. <\/span><\/p>\n<\/blockquote>\n<\/div><div class=\"fusion-text fusion-text-2\" style=\"--awb-text-transform:none;\"><p><span style=\"font-weight: 400;\">En un contexto en el que es necesario un cambio de las pr\u00e1cticas humanas a todos los niveles para responder a la emergencia clim\u00e1tica, Conservaci\u00f3n Amaz\u00f3nica y Envol Vert comparten esta visi\u00f3n de la educaci\u00f3n y siguen trabajando para sensibilizar a los m\u00e1s peque\u00f1os, ya que ellos ser\u00e1n quienes velar\u00e1n por el futuro de la selva amaz\u00f3nica.<\/span><\/p>\n<p><span style=\"font-weight: 400;\">En las comunidades cercanas a la concesi\u00f3n se cultiva principalmente tabaco y ma\u00edz con pr\u00e1cticas propias de la agricultura convencional. Estas actividades agr\u00edcolas degradan el suelo, lo que conlleva a los agricultores a buscar nuevas tierras para continuar con el ciclo de roza y quema de espacios f\u00e9rtiles para que les brinden \u2018\u2019buenos rendimientos\u2019\u2019. Para limitar esta p\u00e9rdida de biodiversidad, hay que cambiar los h\u00e1bitos y costumbres hacia m\u00e9todos m\u00e1s sostenibles y respetuosos con el medio ambiente: nos corresponde a nosotros sembrar las ideas en los m\u00e1s j\u00f3venes.<\/span><\/p>\n<\/div><div class=\"fusion-image-element\" style=\"text-align:center;--awb-margin-bottom:5%;--awb-caption-title-font-family:var(--h2_typography-font-family);--awb-caption-title-font-weight:var(--h2_typography-font-weight);--awb-caption-title-font-style:var(--h2_typography-font-style);--awb-caption-title-size:var(--h2_typography-font-size);--awb-caption-title-transform:var(--h2_typography-text-transform);--awb-caption-title-line-height:var(--h2_typography-line-height);--awb-caption-title-letter-spacing:var(--h2_typography-letter-spacing);\"><span class=\" fusion-imageframe imageframe-none imageframe-1 hover-type-none\"><img decoding=\"async\" width=\"400\" height=\"300\" title=\"[CCYM] ni\u00f1os_capacitacion_2023_web\" src=\"https:\/\/envol-vert.org\/wp-content\/uploads\/2023\/04\/CCYM-ninos_capacitacion_2023_web-400x300.jpg\" alt class=\"img-responsive wp-image-47425\" srcset=\"https:\/\/envol-vert.org\/wp-content\/uploads\/2023\/04\/CCYM-ninos_capacitacion_2023_web-200x150.jpg 200w, https:\/\/envol-vert.org\/wp-content\/uploads\/2023\/04\/CCYM-ninos_capacitacion_2023_web-400x300.jpg 400w, https:\/\/envol-vert.org\/wp-content\/uploads\/2023\/04\/CCYM-ninos_capacitacion_2023_web-600x450.jpg 600w, https:\/\/envol-vert.org\/wp-content\/uploads\/2023\/04\/CCYM-ninos_capacitacion_2023_web.jpg 800w\" sizes=\"(max-width: 1024px) 100vw, (max-width: 640px) 100vw, 400px\" \/><\/span><\/div><div class=\"fusion-text fusion-text-3\" style=\"--awb-text-transform:none;\"><p><span style=\"font-weight: 400;\">As\u00ed, realizamos un taller con los ni\u00f1os de Santa Luc\u00eda y Mahuizo sobre el tema del crecimiento y los beneficios de las plantas. Entre juegos, explicaciones y dibujos, un total de 50 ni\u00f1os aprendieron sobre el ciclo del agua, la vida de la tierra, las necesidades de las plantas para crecer&#8230; En peque\u00f1as hueveras de cart\u00f3n, cada ni\u00f1o pudo sembrar semillas de pepinos, tomates, cebollas chinas y caiguas; armados con nuevos conocimientos, el objetivo fue mantener (sin pesticidas) los futuros brotes \u00a1hasta que volvamos en mayo!<\/span><\/p>\n<p><span style=\"font-weight: 400;\">En vista de su implicaci\u00f3n, confiamos en poder prepararles una ensalada con los frutos de su trabajo.<\/span><\/p>\n<\/div><\/div><\/div><\/div><\/div>\n","protected":false},"excerpt":{"rendered":"","protected":false},"featured_media":47429,"template":"","fils_d_actu_categ":[1390],"class_list":["post-47312","fil_d_actu","type-fil_d_actu","status-publish","has-post-thumbnail","hentry","fils_d_actu_categ-yanayacu-maquia-peru"],"yoast_head":"<!-- This site is optimized with the Yoast SEO plugin v28.3 - https:\/\/yoast.com\/product\/yoast-seo-wordpress\/ -->\n<title>Educaci\u00f3n, semillas de esperanza para ma\u00f1ana - Envol Vert<\/title>\n<meta name=\"robots\" content=\"index, follow, max-snippet:-1, max-image-preview:large, max-video-preview:-1\" \/>\n<link rel=\"canonical\" href=\"https:\/\/envol-vert.org\/es\/act\/educacion-semillas-de-esperanza-para-manana\/\" \/>\n<meta property=\"og:locale\" content=\"es_ES\" \/>\n<meta property=\"og:type\" content=\"article\" \/>\n<meta property=\"og:title\" content=\"Educaci\u00f3n, semillas de esperanza para ma\u00f1ana - Envol Vert\" \/>\n<meta property=\"og:url\" content=\"https:\/\/envol-vert.org\/es\/act\/educacion-semillas-de-esperanza-para-manana\/\" \/>\n<meta property=\"og:site_name\" content=\"Envol Vert\" \/>\n<meta property=\"article:publisher\" content=\"https:\/\/www.facebook.com\/EnvolVertFrance\/\" \/>\n<meta property=\"article:modified_time\" content=\"2023-04-27T20:16:33+00:00\" \/>\n<meta property=\"og:image\" content=\"https:\/\/envol-vert.org\/wp-content\/uploads\/2023\/04\/CCYM-ninos_capacitacion_grupo_2023_web.jpg\" \/>\n\t<meta property=\"og:image:width\" content=\"1200\" \/>\n\t<meta property=\"og:image:height\" content=\"600\" \/>\n\t<meta property=\"og:image:type\" content=\"image\/jpeg\" \/>\n<meta name=\"twitter:card\" content=\"summary_large_image\" \/>\n<meta name=\"twitter:site\" content=\"@Envolvert\" \/>\n<meta name=\"twitter:label1\" content=\"Tiempo de lectura\" \/>\n\t<meta name=\"twitter:data1\" content=\"6 minutes\" \/>\n<script type=\"application\/ld+json\" class=\"yoast-schema-graph\">{\"@context\":\"https:\\\/\\\/schema.org\",\"@graph\":[{\"@type\":\"WebPage\",\"@id\":\"https:\\\/\\\/envol-vert.org\\\/es\\\/act\\\/educacion-semillas-de-esperanza-para-manana\\\/\",\"url\":\"https:\\\/\\\/envol-vert.org\\\/es\\\/act\\\/educacion-semillas-de-esperanza-para-manana\\\/\",\"name\":\"Educaci\u00f3n, semillas de esperanza para ma\u00f1ana - Envol Vert\",\"isPartOf\":{\"@id\":\"https:\\\/\\\/envol-vert.org\\\/es\\\/#website\"},\"primaryImageOfPage\":{\"@id\":\"https:\\\/\\\/envol-vert.org\\\/es\\\/act\\\/educacion-semillas-de-esperanza-para-manana\\\/#primaryimage\"},\"image\":{\"@id\":\"https:\\\/\\\/envol-vert.org\\\/es\\\/act\\\/educacion-semillas-de-esperanza-para-manana\\\/#primaryimage\"},\"thumbnailUrl\":\"https:\\\/\\\/envol-vert.org\\\/wp-content\\\/uploads\\\/2023\\\/04\\\/CCYM-ninos_capacitacion_grupo_2023_web.jpg\",\"datePublished\":\"2023-01-27T20:14:19+00:00\",\"dateModified\":\"2023-04-27T20:16:33+00:00\",\"breadcrumb\":{\"@id\":\"https:\\\/\\\/envol-vert.org\\\/es\\\/act\\\/educacion-semillas-de-esperanza-para-manana\\\/#breadcrumb\"},\"inLanguage\":\"es-ES\",\"potentialAction\":[{\"@type\":\"ReadAction\",\"target\":[\"https:\\\/\\\/envol-vert.org\\\/es\\\/act\\\/educacion-semillas-de-esperanza-para-manana\\\/\"]}]},{\"@type\":\"ImageObject\",\"inLanguage\":\"es-ES\",\"@id\":\"https:\\\/\\\/envol-vert.org\\\/es\\\/act\\\/educacion-semillas-de-esperanza-para-manana\\\/#primaryimage\",\"url\":\"https:\\\/\\\/envol-vert.org\\\/wp-content\\\/uploads\\\/2023\\\/04\\\/CCYM-ninos_capacitacion_grupo_2023_web.jpg\",\"contentUrl\":\"https:\\\/\\\/envol-vert.org\\\/wp-content\\\/uploads\\\/2023\\\/04\\\/CCYM-ninos_capacitacion_grupo_2023_web.jpg\",\"width\":1200,\"height\":600},{\"@type\":\"BreadcrumbList\",\"@id\":\"https:\\\/\\\/envol-vert.org\\\/es\\\/act\\\/educacion-semillas-de-esperanza-para-manana\\\/#breadcrumb\",\"itemListElement\":[{\"@type\":\"ListItem\",\"position\":1,\"name\":\"Accueil\",\"item\":\"https:\\\/\\\/envol-vert.org\\\/es\\\/\"},{\"@type\":\"ListItem\",\"position\":2,\"name\":\"Educaci\u00f3n, semillas de esperanza para ma\u00f1ana\"}]},{\"@type\":\"WebSite\",\"@id\":\"https:\\\/\\\/envol-vert.org\\\/es\\\/#website\",\"url\":\"https:\\\/\\\/envol-vert.org\\\/es\\\/\",\"name\":\"Envol Vert\",\"description\":\"La for\u00eat nous rend service, rendons le lui.\",\"publisher\":{\"@id\":\"https:\\\/\\\/envol-vert.org\\\/es\\\/#organization\"},\"potentialAction\":[{\"@type\":\"SearchAction\",\"target\":{\"@type\":\"EntryPoint\",\"urlTemplate\":\"https:\\\/\\\/envol-vert.org\\\/es\\\/?s={search_term_string}\"},\"query-input\":{\"@type\":\"PropertyValueSpecification\",\"valueRequired\":true,\"valueName\":\"search_term_string\"}}],\"inLanguage\":\"es-ES\"},{\"@type\":\"Organization\",\"@id\":\"https:\\\/\\\/envol-vert.org\\\/es\\\/#organization\",\"name\":\"Envol Vert\",\"url\":\"https:\\\/\\\/envol-vert.org\\\/es\\\/\",\"logo\":{\"@type\":\"ImageObject\",\"inLanguage\":\"es-ES\",\"@id\":\"https:\\\/\\\/envol-vert.org\\\/es\\\/#\\\/schema\\\/logo\\\/image\\\/\",\"url\":\"https:\\\/\\\/envol-vert.org\\\/wp-content\\\/uploads\\\/2021\\\/03\\\/Logo-icone-site.png\",\"contentUrl\":\"https:\\\/\\\/envol-vert.org\\\/wp-content\\\/uploads\\\/2021\\\/03\\\/Logo-icone-site.png\",\"width\":512,\"height\":512,\"caption\":\"Envol Vert\"},\"image\":{\"@id\":\"https:\\\/\\\/envol-vert.org\\\/es\\\/#\\\/schema\\\/logo\\\/image\\\/\"},\"sameAs\":[\"https:\\\/\\\/www.facebook.com\\\/EnvolVertFrance\\\/\",\"https:\\\/\\\/x.com\\\/Envolvert\",\"https:\\\/\\\/www.instagram.com\\\/envol_vert_france\\\/\",\"https:\\\/\\\/www.linkedin.com\\\/company\\\/envolvert\\\/\",\"https:\\\/\\\/www.youtube.com\\\/c\\\/EnvolVert\"]}]}<\/script>\n<!-- \/ Yoast SEO plugin. -->","yoast_head_json":{"title":"Educaci\u00f3n, semillas de esperanza para ma\u00f1ana - Envol Vert","robots":{"index":"index","follow":"follow","max-snippet":"max-snippet:-1","max-image-preview":"max-image-preview:large","max-video-preview":"max-video-preview:-1"},"canonical":"https:\/\/envol-vert.org\/es\/act\/educacion-semillas-de-esperanza-para-manana\/","og_locale":"es_ES","og_type":"article","og_title":"Educaci\u00f3n, semillas de esperanza para ma\u00f1ana - Envol Vert","og_url":"https:\/\/envol-vert.org\/es\/act\/educacion-semillas-de-esperanza-para-manana\/","og_site_name":"Envol Vert","article_publisher":"https:\/\/www.facebook.com\/EnvolVertFrance\/","article_modified_time":"2023-04-27T20:16:33+00:00","og_image":[{"width":1200,"height":600,"url":"https:\/\/envol-vert.org\/wp-content\/uploads\/2023\/04\/CCYM-ninos_capacitacion_grupo_2023_web.jpg","type":"image\/jpeg"}],"twitter_card":"summary_large_image","twitter_site":"@Envolvert","twitter_misc":{"Tiempo de lectura":"6 minutes"},"schema":{"@context":"https:\/\/schema.org","@graph":[{"@type":"WebPage","@id":"https:\/\/envol-vert.org\/es\/act\/educacion-semillas-de-esperanza-para-manana\/","url":"https:\/\/envol-vert.org\/es\/act\/educacion-semillas-de-esperanza-para-manana\/","name":"Educaci\u00f3n, semillas de esperanza para ma\u00f1ana - Envol Vert","isPartOf":{"@id":"https:\/\/envol-vert.org\/es\/#website"},"primaryImageOfPage":{"@id":"https:\/\/envol-vert.org\/es\/act\/educacion-semillas-de-esperanza-para-manana\/#primaryimage"},"image":{"@id":"https:\/\/envol-vert.org\/es\/act\/educacion-semillas-de-esperanza-para-manana\/#primaryimage"},"thumbnailUrl":"https:\/\/envol-vert.org\/wp-content\/uploads\/2023\/04\/CCYM-ninos_capacitacion_grupo_2023_web.jpg","datePublished":"2023-01-27T20:14:19+00:00","dateModified":"2023-04-27T20:16:33+00:00","breadcrumb":{"@id":"https:\/\/envol-vert.org\/es\/act\/educacion-semillas-de-esperanza-para-manana\/#breadcrumb"},"inLanguage":"es-ES","potentialAction":[{"@type":"ReadAction","target":["https:\/\/envol-vert.org\/es\/act\/educacion-semillas-de-esperanza-para-manana\/"]}]},{"@type":"ImageObject","inLanguage":"es-ES","@id":"https:\/\/envol-vert.org\/es\/act\/educacion-semillas-de-esperanza-para-manana\/#primaryimage","url":"https:\/\/envol-vert.org\/wp-content\/uploads\/2023\/04\/CCYM-ninos_capacitacion_grupo_2023_web.jpg","contentUrl":"https:\/\/envol-vert.org\/wp-content\/uploads\/2023\/04\/CCYM-ninos_capacitacion_grupo_2023_web.jpg","width":1200,"height":600},{"@type":"BreadcrumbList","@id":"https:\/\/envol-vert.org\/es\/act\/educacion-semillas-de-esperanza-para-manana\/#breadcrumb","itemListElement":[{"@type":"ListItem","position":1,"name":"Accueil","item":"https:\/\/envol-vert.org\/es\/"},{"@type":"ListItem","position":2,"name":"Educaci\u00f3n, semillas de esperanza para ma\u00f1ana"}]},{"@type":"WebSite","@id":"https:\/\/envol-vert.org\/es\/#website","url":"https:\/\/envol-vert.org\/es\/","name":"Envol Vert","description":"La for\u00eat nous rend service, rendons le lui.","publisher":{"@id":"https:\/\/envol-vert.org\/es\/#organization"},"potentialAction":[{"@type":"SearchAction","target":{"@type":"EntryPoint","urlTemplate":"https:\/\/envol-vert.org\/es\/?s={search_term_string}"},"query-input":{"@type":"PropertyValueSpecification","valueRequired":true,"valueName":"search_term_string"}}],"inLanguage":"es-ES"},{"@type":"Organization","@id":"https:\/\/envol-vert.org\/es\/#organization","name":"Envol Vert","url":"https:\/\/envol-vert.org\/es\/","logo":{"@type":"ImageObject","inLanguage":"es-ES","@id":"https:\/\/envol-vert.org\/es\/#\/schema\/logo\/image\/","url":"https:\/\/envol-vert.org\/wp-content\/uploads\/2021\/03\/Logo-icone-site.png","contentUrl":"https:\/\/envol-vert.org\/wp-content\/uploads\/2021\/03\/Logo-icone-site.png","width":512,"height":512,"caption":"Envol Vert"},"image":{"@id":"https:\/\/envol-vert.org\/es\/#\/schema\/logo\/image\/"},"sameAs":["https:\/\/www.facebook.com\/EnvolVertFrance\/","https:\/\/x.com\/Envolvert","https:\/\/www.instagram.com\/envol_vert_france\/","https:\/\/www.linkedin.com\/company\/envolvert\/","https:\/\/www.youtube.com\/c\/EnvolVert"]}]}},"_links":{"self":[{"href":"https:\/\/envol-vert.org\/es\/wp-json\/wp\/v2\/fil_d_actu\/47312","targetHints":{"allow":["GET"]}}],"collection":[{"href":"https:\/\/envol-vert.org\/es\/wp-json\/wp\/v2\/fil_d_actu"}],"about":[{"href":"https:\/\/envol-vert.org\/es\/wp-json\/wp\/v2\/types\/fil_d_actu"}],"version-history":[{"count":0,"href":"https:\/\/envol-vert.org\/es\/wp-json\/wp\/v2\/fil_d_actu\/47312\/revisions"}],"wp:featuredmedia":[{"embeddable":true,"href":"https:\/\/envol-vert.org\/es\/wp-json\/wp\/v2\/media\/47429"}],"wp:attachment":[{"href":"https:\/\/envol-vert.org\/es\/wp-json\/wp\/v2\/media?parent=47312"}],"wp:term":[{"taxonomy":"fils_d_actu_categ","embeddable":true,"href":"https:\/\/envol-vert.org\/es\/wp-json\/wp\/v2\/fils_d_actu_categ?post=47312"}],"curies":[{"name":"wp","href":"https:\/\/api.w.org\/{rel}","templated":true}]}}