{"id":50979,"date":"2024-03-11T00:15:59","date_gmt":"2024-03-10T22:15:59","guid":{"rendered":"https:\/\/envol-vert.org\/?post_type=fil_d_actu&#038;p=50979"},"modified":"2024-06-11T00:57:40","modified_gmt":"2024-06-10T22:57:40","slug":"visita-al-area-de-amortiguamiento-del-bosque-de-proteccion-pui-pui","status":"publish","type":"fil_d_actu","link":"https:\/\/envol-vert.org\/es\/act\/visita-al-area-de-amortiguamiento-del-bosque-de-proteccion-pui-pui\/","title":{"rendered":"Visita al \u00e1rea de amortiguamiento del Bosque de Protecci\u00f3n Pui Pui"},"content":{"rendered":"<div class=\"fusion-fullwidth fullwidth-box fusion-builder-row-1 fusion-flex-container has-pattern-background has-mask-background nonhundred-percent-fullwidth non-hundred-percent-height-scrolling\" style=\"--awb-border-radius-top-left:0px;--awb-border-radius-top-right:0px;--awb-border-radius-bottom-right:0px;--awb-border-radius-bottom-left:0px;--awb-flex-wrap:wrap;\" ><div class=\"fusion-builder-row fusion-row fusion-flex-align-items-flex-start fusion-flex-content-wrap\" style=\"max-width:1040px;margin-left: calc(-4% \/ 2 );margin-right: calc(-4% \/ 2 );\"><div class=\"fusion-layout-column fusion_builder_column fusion-builder-column-0 fusion_builder_column_1_1 1_1 fusion-flex-column\" style=\"--awb-bg-size:cover;--awb-width-large:100%;--awb-margin-top-large:0px;--awb-spacing-right-large:1.92%;--awb-margin-bottom-large:20px;--awb-spacing-left-large:1.92%;--awb-width-medium:100%;--awb-order-medium:0;--awb-spacing-right-medium:1.92%;--awb-spacing-left-medium:1.92%;--awb-width-small:100%;--awb-order-small:0;--awb-spacing-right-small:1.92%;--awb-spacing-left-small:1.92%;\"><div class=\"fusion-column-wrapper fusion-column-has-shadow fusion-flex-justify-content-flex-start fusion-content-layout-column\"><div class=\"fusion-text fusion-text-1\"><p><span style=\"font-weight: 400;\">Desde inicios de enero de 2024, el equipo de Envol Vert Pichanaki viene realizando visitas a los centros poblados que se encuentran dentro del \u00e1rea de amortiguamiento del Bosque de Protecci\u00f3n de Pui Pui (BPPP); gracias a nuestro aliado el Servicio Nacional de \u00c1reas Naturales Protegidas por el Estado (SERNANP) quien nos brind\u00f3 las facilidades de contacto para poder trabajar con estos centros poblados con quienes ellos realizan distintas actividades. En marzo se realizaron visitas de diagn\u00f3stico a las parcelas de los pobladores de Nueva Florida, Ayte y la Florida del R\u00edo Ayte. <\/span><\/p>\n<\/div><\/div><\/div><div class=\"fusion-layout-column fusion_builder_column fusion-builder-column-1 fusion_builder_column_1_2 1_2 fusion-flex-column\" style=\"--awb-bg-size:cover;--awb-width-large:50%;--awb-margin-top-large:0px;--awb-spacing-right-large:3.84%;--awb-margin-bottom-large:20px;--awb-spacing-left-large:3.84%;--awb-width-medium:100%;--awb-order-medium:0;--awb-spacing-right-medium:1.92%;--awb-spacing-left-medium:1.92%;--awb-width-small:100%;--awb-order-small:0;--awb-spacing-right-small:1.92%;--awb-spacing-left-small:1.92%;\"><div class=\"fusion-column-wrapper fusion-column-has-shadow fusion-flex-justify-content-flex-start fusion-content-layout-column\"><div class=\"fusion-image-element \" style=\"text-align:center;--awb-caption-title-font-family:var(--h2_typography-font-family);--awb-caption-title-font-weight:var(--h2_typography-font-weight);--awb-caption-title-font-style:var(--h2_typography-font-style);--awb-caption-title-size:var(--h2_typography-font-size);--awb-caption-title-transform:var(--h2_typography-text-transform);--awb-caption-title-line-height:var(--h2_typography-line-height);--awb-caption-title-letter-spacing:var(--h2_typography-letter-spacing);\"><span class=\" fusion-imageframe imageframe-none imageframe-1 hover-type-none\"><img decoding=\"async\" width=\"300\" height=\"400\" title=\"2024-03_Visita \u00e1rea de amortiguamiento del Bosque de Protecci\u00f3n Pui Pui2(c)EV_web\" src=\"https:\/\/envol-vert.org\/wp-content\/uploads\/2024\/06\/2024-03_Visita-area-de-amortiguamiento-del-Bosque-de-Proteccion-Pui-Pui2cEV_web-300x400.jpg\" alt class=\"img-responsive wp-image-50971\" srcset=\"https:\/\/envol-vert.org\/wp-content\/uploads\/2024\/06\/2024-03_Visita-area-de-amortiguamiento-del-Bosque-de-Proteccion-Pui-Pui2cEV_web-200x267.jpg 200w, https:\/\/envol-vert.org\/wp-content\/uploads\/2024\/06\/2024-03_Visita-area-de-amortiguamiento-del-Bosque-de-Proteccion-Pui-Pui2cEV_web-400x533.jpg 400w, https:\/\/envol-vert.org\/wp-content\/uploads\/2024\/06\/2024-03_Visita-area-de-amortiguamiento-del-Bosque-de-Proteccion-Pui-Pui2cEV_web.jpg 600w\" sizes=\"(max-width: 1024px) 100vw, (max-width: 640px) 100vw, 300px\" \/><\/span><\/div><div class=\"fusion-text fusion-text-2\"><p style=\"text-align: center;\"><em>Los agricultores llevan al equipo de Envol Vert<br \/>\na sus parcelas para realizar un diagn\u00f3stico \u00a9Envol Vert<\/em><\/p>\n<\/div><\/div><\/div><div class=\"fusion-layout-column fusion_builder_column fusion-builder-column-2 fusion_builder_column_1_2 1_2 fusion-flex-column\" style=\"--awb-bg-size:cover;--awb-width-large:50%;--awb-margin-top-large:0px;--awb-spacing-right-large:3.84%;--awb-margin-bottom-large:20px;--awb-spacing-left-large:3.84%;--awb-width-medium:100%;--awb-order-medium:0;--awb-spacing-right-medium:1.92%;--awb-spacing-left-medium:1.92%;--awb-width-small:100%;--awb-order-small:0;--awb-spacing-right-small:1.92%;--awb-spacing-left-small:1.92%;\"><div class=\"fusion-column-wrapper fusion-column-has-shadow fusion-flex-justify-content-flex-start fusion-content-layout-column\"><div class=\"fusion-title title fusion-title-1 sep-underline sep-solid fusion-title-text fusion-title-size-four\" style=\"--awb-margin-top-small:0px;--awb-margin-right-small:0px;--awb-margin-bottom-small:0px;--awb-margin-left-small:0px;\"><h4 class=\"fusion-title-heading title-heading-left fusion-responsive-typography-calculated\" style=\"margin:0;--fontSize:16.8;--minFontSize:16.8;line-height:1.29;\"><div class=\"fusion-fa-align-left\"><i class=\"fb-icon-element-1 fb-icon-element fontawesome-icon fa-seedling fas circle-no\" style=\"--awb-iconcolor:#3aaa35;--awb-font-size:30px;--awb-margin-bottom:5%;\"><\/i><\/div>Un alto potencial de conservaci\u00f3n forestal en la zona tamp\u00f3n<\/h4><\/div><div class=\"fusion-text fusion-text-3\"><p><span style=\"font-weight: 400;\">El objetivo de esas visitas es medir el inter\u00e9s de esos grupos de trabajar con Envol Vert en acciones de conservaci\u00f3n de bosques y alternativas econ\u00f3micas. Existe un fuerte potencial de conservaci\u00f3n en la zona de amortiguamiento, y muchas amenazas, como una carretera. Y cu\u00e1ndo hay carretera, hay apertura de chacra, es decir: deforestaci\u00f3n.\u00a0<\/span><\/p>\n<p><span style=\"font-weight: 400;\">El equipo de Envol Vert recorri\u00f3 un total de 6 parcelas de distintos productores los cuales est\u00e1n muy interesados en la conservaci\u00f3n de sus bosques. Algunos agricultores contaban con cataratas dentro de su parcela como es el caso de Timoteo, agricultor del centro poblado de Nueva Florida.<\/span><\/p>\n<\/div><\/div><\/div><div class=\"fusion-layout-column fusion_builder_column fusion-builder-column-3 fusion_builder_column_1_1 1_1 fusion-flex-column\" style=\"--awb-bg-size:cover;--awb-width-large:100%;--awb-margin-top-large:0px;--awb-spacing-right-large:1.92%;--awb-margin-bottom-large:20px;--awb-spacing-left-large:1.92%;--awb-width-medium:100%;--awb-order-medium:0;--awb-spacing-right-medium:1.92%;--awb-spacing-left-medium:1.92%;--awb-width-small:100%;--awb-order-small:0;--awb-spacing-right-small:1.92%;--awb-spacing-left-small:1.92%;\"><div class=\"fusion-column-wrapper fusion-column-has-shadow fusion-flex-justify-content-flex-start fusion-content-layout-column\"><div class=\"fusion-title title fusion-title-2 sep-underline sep-solid fusion-title-text fusion-title-size-four\" style=\"--awb-margin-top-small:0px;--awb-margin-right-small:0px;--awb-margin-bottom-small:0px;--awb-margin-left-small:0px;\"><h4 class=\"fusion-title-heading title-heading-left fusion-responsive-typography-calculated\" style=\"margin:0;--fontSize:16.8;--minFontSize:16.8;line-height:1.29;\"><div class=\"fusion-fa-align-left\"><i class=\"fb-icon-element-2 fb-icon-element fontawesome-icon fa-seedling fas circle-no\" style=\"--awb-iconcolor:#3aaa35;--awb-font-size:30px;--awb-margin-bottom:5%;\"><\/i><\/div>La riqueza de la biodiversidad local<\/h4><\/div><div class=\"fusion-text fusion-text-4\"><p><span style=\"font-weight: 400;\">Dentro de estas visitas, pudimos corroborar con los agricultores la presencia de <\/span><i><span style=\"font-weight: 400;\">Tremarctos<\/span><\/i> <i><span style=\"font-weight: 400;\">ornatus<\/span><\/i><span style=\"font-weight: 400;\"> (oso de anteojos), <\/span><i><span style=\"font-weight: 400;\">Rupicola peruvianus<\/span><\/i><span style=\"font-weight: 400;\"> (gallito de las rocas), <\/span><i><span style=\"font-weight: 400;\">Psarocolius decumanus<\/span><\/i> <span style=\"font-weight: 400;\">(<\/span><span style=\"font-weight: 400;\">chihuaco),<\/span> <i><span style=\"font-weight: 400;\">Ateles belzebuth<\/span><\/i><span style=\"font-weight: 400;\"> (<\/span><span style=\"font-weight: 400;\">mono maquisapa), entre otros.<\/span><\/p>\n<\/div><div class=\"fusion-image-element \" style=\"text-align:center;--awb-caption-title-font-family:var(--h2_typography-font-family);--awb-caption-title-font-weight:var(--h2_typography-font-weight);--awb-caption-title-font-style:var(--h2_typography-font-style);--awb-caption-title-size:var(--h2_typography-font-size);--awb-caption-title-transform:var(--h2_typography-text-transform);--awb-caption-title-line-height:var(--h2_typography-line-height);--awb-caption-title-letter-spacing:var(--h2_typography-letter-spacing);\"><span class=\" fusion-imageframe imageframe-none imageframe-2 hover-type-none\"><img decoding=\"async\" width=\"533\" height=\"400\" title=\"2024-05_Montaje foto de las especies encontradas en la \u00e1rea de amortiguamiento del Bosque de protecci\u00f3n Pui Pui_web\" src=\"https:\/\/envol-vert.org\/wp-content\/uploads\/2024\/03\/2024-05_Montaje-foto-de-las-especies-encontradas-en-la-area-de-amortiguamiento-del-Bosque-de-proteccion-Pui-Pui_web-533x400.jpg\" alt class=\"img-responsive wp-image-50975\" srcset=\"https:\/\/envol-vert.org\/wp-content\/uploads\/2024\/03\/2024-05_Montaje-foto-de-las-especies-encontradas-en-la-area-de-amortiguamiento-del-Bosque-de-proteccion-Pui-Pui_web-200x150.jpg 200w, https:\/\/envol-vert.org\/wp-content\/uploads\/2024\/03\/2024-05_Montaje-foto-de-las-especies-encontradas-en-la-area-de-amortiguamiento-del-Bosque-de-proteccion-Pui-Pui_web-400x300.jpg 400w, https:\/\/envol-vert.org\/wp-content\/uploads\/2024\/03\/2024-05_Montaje-foto-de-las-especies-encontradas-en-la-area-de-amortiguamiento-del-Bosque-de-proteccion-Pui-Pui_web-600x450.jpg 600w, https:\/\/envol-vert.org\/wp-content\/uploads\/2024\/03\/2024-05_Montaje-foto-de-las-especies-encontradas-en-la-area-de-amortiguamiento-del-Bosque-de-proteccion-Pui-Pui_web.jpg 800w\" sizes=\"(max-width: 1024px) 100vw, (max-width: 640px) 100vw, 533px\" \/><\/span><\/div><div class=\"fusion-text fusion-text-5\"><p style=\"text-align: center;\"><em>Algunas especies animales presentes en la zona tamp\u00f3n del bosque protegido Pui Pui<\/em><\/p>\n<\/div><div class=\"fusion-separator fusion-full-width-sep\" style=\"align-self: center;margin-left: auto;margin-right: auto;margin-top:1.5%;margin-bottom:1.5%;width:100%;\"><div class=\"fusion-separator-border sep-single sep-solid\" style=\"--awb-height:20px;--awb-amount:20px;--awb-sep-color:rgba(224,222,222,0);border-color:rgba(224,222,222,0);border-top-width:1px;\"><\/div><\/div><div class=\"fusion-text fusion-text-6\"><p><span style=\"font-weight: 400;\">Adem\u00e1s se encontraron especies de \u00e1rboles como el Ulcumano, Cedro Virgen, Moena Rosada y Tornillo dentro de sus \u00e1reas boscosas con bastante potencial para ser semilleros. Los agricultores tambi\u00e9n nos dijeron que algunos tenian nogal negro en su parcela. \u00a1Un fuerte potencial para la apertura de esta zona y por un trabajo m\u00e1s enfocado en la conservaci\u00f3n del bosque!\u00a0<\/span><\/p>\n<p><span style=\"font-weight: 400;\">El equipo de Pichanaki continuar\u00e1 realizando los diagn\u00f3sticos a estos centros poblados para poder identificar semilleros, nogal negro y explorar el potencial de implementar ecoturismo, algo que algunos participantes ya han empezado a implementar. Eso permitir\u00e1 poder comenzar con las actividades de conservaci\u00f3n en la zona de amortiguamiento, trabajando en conjunto con nuestro aliado el SERNANP.<\/span><\/p>\n<\/div><\/div><\/div><\/div><\/div>\n","protected":false},"excerpt":{"rendered":"","protected":false},"featured_media":50968,"template":"","fils_d_actu_categ":[1428],"class_list":["post-50979","fil_d_actu","type-fil_d_actu","status-publish","has-post-thumbnail","hentry","fils_d_actu_categ-programa-cafe-cacao-agroforestales"],"_links":{"self":[{"href":"https:\/\/envol-vert.org\/es\/wp-json\/wp\/v2\/fil_d_actu\/50979","targetHints":{"allow":["GET"]}}],"collection":[{"href":"https:\/\/envol-vert.org\/es\/wp-json\/wp\/v2\/fil_d_actu"}],"about":[{"href":"https:\/\/envol-vert.org\/es\/wp-json\/wp\/v2\/types\/fil_d_actu"}],"version-history":[{"count":0,"href":"https:\/\/envol-vert.org\/es\/wp-json\/wp\/v2\/fil_d_actu\/50979\/revisions"}],"wp:featuredmedia":[{"embeddable":true,"href":"https:\/\/envol-vert.org\/es\/wp-json\/wp\/v2\/media\/50968"}],"wp:attachment":[{"href":"https:\/\/envol-vert.org\/es\/wp-json\/wp\/v2\/media?parent=50979"}],"wp:term":[{"taxonomy":"fils_d_actu_categ","embeddable":true,"href":"https:\/\/envol-vert.org\/es\/wp-json\/wp\/v2\/fils_d_actu_categ?post=50979"}],"curies":[{"name":"wp","href":"https:\/\/api.w.org\/{rel}","templated":true}]}}