{"id":51412,"date":"2024-07-29T21:09:22","date_gmt":"2024-07-29T19:09:22","guid":{"rendered":"https:\/\/envol-vert.org\/?post_type=fil_d_actu&#038;p=51412"},"modified":"2024-11-18T12:16:55","modified_gmt":"2024-11-18T10:16:55","slug":"la-nuez-del-nogal-negro-llego-a-las-ferias-locales","status":"publish","type":"fil_d_actu","link":"https:\/\/envol-vert.org\/es\/act\/la-nuez-del-nogal-negro-llego-a-las-ferias-locales\/","title":{"rendered":"La nuez del nogal negro lleg\u00f3 a las ferias locales"},"content":{"rendered":"<div class=\"fusion-fullwidth fullwidth-box fusion-builder-row-1 fusion-flex-container has-pattern-background has-mask-background nonhundred-percent-fullwidth non-hundred-percent-height-scrolling\" style=\"--awb-border-radius-top-left:0px;--awb-border-radius-top-right:0px;--awb-border-radius-bottom-right:0px;--awb-border-radius-bottom-left:0px;--awb-flex-wrap:wrap;\" ><div class=\"fusion-builder-row fusion-row fusion-flex-align-items-flex-start fusion-flex-content-wrap\" style=\"max-width:1040px;margin-left: calc(-4% \/ 2 );margin-right: calc(-4% \/ 2 );\"><div class=\"fusion-layout-column fusion_builder_column fusion-builder-column-0 fusion_builder_column_1_1 1_1 fusion-flex-column\" style=\"--awb-bg-size:cover;--awb-width-large:100%;--awb-margin-top-large:0px;--awb-spacing-right-large:1.92%;--awb-margin-bottom-large:20px;--awb-spacing-left-large:1.92%;--awb-width-medium:100%;--awb-order-medium:0;--awb-spacing-right-medium:1.92%;--awb-spacing-left-medium:1.92%;--awb-width-small:100%;--awb-order-small:0;--awb-spacing-right-small:1.92%;--awb-spacing-left-small:1.92%;\"><div class=\"fusion-column-wrapper fusion-column-has-shadow fusion-flex-justify-content-flex-start fusion-content-layout-column\"><div class=\"fusion-text fusion-text-1\"><p><span style=\"font-weight: 400;\">El d\u00eda 21 de julio 2024, los agricultores del centro poblado Santa Rosa de Ocopa participaron por primera vez, con el apoyo del equipo Envol Vert de Pichanaki, en la feria por las fiestas patronales de Puerto Prado (distrito de R\u00edo Tambo).\u00a0\u00a0<\/span><\/p>\n<p><span style=\"font-weight: 400;\">Los visitantes se mostraron muy curiosos y con ganas de probar los distintos productos que hab\u00edan preparado nuestros participantes del centro poblado de Santa Rosa con el fin de dar a conocer la nuez del \u00e1rbol de Nogal Negro (<\/span><i><span style=\"font-weight: 400;\">Juglans neotropica<\/span><\/i><span style=\"font-weight: 400;\">). <\/span><\/p>\n<\/div><\/div><\/div><div class=\"fusion-layout-column fusion_builder_column fusion-builder-column-1 fusion_builder_column_1_2 1_2 fusion-flex-column\" style=\"--awb-bg-size:cover;--awb-width-large:50%;--awb-margin-top-large:0px;--awb-spacing-right-large:3.84%;--awb-margin-bottom-large:20px;--awb-spacing-left-large:3.84%;--awb-width-medium:100%;--awb-order-medium:0;--awb-spacing-right-medium:1.92%;--awb-spacing-left-medium:1.92%;--awb-width-small:100%;--awb-order-small:0;--awb-spacing-right-small:1.92%;--awb-spacing-left-small:1.92%;\"><div class=\"fusion-column-wrapper fusion-column-has-shadow fusion-flex-justify-content-flex-start fusion-content-layout-column\"><div class=\"fusion-image-element \" style=\"text-align:center;--awb-caption-title-font-family:var(--h2_typography-font-family);--awb-caption-title-font-weight:var(--h2_typography-font-weight);--awb-caption-title-font-style:var(--h2_typography-font-style);--awb-caption-title-size:var(--h2_typography-font-size);--awb-caption-title-transform:var(--h2_typography-text-transform);--awb-caption-title-line-height:var(--h2_typography-line-height);--awb-caption-title-letter-spacing:var(--h2_typography-letter-spacing);\"><span class=\" fusion-imageframe imageframe-none imageframe-1 hover-type-none\"><img decoding=\"async\" width=\"533\" height=\"400\" title=\"Nogal negro_cake_feria_julio2024_web\" src=\"https:\/\/envol-vert.org\/wp-content\/uploads\/2024\/07\/Nogal-negro_cake_feria_julio2024_web-533x400.jpg\" alt class=\"img-responsive wp-image-51720\" srcset=\"https:\/\/envol-vert.org\/wp-content\/uploads\/2024\/07\/Nogal-negro_cake_feria_julio2024_web-200x150.jpg 200w, https:\/\/envol-vert.org\/wp-content\/uploads\/2024\/07\/Nogal-negro_cake_feria_julio2024_web-400x300.jpg 400w, https:\/\/envol-vert.org\/wp-content\/uploads\/2024\/07\/Nogal-negro_cake_feria_julio2024_web-600x450.jpg 600w, https:\/\/envol-vert.org\/wp-content\/uploads\/2024\/07\/Nogal-negro_cake_feria_julio2024_web.jpg 800w\" sizes=\"(max-width: 1024px) 100vw, (max-width: 640px) 100vw, 600px\" \/><\/span><\/div><\/div><\/div><div class=\"fusion-layout-column fusion_builder_column fusion-builder-column-2 fusion_builder_column_1_2 1_2 fusion-flex-column\" style=\"--awb-bg-size:cover;--awb-width-large:50%;--awb-margin-top-large:0px;--awb-spacing-right-large:3.84%;--awb-margin-bottom-large:20px;--awb-spacing-left-large:3.84%;--awb-width-medium:100%;--awb-order-medium:0;--awb-spacing-right-medium:1.92%;--awb-spacing-left-medium:1.92%;--awb-width-small:100%;--awb-order-small:0;--awb-spacing-right-small:1.92%;--awb-spacing-left-small:1.92%;\"><div class=\"fusion-column-wrapper fusion-column-has-shadow fusion-flex-justify-content-flex-start fusion-content-layout-column\"><div class=\"fusion-image-element \" style=\"text-align:center;--awb-caption-title-font-family:var(--h2_typography-font-family);--awb-caption-title-font-weight:var(--h2_typography-font-weight);--awb-caption-title-font-style:var(--h2_typography-font-style);--awb-caption-title-size:var(--h2_typography-font-size);--awb-caption-title-transform:var(--h2_typography-text-transform);--awb-caption-title-line-height:var(--h2_typography-line-height);--awb-caption-title-letter-spacing:var(--h2_typography-letter-spacing);\"><span class=\" fusion-imageframe imageframe-none imageframe-2 hover-type-none\"><img decoding=\"async\" width=\"533\" height=\"400\" title=\"Nogal negro_feria_cuadro_julio2024_web\" src=\"https:\/\/envol-vert.org\/wp-content\/uploads\/2024\/07\/Nogal-negro_feria_cuadro_julio2024_web-533x400.jpg\" alt class=\"img-responsive wp-image-51723\" srcset=\"https:\/\/envol-vert.org\/wp-content\/uploads\/2024\/07\/Nogal-negro_feria_cuadro_julio2024_web-200x150.jpg 200w, https:\/\/envol-vert.org\/wp-content\/uploads\/2024\/07\/Nogal-negro_feria_cuadro_julio2024_web-400x300.jpg 400w, https:\/\/envol-vert.org\/wp-content\/uploads\/2024\/07\/Nogal-negro_feria_cuadro_julio2024_web-600x450.jpg 600w, https:\/\/envol-vert.org\/wp-content\/uploads\/2024\/07\/Nogal-negro_feria_cuadro_julio2024_web.jpg 800w\" sizes=\"(max-width: 1024px) 100vw, (max-width: 640px) 100vw, 600px\" \/><\/span><\/div><\/div><\/div><div class=\"fusion-layout-column fusion_builder_column fusion-builder-column-3 fusion_builder_column_1_1 1_1 fusion-flex-column\" style=\"--awb-bg-size:cover;--awb-width-large:100%;--awb-margin-top-large:0px;--awb-spacing-right-large:1.92%;--awb-margin-bottom-large:20px;--awb-spacing-left-large:1.92%;--awb-width-medium:100%;--awb-order-medium:0;--awb-spacing-right-medium:1.92%;--awb-spacing-left-medium:1.92%;--awb-width-small:100%;--awb-order-small:0;--awb-spacing-right-small:1.92%;--awb-spacing-left-small:1.92%;\"><div class=\"fusion-column-wrapper fusion-column-has-shadow fusion-flex-justify-content-flex-start fusion-content-layout-column\"><div class=\"fusion-separator fusion-full-width-sep\" style=\"align-self: center;margin-left: auto;margin-right: auto;margin-top:1.5%;margin-bottom:1.5%;width:100%;\"><div class=\"fusion-separator-border sep-single sep-solid\" style=\"--awb-height:20px;--awb-amount:20px;--awb-sep-color:rgba(224,222,222,0);border-color:rgba(224,222,222,0);border-top-width:1px;\"><\/div><\/div><div class=\"fusion-text fusion-text-2\"><p><span style=\"font-weight: 400;\">Se prepar\u00f3 para la feria distintos productos como chupetes, ponche, chicha y queques; nuestro equipo de feriantes estaba conformado por 5 mujeres y 3 varones, quienes pudieron compartir la elaboraci\u00f3n de sus recetas, y sobre todo explicar el trabajo que vienen haciendo con el \u00e1rbol de Nogal Negro y los numerosos beneficios que tiene su nuez respecto a su valor nutricional. <\/span><\/p>\n<\/div><div class=\"fusion-text fusion-text-3\"><p><span style=\"font-weight: 400;\">La recepci\u00f3n fue muy buena por parte de los visitantes,tanto a los adultos como a los ni\u00f1os les ha gustado el sabor \u00fanico que tiene esta nuez y felicitaron a los participantes por estos novedosos productos y el aprovechamiento de esta nuez, todos estuvimos muy orgullosos de proponer a la venta productos hechos a base de esta materia prima que todav\u00eda es poca conocida.\u00a0<\/span><\/p>\n<p><span style=\"font-weight: 400;\">A trav\u00e9s de la comercializaci\u00f3n de estos productos se logr\u00f3 generar ingresos de S\/.521.00 soles adem\u00e1s de sensibilizar, tanto a una alimentaci\u00f3n m\u00e1s diversa y sostenible como a la preservaci\u00f3n de nuestros bosques que nos ofrecen muchas riquezas.\u00a0<\/span><\/p>\n<p><span style=\"font-weight: 400;\">Adem\u00e1s, el aprovechamiento de esta especie <\/span><i><span style=\"font-weight: 400;\">Juglans neotropica<\/span><\/i><span style=\"font-weight: 400;\"> cuyo valor en pie puede generar ingresos econ\u00f3micos significativos a los agricultores.<\/span><\/p>\n<\/div><div class=\"fusion-text fusion-text-4\"><p><span style=\"font-weight: 400;\">Los participantes del proyecto expresaron su motivaci\u00f3n para seguir preparando deliciosos platos con la nuez y para poder seguir comparti\u00e9ndolos.\u00a0<\/span><\/p>\n<p><span style=\"font-weight: 400;\">Envol Vert\u00a0 tiene planificado participar en distintas ferias locales con los dem\u00e1s grupos involucrados en el proyecto de Nogal Negro, y con mas platos elaborados con la semilla de este \u00e1rbol nativo.\u00a0 <\/span><\/p>\n<\/div><\/div><\/div><\/div><\/div>\n","protected":false},"excerpt":{"rendered":"","protected":false},"featured_media":51717,"template":"","fils_d_actu_categ":[1428],"class_list":["post-51412","fil_d_actu","type-fil_d_actu","status-publish","has-post-thumbnail","hentry","fils_d_actu_categ-programa-cafe-cacao-agroforestales"],"_links":{"self":[{"href":"https:\/\/envol-vert.org\/es\/wp-json\/wp\/v2\/fil_d_actu\/51412","targetHints":{"allow":["GET"]}}],"collection":[{"href":"https:\/\/envol-vert.org\/es\/wp-json\/wp\/v2\/fil_d_actu"}],"about":[{"href":"https:\/\/envol-vert.org\/es\/wp-json\/wp\/v2\/types\/fil_d_actu"}],"version-history":[{"count":0,"href":"https:\/\/envol-vert.org\/es\/wp-json\/wp\/v2\/fil_d_actu\/51412\/revisions"}],"wp:featuredmedia":[{"embeddable":true,"href":"https:\/\/envol-vert.org\/es\/wp-json\/wp\/v2\/media\/51717"}],"wp:attachment":[{"href":"https:\/\/envol-vert.org\/es\/wp-json\/wp\/v2\/media?parent=51412"}],"wp:term":[{"taxonomy":"fils_d_actu_categ","embeddable":true,"href":"https:\/\/envol-vert.org\/es\/wp-json\/wp\/v2\/fils_d_actu_categ?post=51412"}],"curies":[{"name":"wp","href":"https:\/\/api.w.org\/{rel}","templated":true}]}}