{"id":52251,"date":"2025-02-13T23:58:09","date_gmt":"2025-02-13T21:58:09","guid":{"rendered":"https:\/\/envol-vert.org\/?post_type=fil_d_actu&#038;p=52251"},"modified":"2025-02-27T22:30:05","modified_gmt":"2025-02-27T20:30:05","slug":"comunidades-locales-de-montes-de-maria-inician-monitoreo-de-la-biodiversidad","status":"publish","type":"fil_d_actu","link":"https:\/\/envol-vert.org\/es\/act\/comunidades-locales-de-montes-de-maria-inician-monitoreo-de-la-biodiversidad\/","title":{"rendered":"Comunidades locales de Montes de Mar\u00eda inician monitoreo de la biodiversidad"},"content":{"rendered":"<div class=\"fusion-fullwidth fullwidth-box fusion-builder-row-1 fusion-flex-container has-pattern-background has-mask-background nonhundred-percent-fullwidth non-hundred-percent-height-scrolling\" style=\"--awb-border-radius-top-left:0px;--awb-border-radius-top-right:0px;--awb-border-radius-bottom-right:0px;--awb-border-radius-bottom-left:0px;--awb-flex-wrap:wrap;\" ><div class=\"fusion-builder-row fusion-row fusion-flex-align-items-flex-start fusion-flex-content-wrap\" style=\"max-width:1040px;margin-left: calc(-4% \/ 2 );margin-right: calc(-4% \/ 2 );\"><div class=\"fusion-layout-column fusion_builder_column fusion-builder-column-0 fusion_builder_column_1_1 1_1 fusion-flex-column\" style=\"--awb-bg-size:cover;--awb-width-large:100%;--awb-margin-top-large:0px;--awb-spacing-right-large:1.92%;--awb-margin-bottom-large:20px;--awb-spacing-left-large:1.92%;--awb-width-medium:100%;--awb-order-medium:0;--awb-spacing-right-medium:1.92%;--awb-spacing-left-medium:1.92%;--awb-width-small:100%;--awb-order-small:0;--awb-spacing-right-small:1.92%;--awb-spacing-left-small:1.92%;\"><div class=\"fusion-column-wrapper fusion-column-has-shadow fusion-flex-justify-content-flex-start fusion-content-layout-column\"><div class=\"fusion-text fusion-text-1\"><p>El <a href=\"https:\/\/reporte.humboldt.org.co\/biodiversidad\/2015\/cap2\/202\/\" target=\"_blank\" rel=\"noopener\">bosque seco tropical es uno de los ecosistemas m\u00e1s amenazados de Colombia<\/a>, y su conservaci\u00f3n s\u00f3lo es posible con la participaci\u00f3n activa de las comunidades locales. Por ello, <b>nuestro proyecto BST ha adoptado un enfoque estrat\u00e9gico orientado a fortalecer el conocimiento comunitario sobre la biodiversidad y a promover acciones de conservaci\u00f3n<\/b> lideradas por los habitantes de varias veredas en Ovejas y Toluviejo, en Sucre, y Becerril, en el Cesar.<\/p>\n<p>Como parte de este enfoque, hemos iniciado un programa de <b>capacitaciones para que las comunidades campesinas sean aut\u00f3nomas en el monitoreo de la biodiversidad del bosque seco de su territorio<\/b>. Estas actividades no solo buscan generar informaci\u00f3n clave sobre la fauna y flora del ecosistema, sino tambi\u00e9n fortalecer el sentido de apropiaci\u00f3n y compromiso con su conservaci\u00f3n, creando un v\u00ednculo de cuidado entre las comunidades y la naturaleza.<\/p>\n<\/div><\/div><\/div><div class=\"fusion-layout-column fusion_builder_column fusion-builder-column-1 fusion_builder_column_1_5 1_5 fusion-flex-column\" style=\"--awb-bg-size:cover;--awb-width-large:20%;--awb-margin-top-large:0px;--awb-spacing-right-large:9.6%;--awb-margin-bottom-large:20px;--awb-spacing-left-large:9.6%;--awb-width-medium:100%;--awb-order-medium:0;--awb-spacing-right-medium:1.92%;--awb-spacing-left-medium:1.92%;--awb-width-small:100%;--awb-order-small:0;--awb-spacing-right-small:1.92%;--awb-spacing-left-small:1.92%;\"><div class=\"fusion-column-wrapper fusion-column-has-shadow fusion-flex-justify-content-flex-start fusion-content-layout-column\"><\/div><\/div><div class=\"fusion-layout-column fusion_builder_column fusion-builder-column-2 fusion_builder_column_3_5 3_5 fusion-flex-column\" style=\"--awb-bg-size:cover;--awb-width-large:60%;--awb-margin-top-large:0px;--awb-spacing-right-large:3.2%;--awb-margin-bottom-large:20px;--awb-spacing-left-large:3.2%;--awb-width-medium:100%;--awb-order-medium:0;--awb-spacing-right-medium:1.92%;--awb-spacing-left-medium:1.92%;--awb-width-small:100%;--awb-order-small:0;--awb-spacing-right-small:1.92%;--awb-spacing-left-small:1.92%;\"><div class=\"fusion-column-wrapper fusion-column-has-shadow fusion-flex-justify-content-flex-start fusion-content-layout-column\"><blockquote class=\"instagram-media\" data-instgrm-captioned data-instgrm-permalink=\"https:\/\/www.instagram.com\/reel\/DFNzugkJq47\/?utm_source=ig_embed&utm_campaign=loading\" data-instgrm-version=\"14\" style=\" background:#FFF; border:0; border-radius:3px; box-shadow:0 0 1px 0 rgba(0,0,0,0.5),0 1px 10px 0 rgba(0,0,0,0.15); margin: 1px; max-width:540px; min-width:326px; padding:0; width:99.375%; width:-webkit-calc(100% - 2px); width:calc(100% - 2px);\"><div style=\"padding:16px;\"> <a href=\"https:\/\/www.instagram.com\/reel\/DFNzugkJq47\/?utm_source=ig_embed&amp;utm_campaign=loading\" style=\" background:#FFFFFF; line-height:0; padding:0 0; text-align:center; text-decoration:none; width:100%;\" target=\"_blank\" rel=\"noopener\"> <div style=\" display: flex; flex-direction: row; align-items: center;\"> <div style=\"background-color: #F4F4F4; border-radius: 50%; flex-grow: 0; height: 40px; margin-right: 14px; width: 40px;\"><\/div> <div style=\"display: flex; flex-direction: column; flex-grow: 1; justify-content: center;\"> <div style=\" background-color: #F4F4F4; border-radius: 4px; flex-grow: 0; height: 14px; margin-bottom: 6px; width: 100px;\"><\/div> <div style=\" background-color: #F4F4F4; border-radius: 4px; flex-grow: 0; height: 14px; width: 60px;\"><\/div><\/div><\/div><div style=\"padding: 19% 0;\"><\/div> <div style=\"display:block; height:50px; margin:0 auto 12px; width:50px;\"><svg width=\"50px\" height=\"50px\" viewBox=\"0 0 60 60\" version=\"1.1\" xmlns=\"https:\/\/www.w3.org\/2000\/svg\" xmlns:xlink=\"https:\/\/www.w3.org\/1999\/xlink\"><g stroke=\"none\" stroke-width=\"1\" fill=\"none\" fill-rule=\"evenodd\"><g transform=\"translate(-511.000000, -20.000000)\" fill=\"#000000\"><g><path d=\"M556.869,30.41 C554.814,30.41 553.148,32.076 553.148,34.131 C553.148,36.186 554.814,37.852 556.869,37.852 C558.924,37.852 560.59,36.186 560.59,34.131 C560.59,32.076 558.924,30.41 556.869,30.41 M541,60.657 C535.114,60.657 530.342,55.887 530.342,50 C530.342,44.114 535.114,39.342 541,39.342 C546.887,39.342 551.658,44.114 551.658,50 C551.658,55.887 546.887,60.657 541,60.657 M541,33.886 C532.1,33.886 524.886,41.1 524.886,50 C524.886,58.899 532.1,66.113 541,66.113 C549.9,66.113 557.115,58.899 557.115,50 C557.115,41.1 549.9,33.886 541,33.886 M565.378,62.101 C565.244,65.022 564.756,66.606 564.346,67.663 C563.803,69.06 563.154,70.057 562.106,71.106 C561.058,72.155 560.06,72.803 558.662,73.347 C557.607,73.757 556.021,74.244 553.102,74.378 C549.944,74.521 548.997,74.552 541,74.552 C533.003,74.552 532.056,74.521 528.898,74.378 C525.979,74.244 524.393,73.757 523.338,73.347 C521.94,72.803 520.942,72.155 519.894,71.106 C518.846,70.057 518.197,69.06 517.654,67.663 C517.244,66.606 516.755,65.022 516.623,62.101 C516.479,58.943 516.448,57.996 516.448,50 C516.448,42.003 516.479,41.056 516.623,37.899 C516.755,34.978 517.244,33.391 517.654,32.338 C518.197,30.938 518.846,29.942 519.894,28.894 C520.942,27.846 521.94,27.196 523.338,26.654 C524.393,26.244 525.979,25.756 528.898,25.623 C532.057,25.479 533.004,25.448 541,25.448 C548.997,25.448 549.943,25.479 553.102,25.623 C556.021,25.756 557.607,26.244 558.662,26.654 C560.06,27.196 561.058,27.846 562.106,28.894 C563.154,29.942 563.803,30.938 564.346,32.338 C564.756,33.391 565.244,34.978 565.378,37.899 C565.522,41.056 565.552,42.003 565.552,50 C565.552,57.996 565.522,58.943 565.378,62.101 M570.82,37.631 C570.674,34.438 570.167,32.258 569.425,30.349 C568.659,28.377 567.633,26.702 565.965,25.035 C564.297,23.368 562.623,22.342 560.652,21.575 C558.743,20.834 556.562,20.326 553.369,20.18 C550.169,20.033 549.148,20 541,20 C532.853,20 531.831,20.033 528.631,20.18 C525.438,20.326 523.257,20.834 521.349,21.575 C519.376,22.342 517.703,23.368 516.035,25.035 C514.368,26.702 513.342,28.377 512.574,30.349 C511.834,32.258 511.326,34.438 511.181,37.631 C511.035,40.831 511,41.851 511,50 C511,58.147 511.035,59.17 511.181,62.369 C511.326,65.562 511.834,67.743 512.574,69.651 C513.342,71.625 514.368,73.296 516.035,74.965 C517.703,76.634 519.376,77.658 521.349,78.425 C523.257,79.167 525.438,79.673 528.631,79.82 C531.831,79.965 532.853,80.001 541,80.001 C549.148,80.001 550.169,79.965 553.369,79.82 C556.562,79.673 558.743,79.167 560.652,78.425 C562.623,77.658 564.297,76.634 565.965,74.965 C567.633,73.296 568.659,71.625 569.425,69.651 C570.167,67.743 570.674,65.562 570.82,62.369 C570.966,59.17 571,58.147 571,50 C571,41.851 570.966,40.831 570.82,37.631\"><\/path><\/g><\/g><\/g><\/svg><\/div><div style=\"padding-top: 8px;\"> <div style=\" color:#3897f0; font-family:Arial,sans-serif; font-size:14px; font-style:normal; font-weight:550; line-height:18px;\">Voir cette publication sur Instagram<\/div><\/div><div style=\"padding: 12.5% 0;\"><\/div> <div style=\"display: flex; flex-direction: row; margin-bottom: 14px; align-items: center;\"><div> <div style=\"background-color: #F4F4F4; border-radius: 50%; height: 12.5px; width: 12.5px; transform: translateX(0px) translateY(7px);\"><\/div> <div style=\"background-color: #F4F4F4; height: 12.5px; transform: rotate(-45deg) translateX(3px) translateY(1px); width: 12.5px; flex-grow: 0; margin-right: 14px; margin-left: 2px;\"><\/div> <div style=\"background-color: #F4F4F4; border-radius: 50%; height: 12.5px; width: 12.5px; transform: translateX(9px) translateY(-18px);\"><\/div><\/div><div style=\"margin-left: 8px;\"> <div style=\" background-color: #F4F4F4; border-radius: 50%; flex-grow: 0; height: 20px; width: 20px;\"><\/div> <div style=\" width: 0; height: 0; border-top: 2px solid transparent; border-left: 6px solid #f4f4f4; border-bottom: 2px solid transparent; transform: translateX(16px) translateY(-4px) rotate(30deg)\"><\/div><\/div><div style=\"margin-left: auto;\"> <div style=\" width: 0px; border-top: 8px solid #F4F4F4; border-right: 8px solid transparent; transform: translateY(16px);\"><\/div> <div style=\" background-color: #F4F4F4; flex-grow: 0; height: 12px; width: 16px; transform: translateY(-4px);\"><\/div> <div style=\" width: 0; height: 0; border-top: 8px solid #F4F4F4; border-left: 8px solid transparent; transform: translateY(-4px) translateX(8px);\"><\/div><\/div><\/div> <div style=\"display: flex; flex-direction: column; flex-grow: 1; justify-content: center; margin-bottom: 24px;\"> <div style=\" background-color: #F4F4F4; border-radius: 4px; flex-grow: 0; height: 14px; margin-bottom: 6px; width: 224px;\"><\/div> <div style=\" background-color: #F4F4F4; border-radius: 4px; flex-grow: 0; height: 14px; width: 144px;\"><\/div><\/div><\/a><p style=\" color:#c9c8cd; font-family:Arial,sans-serif; font-size:14px; line-height:17px; margin-bottom:0; margin-top:8px; overflow:hidden; padding:8px 0 7px; text-align:center; text-overflow:ellipsis; white-space:nowrap;\"><a href=\"https:\/\/www.instagram.com\/reel\/DFNzugkJq47\/?utm_source=ig_embed&amp;utm_campaign=loading\" style=\" color:#c9c8cd; font-family:Arial,sans-serif; font-size:14px; font-style:normal; font-weight:normal; line-height:17px; text-decoration:none;\" target=\"_blank\" rel=\"noopener\">Une publication partag\u00e9e par Envol Vert (@envolvertcolombia)<\/a><\/p><\/div><\/blockquote>\n<script async src=\"\/\/www.instagram.com\/embed.js\"><\/script><\/div><\/div><div class=\"fusion-layout-column fusion_builder_column fusion-builder-column-3 fusion_builder_column_1_5 1_5 fusion-flex-column\" style=\"--awb-bg-size:cover;--awb-width-large:20%;--awb-margin-top-large:0px;--awb-spacing-right-large:9.6%;--awb-margin-bottom-large:20px;--awb-spacing-left-large:9.6%;--awb-width-medium:100%;--awb-order-medium:0;--awb-spacing-right-medium:1.92%;--awb-spacing-left-medium:1.92%;--awb-width-small:100%;--awb-order-small:0;--awb-spacing-right-small:1.92%;--awb-spacing-left-small:1.92%;\"><div class=\"fusion-column-wrapper fusion-column-has-shadow fusion-flex-justify-content-flex-start fusion-content-layout-column\"><\/div><\/div><div class=\"fusion-layout-column fusion_builder_column fusion-builder-column-4 fusion_builder_column_1_1 1_1 fusion-flex-column\" style=\"--awb-bg-size:cover;--awb-width-large:100%;--awb-margin-top-large:0px;--awb-spacing-right-large:1.92%;--awb-margin-bottom-large:20px;--awb-spacing-left-large:1.92%;--awb-width-medium:100%;--awb-order-medium:0;--awb-spacing-right-medium:1.92%;--awb-spacing-left-medium:1.92%;--awb-width-small:100%;--awb-order-small:0;--awb-spacing-right-small:1.92%;--awb-spacing-left-small:1.92%;\"><div class=\"fusion-column-wrapper fusion-column-has-shadow fusion-flex-justify-content-flex-start fusion-content-layout-column\"><div class=\"fusion-title title fusion-title-1 sep-underline sep-solid fusion-title-text fusion-title-size-two\" style=\"--awb-margin-top-small:0px;--awb-margin-right-small:0px;--awb-margin-bottom-small:0px;--awb-margin-left-small:0px;\"><h2 class=\"fusion-title-heading title-heading-left fusion-responsive-typography-calculated\" style=\"margin:0;--fontSize:22.4;--minFontSize:22.4;line-height:1.39;\"><div class=\"fusion-fa-align-left\"><i class=\"fb-icon-element-1 fb-icon-element fontawesome-icon fa-seedling fas circle-no\" style=\"--awb-iconcolor:#3aaa35;--awb-font-size:30px;--awb-margin-bottom:5%;\"><\/i><\/div>Primeros avances en el monitoreo comunitario<\/h2><\/div><div class=\"fusion-text fusion-text-2\"><p><span style=\"font-weight: 400;\">Entre noviembre y diciembre de 2024, se realizaron talleres de monitoreo comunitario de la fauna en alianza con la <\/span><b>Fundaci\u00f3n Natural Unidos por la Conservaci\u00f3n<\/b><span style=\"font-weight: 400;\">. En estos encuentros, los participantes aprendieron t\u00e9cnicas de fototrampeo y avistamiento de aves, permitiendo registrar especies clave del ecosistema. En la vereda Coraza, por ejemplo, las c\u00e1maras trampa captaron la presencia de la tayra (<\/span><i><span style=\"font-weight: 400;\">Eira barbara<\/span><\/i><span style=\"font-weight: 400;\">), la zarig\u00fceya (<\/span><i><span style=\"font-weight: 400;\">Didelphis marsupialis<\/span><\/i><span style=\"font-weight: 400;\">) y el armadillo (<\/span><i><span style=\"font-weight: 400;\">Dasypus novemcinctus<\/span><\/i><span style=\"font-weight: 400;\">), mientras que en La Siria se identific\u00f3 un tigrillo (<\/span><i><span style=\"font-weight: 400;\">Leopardus tigrinus<\/span><\/i><span style=\"font-weight: 400;\">), un indicador del buen estado de conservaci\u00f3n del bosque.<\/span><\/p>\n<\/div><\/div><\/div><div class=\"fusion-layout-column fusion_builder_column fusion-builder-column-5 fusion_builder_column_1_5 1_5 fusion-flex-column\" style=\"--awb-bg-size:cover;--awb-width-large:20%;--awb-margin-top-large:0px;--awb-spacing-right-large:9.6%;--awb-margin-bottom-large:20px;--awb-spacing-left-large:9.6%;--awb-width-medium:100%;--awb-order-medium:0;--awb-spacing-right-medium:1.92%;--awb-spacing-left-medium:1.92%;--awb-width-small:100%;--awb-order-small:0;--awb-spacing-right-small:1.92%;--awb-spacing-left-small:1.92%;\"><div class=\"fusion-column-wrapper fusion-column-has-shadow fusion-flex-justify-content-flex-start fusion-content-layout-column\"><\/div><\/div><div class=\"fusion-layout-column fusion_builder_column fusion-builder-column-6 fusion_builder_column_1_2 1_2 fusion-flex-column\" style=\"--awb-bg-size:cover;--awb-width-large:50%;--awb-margin-top-large:0px;--awb-spacing-right-large:3.84%;--awb-margin-bottom-large:20px;--awb-spacing-left-large:3.84%;--awb-width-medium:100%;--awb-order-medium:0;--awb-spacing-right-medium:1.92%;--awb-spacing-left-medium:1.92%;--awb-width-small:100%;--awb-order-small:0;--awb-spacing-right-small:1.92%;--awb-spacing-left-small:1.92%;\"><div class=\"fusion-column-wrapper fusion-column-has-shadow fusion-flex-justify-content-flex-start fusion-content-layout-column\"><div class=\"fusion-video fusion-youtube\" style=\"--awb-max-width:600px;--awb-max-height:360px;--awb-align-self:center;--awb-width:100%;\"><div class=\"video-shortcode\"><div class=\"fluid-width-video-wrapper\" style=\"padding-top:60%;\" ><iframe title=\"YouTube video player 1\" src=\"https:\/\/www.youtube.com\/embed\/NOjB0GkA9J0?wmode=transparent&autoplay=0&amp;loop=1&amp;playlist=NOjB0GkA9J0\" width=\"600\" height=\"360\" allowfullscreen allow=\"autoplay; clipboard-write; encrypted-media; gyroscope; picture-in-picture;\"><\/iframe><\/div><\/div><\/div><div class=\"fusion-separator fusion-full-width-sep\" style=\"align-self: center;margin-left: auto;margin-right: auto;margin-top:3%;margin-bottom:3%;width:100%;\"><div class=\"fusion-separator-border sep-single sep-solid\" style=\"--awb-height:20px;--awb-amount:20px;border-color:#e0dede;border-top-width:0px;\"><\/div><\/div><\/div><\/div><div class=\"fusion-layout-column fusion_builder_column fusion-builder-column-7 fusion_builder_column_1_5 1_5 fusion-flex-column\" style=\"--awb-bg-size:cover;--awb-width-large:20%;--awb-margin-top-large:0px;--awb-spacing-right-large:9.6%;--awb-margin-bottom-large:20px;--awb-spacing-left-large:9.6%;--awb-width-medium:100%;--awb-order-medium:0;--awb-spacing-right-medium:1.92%;--awb-spacing-left-medium:1.92%;--awb-width-small:100%;--awb-order-small:0;--awb-spacing-right-small:1.92%;--awb-spacing-left-small:1.92%;\"><div class=\"fusion-column-wrapper fusion-column-has-shadow fusion-flex-justify-content-flex-start fusion-content-layout-column\"><\/div><\/div><div class=\"fusion-layout-column fusion_builder_column fusion-builder-column-8 fusion_builder_column_1_1 1_1 fusion-flex-column\" style=\"--awb-bg-size:cover;--awb-width-large:100%;--awb-margin-top-large:0px;--awb-spacing-right-large:1.92%;--awb-margin-bottom-large:20px;--awb-spacing-left-large:1.92%;--awb-width-medium:100%;--awb-order-medium:0;--awb-spacing-right-medium:1.92%;--awb-spacing-left-medium:1.92%;--awb-width-small:100%;--awb-order-small:0;--awb-spacing-right-small:1.92%;--awb-spacing-left-small:1.92%;\"><div class=\"fusion-column-wrapper fusion-column-has-shadow fusion-flex-justify-content-flex-start fusion-content-layout-column\"><div class=\"fusion-text fusion-text-3\"><p><span style=\"font-weight: 400;\">Los talleres de avistamiento de aves tambi\u00e9n tuvieron una gran acogida, especialmente entre la poblaci\u00f3n joven, quienes participaron activamente en la identificaci\u00f3n de especies y el reconocimiento de sus comportamientos. <\/span><b>En total, 123 personas han sido capacitadas en estas t\u00e9cnicas, marcando un primer paso importante hacia la apropiaci\u00f3n comunitaria de su riqueza natural<\/b><span style=\"font-weight: 400;\">.<\/span><\/p>\n<\/div><div class=\"fusion-image-element \" style=\"text-align:center;--awb-caption-title-font-family:var(--h2_typography-font-family);--awb-caption-title-font-weight:var(--h2_typography-font-weight);--awb-caption-title-font-style:var(--h2_typography-font-style);--awb-caption-title-size:var(--h2_typography-font-size);--awb-caption-title-transform:var(--h2_typography-text-transform);--awb-caption-title-line-height:var(--h2_typography-line-height);--awb-caption-title-letter-spacing:var(--h2_typography-letter-spacing);\"><span class=\" fusion-imageframe imageframe-none imageframe-1 hover-type-none\"><img decoding=\"async\" width=\"533\" height=\"400\" title=\"[BST] Salida de avistamiento de aves_Ovejas (Sucre)_web\" src=\"https:\/\/envol-vert.org\/wp-content\/uploads\/2025\/02\/BST-Salida-de-avistamiento-de-aves_Ovejas-Sucre_web-533x400.jpg\" alt class=\"img-responsive wp-image-52262\" srcset=\"https:\/\/envol-vert.org\/wp-content\/uploads\/2025\/02\/BST-Salida-de-avistamiento-de-aves_Ovejas-Sucre_web-200x150.jpg 200w, https:\/\/envol-vert.org\/wp-content\/uploads\/2025\/02\/BST-Salida-de-avistamiento-de-aves_Ovejas-Sucre_web-400x300.jpg 400w, https:\/\/envol-vert.org\/wp-content\/uploads\/2025\/02\/BST-Salida-de-avistamiento-de-aves_Ovejas-Sucre_web-600x450.jpg 600w, https:\/\/envol-vert.org\/wp-content\/uploads\/2025\/02\/BST-Salida-de-avistamiento-de-aves_Ovejas-Sucre_web.jpg 800w\" sizes=\"(max-width: 1024px) 100vw, (max-width: 640px) 100vw, 533px\" \/><\/span><\/div><div class=\"fusion-separator fusion-full-width-sep\" style=\"align-self: center;margin-left: auto;margin-right: auto;margin-top:3%;margin-bottom:3%;width:100%;\"><div class=\"fusion-separator-border sep-single sep-solid\" style=\"--awb-height:20px;--awb-amount:20px;border-color:#e0dede;border-top-width:0px;\"><\/div><\/div><div class=\"fusion-title title fusion-title-2 sep-underline sep-solid fusion-title-text fusion-title-size-two\" style=\"--awb-margin-top-small:0px;--awb-margin-right-small:0px;--awb-margin-bottom-small:0px;--awb-margin-left-small:0px;\"><h2 class=\"fusion-title-heading title-heading-left fusion-responsive-typography-calculated\" style=\"margin:0;--fontSize:22.4;--minFontSize:22.4;line-height:1.39;\"><div class=\"fusion-fa-align-left\"><i class=\"fb-icon-element-2 fb-icon-element fontawesome-icon fa-seedling fas circle-no\" style=\"--awb-iconcolor:#3aaa35;--awb-font-size:30px;--awb-margin-bottom:5%;\"><\/i><\/div>Hacia la consolidaci\u00f3n de \u00e1reas de protecci\u00f3n comunitaria<\/h2><\/div><div class=\"fusion-text fusion-text-4\"><p><span style=\"font-weight: 400;\">Estos esfuerzos de capacitaci\u00f3n est\u00e1n alineados con la estrategia de conservaci\u00f3n del bosque seco tropical, que en 2024 ya cuenta con <\/span><b>32,94 hect\u00e1reas protegidas<\/b><span style=\"font-weight: 400;\"> por 21 participantes del proyecto en municipios como Tol\u00faviejo, Ovejas y Becerril. A trav\u00e9s de talleres de conservaci\u00f3n y ordenamiento territorial, <\/span><b>las comunidades han identificado \u00e1reas prioritarias para la protecci\u00f3n y han comenzado a imaginar planes de manejo basados en el conocimiento local de tu territorio<\/b><span style=\"font-weight: 400;\">.<\/span><\/p>\n<p><b>En Envol Vert creemos firmemente que la conservaci\u00f3n de los bosques s\u00f3lo es posible cuando las comunidades son protagonistas del proceso<\/b><span style=\"font-weight: 400;\">. Por ello, seguiremos fortaleciendo el monitoreo comunitario, ampliando las \u00e1reas de protecci\u00f3n y promoviendo la participaci\u00f3n activa de la poblaci\u00f3n en la construcci\u00f3n de un futuro m\u00e1s sostenible para el bosque seco tropical.<\/span><\/p>\n<\/div><div class=\"fusion-separator fusion-full-width-sep\" style=\"align-self: center;margin-left: auto;margin-right: auto;margin-top:3%;margin-bottom:3%;width:100%;\"><div class=\"fusion-separator-border sep-single sep-solid\" style=\"--awb-height:20px;--awb-amount:20px;border-color:#e0dede;border-top-width:0px;\"><\/div><\/div><\/div><\/div><div class=\"fusion-layout-column fusion_builder_column fusion-builder-column-9 fusion_builder_column_2_3 2_3 fusion-flex-column\" style=\"--awb-bg-size:cover;--awb-width-large:66.666666666667%;--awb-margin-top-large:0px;--awb-spacing-right-large:2.88%;--awb-margin-bottom-large:20px;--awb-spacing-left-large:2.88%;--awb-width-medium:100%;--awb-order-medium:0;--awb-spacing-right-medium:1.92%;--awb-spacing-left-medium:1.92%;--awb-width-small:100%;--awb-order-small:0;--awb-spacing-right-small:1.92%;--awb-spacing-left-small:1.92%;\"><div class=\"fusion-column-wrapper fusion-column-has-shadow fusion-flex-justify-content-flex-start fusion-content-layout-column\"><div class=\"fusion-text fusion-text-5\"><p style=\"text-align: right;\"><i><span style=\"font-weight: 400;\">Si deseas conocer m\u00e1s sobre nuestras iniciativas o apoyar este proceso, te invitamos a seguir nuestras redes sociales <\/span><\/i><i><span style=\"font-weight: 400;\">y ser parte de esta transici\u00f3n socioecol\u00f3gica.<\/span><\/i><\/p>\n<\/div><\/div><\/div><div class=\"fusion-layout-column fusion_builder_column fusion-builder-column-10 fusion_builder_column_1_3 1_3 fusion-flex-column\" style=\"--awb-bg-size:cover;--awb-width-large:33.333333333333%;--awb-margin-top-large:0px;--awb-spacing-right-large:5.76%;--awb-margin-bottom-large:20px;--awb-spacing-left-large:5.76%;--awb-width-medium:100%;--awb-order-medium:0;--awb-spacing-right-medium:1.92%;--awb-spacing-left-medium:1.92%;--awb-width-small:100%;--awb-order-small:0;--awb-spacing-right-small:1.92%;--awb-spacing-left-small:1.92%;\"><div class=\"fusion-column-wrapper fusion-column-has-shadow fusion-flex-justify-content-flex-start fusion-content-layout-column\"><div class=\"fusion-social-links fusion-social-links-1\" style=\"--awb-margin-top:0px;--awb-margin-right:0px;--awb-margin-bottom:0px;--awb-margin-left:0px;--awb-alignment:center;--awb-box-border-top:0px;--awb-box-border-right:0px;--awb-box-border-bottom:0px;--awb-box-border-left:0px;--awb-icon-colors-hover:var(--awb-color4);--awb-box-colors-hover:var(--awb-color1);--awb-box-border-color:var(--awb-color3);--awb-box-border-color-hover:var(--awb-color4);\"><div class=\"fusion-social-networks boxed-icons color-type-custom\"><div class=\"fusion-social-networks-wrapper\"><a class=\"fusion-social-network-icon fusion-tooltip fusion-instagram awb-icon-instagram\" style=\"color:#fffcfc;font-size:16px;width:16px;background-color:#284f1d;border-color:#284f1d;border-radius:24px;\" data-placement=\"top\" data-title=\"Instagram\" data-toggle=\"tooltip\" title=\"Instagram\" aria-label=\"instagram\" target=\"_blank\" rel=\"noopener noreferrer\" href=\"https:\/\/www.instagram.com\/envolvertcolombia\/\"><\/a><a class=\"fusion-social-network-icon fusion-tooltip fusion-facebook awb-icon-facebook\" style=\"color:#fffcfc;font-size:16px;width:16px;background-color:#284f1d;border-color:#284f1d;border-radius:24px;\" data-placement=\"top\" data-title=\"Facebook\" data-toggle=\"tooltip\" title=\"Facebook\" aria-label=\"facebook\" target=\"_blank\" rel=\"noopener noreferrer\" href=\"https:\/\/www.facebook.com\/EnvolVertColombia\"><\/a><a class=\"fusion-social-network-icon fusion-tooltip fusion-linkedin awb-icon-linkedin\" style=\"color:#fffcfc;font-size:16px;width:16px;background-color:#284f1d;border-color:#284f1d;border-radius:24px;\" data-placement=\"top\" data-title=\"LinkedIn\" data-toggle=\"tooltip\" title=\"LinkedIn\" aria-label=\"linkedin\" target=\"_blank\" rel=\"noopener noreferrer\" href=\"https:\/\/www.linkedin.com\/in\/envol-vert-colombia\/\"><\/a><\/div><\/div><\/div><\/div><\/div><\/div><\/div>\n","protected":false},"excerpt":{"rendered":"","protected":false},"featured_media":52253,"template":"","fils_d_actu_categ":[1653],"class_list":["post-52251","fil_d_actu","type-fil_d_actu","status-publish","has-post-thumbnail","hentry","fils_d_actu_categ-programa-de-preservacion-de-los-bosques-secos"],"_links":{"self":[{"href":"https:\/\/envol-vert.org\/es\/wp-json\/wp\/v2\/fil_d_actu\/52251","targetHints":{"allow":["GET"]}}],"collection":[{"href":"https:\/\/envol-vert.org\/es\/wp-json\/wp\/v2\/fil_d_actu"}],"about":[{"href":"https:\/\/envol-vert.org\/es\/wp-json\/wp\/v2\/types\/fil_d_actu"}],"version-history":[{"count":0,"href":"https:\/\/envol-vert.org\/es\/wp-json\/wp\/v2\/fil_d_actu\/52251\/revisions"}],"wp:featuredmedia":[{"embeddable":true,"href":"https:\/\/envol-vert.org\/es\/wp-json\/wp\/v2\/media\/52253"}],"wp:attachment":[{"href":"https:\/\/envol-vert.org\/es\/wp-json\/wp\/v2\/media?parent=52251"}],"wp:term":[{"taxonomy":"fils_d_actu_categ","embeddable":true,"href":"https:\/\/envol-vert.org\/es\/wp-json\/wp\/v2\/fils_d_actu_categ?post=52251"}],"curies":[{"name":"wp","href":"https:\/\/api.w.org\/{rel}","templated":true}]}}