{"id":52388,"date":"2024-11-30T23:33:01","date_gmt":"2024-11-30T21:33:01","guid":{"rendered":"https:\/\/envol-vert.org\/filactu\/una-tercera-edicion-para-la-bolsa-de-los-arboles-de-envol-vert\/"},"modified":"2025-02-27T23:33:02","modified_gmt":"2025-02-27T21:33:02","slug":"una-tercera-edicion-para-la-bolsa-de-los-arboles-de-envol-vert","status":"publish","type":"fil_d_actu","link":"https:\/\/envol-vert.org\/es\/act\/una-tercera-edicion-para-la-bolsa-de-los-arboles-de-envol-vert\/","title":{"rendered":"Una tercera edici\u00f3n para la Bolsa de los \u00e1rboles de Envol Vert"},"content":{"rendered":"<div class=\"fusion-fullwidth fullwidth-box fusion-builder-row-1 fusion-flex-container has-pattern-background has-mask-background nonhundred-percent-fullwidth non-hundred-percent-height-scrolling\" style=\"--awb-border-radius-top-left:0px;--awb-border-radius-top-right:0px;--awb-border-radius-bottom-right:0px;--awb-border-radius-bottom-left:0px;--awb-flex-wrap:wrap;\" ><div class=\"fusion-builder-row fusion-row fusion-flex-align-items-flex-start fusion-flex-content-wrap\" style=\"max-width:1040px;margin-left: calc(-4% \/ 2 );margin-right: calc(-4% \/ 2 );\"><div class=\"fusion-layout-column fusion_builder_column fusion-builder-column-0 fusion_builder_column_1_1 1_1 fusion-flex-column\" style=\"--awb-bg-size:cover;--awb-width-large:100%;--awb-margin-top-large:0px;--awb-spacing-right-large:1.92%;--awb-margin-bottom-large:20px;--awb-spacing-left-large:1.92%;--awb-width-medium:100%;--awb-order-medium:0;--awb-spacing-right-medium:1.92%;--awb-spacing-left-medium:1.92%;--awb-width-small:100%;--awb-order-small:0;--awb-spacing-right-small:1.92%;--awb-spacing-left-small:1.92%;\"><div class=\"fusion-column-wrapper fusion-column-has-shadow fusion-flex-justify-content-flex-start fusion-content-layout-column\"><div class=\"fusion-text fusion-text-1\"><p>La llegada del fr\u00edo y del invierno marca el inicio de la temporada de plantaci\u00f3n, ya sea de \u00e1rboles campestres o frutales. Es el momento ideal para empezar a sembrar las pl\u00e1ntulas.<\/p>\n<p>Una vez m\u00e1s, la finca Cabrols ha acogido la venta de \u00e1rboles Envol Vert. Este a\u00f1o, una particularidad marc\u00f3 el acontecimiento: todos los \u00e1rboles ofrecidos a precio libre proced\u00edan de viveros locales de la regi\u00f3n del Tarn, socios de la asociaci\u00f3n. Fue una ocasi\u00f3n para dar a conocer a l@s productor@s locales y promover las variedades adaptadas a nuestra regi\u00f3n.<br \/>\nReunidos en GIEE, l@s productor@s cultivan plantas de especies locales y antiguas, favoreciendo una producci\u00f3n sostenible y adaptada al territorio.<\/p>\n<p>Gracias al valioso apoyo de una docena de voluntari@s, el granero de la finca se transform\u00f3 en un aut\u00e9ntico lugar de intercambio y descubrimiento. L@s viveristas y t\u00e9cnic@s presentes pudieron asesorar al p\u00fablico, proporcion\u00e1ndole informaci\u00f3n valiosa sobre las variedades m\u00e1s adaptadas a cada tipo de suelo y clima, para que cada persona se llevara las especies ideales para su jard\u00edn o su proyecto agr\u00edcola.<\/p>\n<\/div><div class=\"fusion-image-element \" style=\"text-align:center;--awb-caption-title-font-family:var(--h2_typography-font-family);--awb-caption-title-font-weight:var(--h2_typography-font-weight);--awb-caption-title-font-style:var(--h2_typography-font-style);--awb-caption-title-size:var(--h2_typography-font-size);--awb-caption-title-transform:var(--h2_typography-text-transform);--awb-caption-title-line-height:var(--h2_typography-line-height);--awb-caption-title-letter-spacing:var(--h2_typography-letter-spacing);\"><span class=\" fusion-imageframe imageframe-none imageframe-1 hover-type-none\"><img decoding=\"async\" width=\"533\" height=\"400\" title=\"Bourse_aux_arbres_Exposition_30Novembre2024_Noe\u0301mie_web\" src=\"https:\/\/envol-vert.org\/wp-content\/uploads\/2025\/02\/Bourse_aux_arbres_Exposition_30Novembre2024_Noemie_web-533x400.jpg\" alt class=\"img-responsive wp-image-52381\" srcset=\"https:\/\/envol-vert.org\/wp-content\/uploads\/2025\/02\/Bourse_aux_arbres_Exposition_30Novembre2024_Noemie_web-200x150.jpg 200w, https:\/\/envol-vert.org\/wp-content\/uploads\/2025\/02\/Bourse_aux_arbres_Exposition_30Novembre2024_Noemie_web-400x300.jpg 400w, https:\/\/envol-vert.org\/wp-content\/uploads\/2025\/02\/Bourse_aux_arbres_Exposition_30Novembre2024_Noemie_web-600x450.jpg 600w, https:\/\/envol-vert.org\/wp-content\/uploads\/2025\/02\/Bourse_aux_arbres_Exposition_30Novembre2024_Noemie_web.jpg 800w\" sizes=\"(max-width: 1024px) 100vw, (max-width: 640px) 100vw, 533px\" \/><\/span><\/div><div class=\"fusion-text fusion-text-2\"><p style=\"text-align: center;\"><em>Granero de los Cabrols en la venta del \u00e1rbol el 30 de noviembre de 2024<\/em><\/p>\n<\/div><div class=\"fusion-text fusion-text-3\"><p>Se ofrecieron m\u00e1s de cuarenta especies de \u00e1rboles, principalmente \u00e1rboles campestres con m\u00faltiples objetivos. Estos \u00e1rboles juegan un papel fundamental en la protecci\u00f3n de los suelos, la creaci\u00f3n de setos vivos rompevientos, el equilibrio de la biodiversidad, etc. Como respuesta a las preocupaciones sobre el cambio clim\u00e1tico, se han a\u00f1adido nuevas especies al cat\u00e1logo este a\u00f1o. As\u00ed, fue posible descubrir variedades como el membrillero de China, el n\u00edspero japon\u00e9s y el olivo de Bohemia.<\/p>\n<p>Este d\u00eda fue ante todo un momento de encuentro y convivencia. Alrededor de un vino caliente, un jugo especiado o unas crepes caseros, l@s participantes tuvieron la oportunidad de reunirse, intercambiar ideas y compartir sus experiencias. Los sof\u00e1s estaban al aire libre, bajo los rayos del sol invernal, en un ambiente c\u00e1lido y festivo.<\/p>\n<\/div><\/div><\/div><\/div><\/div>\n","protected":false},"excerpt":{"rendered":"","protected":false},"featured_media":52378,"template":"","fils_d_actu_categ":[1426],"class_list":["post-52388","fil_d_actu","type-fil_d_actu","status-publish","has-post-thumbnail","hentry","fils_d_actu_categ-au-pre-de-mes-arbres-tarn-es"],"_links":{"self":[{"href":"https:\/\/envol-vert.org\/es\/wp-json\/wp\/v2\/fil_d_actu\/52388","targetHints":{"allow":["GET"]}}],"collection":[{"href":"https:\/\/envol-vert.org\/es\/wp-json\/wp\/v2\/fil_d_actu"}],"about":[{"href":"https:\/\/envol-vert.org\/es\/wp-json\/wp\/v2\/types\/fil_d_actu"}],"version-history":[{"count":0,"href":"https:\/\/envol-vert.org\/es\/wp-json\/wp\/v2\/fil_d_actu\/52388\/revisions"}],"wp:featuredmedia":[{"embeddable":true,"href":"https:\/\/envol-vert.org\/es\/wp-json\/wp\/v2\/media\/52378"}],"wp:attachment":[{"href":"https:\/\/envol-vert.org\/es\/wp-json\/wp\/v2\/media?parent=52388"}],"wp:term":[{"taxonomy":"fils_d_actu_categ","embeddable":true,"href":"https:\/\/envol-vert.org\/es\/wp-json\/wp\/v2\/fils_d_actu_categ?post=52388"}],"curies":[{"name":"wp","href":"https:\/\/api.w.org\/{rel}","templated":true}]}}