{"id":52474,"date":"2025-02-28T22:35:48","date_gmt":"2025-02-28T20:35:48","guid":{"rendered":"https:\/\/envol-vert.org\/filactu\/un-nuevo-integrante-en-el-proyecto-con-bosque-la-comunidad-de-bella-alta\/"},"modified":"2025-05-11T22:45:19","modified_gmt":"2025-05-11T20:45:19","slug":"un-nuevo-integrante-en-el-proyecto-con-bosque-la-comunidad-de-bella-alta","status":"publish","type":"fil_d_actu","link":"https:\/\/envol-vert.org\/es\/act\/un-nuevo-integrante-en-el-proyecto-con-bosque-la-comunidad-de-bella-alta\/","title":{"rendered":"Un nuevo integrante en el proyecto Con Bosque: la comunidad de Bella Alta"},"content":{"rendered":"<div class=\"fusion-fullwidth fullwidth-box fusion-builder-row-1 fusion-flex-container has-pattern-background has-mask-background nonhundred-percent-fullwidth non-hundred-percent-height-scrolling\" style=\"--awb-border-radius-top-left:0px;--awb-border-radius-top-right:0px;--awb-border-radius-bottom-right:0px;--awb-border-radius-bottom-left:0px;--awb-flex-wrap:wrap;\" ><div class=\"fusion-builder-row fusion-row fusion-flex-align-items-flex-start fusion-flex-content-wrap\" style=\"max-width:1040px;margin-left: calc(-4% \/ 2 );margin-right: calc(-4% \/ 2 );\"><div class=\"fusion-layout-column fusion_builder_column fusion-builder-column-0 fusion_builder_column_1_1 1_1 fusion-flex-column\" style=\"--awb-bg-size:cover;--awb-width-large:100%;--awb-margin-top-large:0px;--awb-spacing-right-large:1.92%;--awb-margin-bottom-large:20px;--awb-spacing-left-large:1.92%;--awb-width-medium:100%;--awb-order-medium:0;--awb-spacing-right-medium:1.92%;--awb-spacing-left-medium:1.92%;--awb-width-small:100%;--awb-order-small:0;--awb-spacing-right-small:1.92%;--awb-spacing-left-small:1.92%;\"><div class=\"fusion-column-wrapper fusion-column-has-shadow fusion-flex-justify-content-flex-start fusion-content-layout-column\"><div class=\"fusion-text fusion-text-1\"><p style=\"text-align: right;\"><em>Actividad de identificaci\u00f3n del territorio \u00a9Envol Vert<br \/>\n<\/em><em>Apuntes en el papelote de los pozos de agua, fauna y flora presente en las chacras de los participantes \u00a9Envol Vert<br \/>\n<\/em><em>Participantes presentando la actividad \u201cConociendo mi territorio en Bella Alta\u201d \u00a9Envol Vert<\/em><\/p>\n<\/div><div class=\"fusion-separator fusion-full-width-sep\" style=\"align-self: center;margin-left: auto;margin-right: auto;margin-top:1.5%;margin-bottom:1.5%;width:100%;\"><div class=\"fusion-separator-border sep-single sep-solid\" style=\"--awb-height:20px;--awb-amount:20px;--awb-sep-color:rgba(224,222,222,0);border-color:rgba(224,222,222,0);border-top-width:1px;\"><\/div><\/div><div class=\"fusion-text fusion-text-2\"><p><span style=\"font-weight: 400;\">A pocos minutos de la zona de amortiguamiento del Parque Nacional de Tingo Mar\u00eda se encuentra la comunidad de Bella Alta. Desde hace m\u00e1s de un a\u00f1o, Envol Vert y los habitantes de Bella Alta han venido conversando y proyect\u00e1ndose hacia un trabajo en conjunto para consolidar la conservaci\u00f3n de los bosques en la ciudad de Tingo Mar\u00eda. Esta iniciativa busca generar alternativas econ\u00f3micas sostenibles para la comunidad y, ante todo, permite la preservaci\u00f3n de la zona de amortiguamiento del Parque Nacional de Tingo Mar\u00eda gracias a la valorizaci\u00f3n de su biodiversidad.<\/span><\/p>\n<p><span style=\"font-weight: 400;\">El grupo de participantes de Bella Alta forma parte de una asociaci\u00f3n de agricultores agropecuarios de caf\u00e9 y cacao \u201cValle del encanto\u201d. Esta organizaci\u00f3n viene trabajando de forma grupal, lo que permite que el nuevo proyecto se consolide con un grupo que ya colabora en su cotidianidad. <\/span><\/p>\n<p><span style=\"font-weight: 400;\">A lo largo del a\u00f1o 2024, los participantes identificaron los elementos presentes en su territorio: fauna y flora rodante, adem\u00e1s de los lugares adecuados para un senderismo ecol\u00f3gico dentro de sus parcelas.<\/span><\/p>\n<p><span style=\"font-weight: 400;\">En enero de 2025, se firm\u00f3 el acuerdo grupal para el proyecto Con Bosque, y con mucho entusiasmo se realizaron las actividades de presentaci\u00f3n del territorio mediante la elaboraci\u00f3n de cartograf\u00edas.<\/span><\/p>\n<\/div><div class=\"fusion-image-element \" style=\"text-align:center;--awb-caption-title-font-family:var(--h2_typography-font-family);--awb-caption-title-font-weight:var(--h2_typography-font-weight);--awb-caption-title-font-style:var(--h2_typography-font-style);--awb-caption-title-size:var(--h2_typography-font-size);--awb-caption-title-transform:var(--h2_typography-text-transform);--awb-caption-title-line-height:var(--h2_typography-line-height);--awb-caption-title-letter-spacing:var(--h2_typography-letter-spacing);\"><span class=\" fusion-imageframe imageframe-none imageframe-1 hover-type-none\"><img decoding=\"async\" width=\"533\" height=\"400\" title=\"2025-02-10.Bella Alta_Calendario agrario y festivo_Lea.K_web\" src=\"https:\/\/envol-vert.org\/wp-content\/uploads\/2025\/03\/2025-02-10.Bella-Alta_Calendario-agrario-y-festivo_Lea.K_web-533x400.jpg\" alt class=\"img-responsive wp-image-52470\" srcset=\"https:\/\/envol-vert.org\/wp-content\/uploads\/2025\/03\/2025-02-10.Bella-Alta_Calendario-agrario-y-festivo_Lea.K_web-200x150.jpg 200w, https:\/\/envol-vert.org\/wp-content\/uploads\/2025\/03\/2025-02-10.Bella-Alta_Calendario-agrario-y-festivo_Lea.K_web-400x300.jpg 400w, https:\/\/envol-vert.org\/wp-content\/uploads\/2025\/03\/2025-02-10.Bella-Alta_Calendario-agrario-y-festivo_Lea.K_web-600x450.jpg 600w, https:\/\/envol-vert.org\/wp-content\/uploads\/2025\/03\/2025-02-10.Bella-Alta_Calendario-agrario-y-festivo_Lea.K_web.jpg 800w\" sizes=\"(max-width: 1024px) 100vw, (max-width: 640px) 100vw, 533px\" \/><\/span><\/div><div class=\"fusion-text fusion-text-3\"><p style=\"text-align: center;\"><em>Calendario agrario y festivo de Bella Alta, \u00a9Envol Vert<\/em><\/p>\n<\/div><div class=\"fusion-text fusion-text-4\"><p><span style=\"font-weight: 400;\">Este grupo, mayoritariamente conformado por mujeres, ha demostrado un gran inter\u00e9s en el desarrollo de proyectos de ecoturismo. Gracias a su fuerte organizaci\u00f3n comunitaria, su compromiso con el territorio y su voluntad de aprender y transmitir sus conocimientos, las perspectivas de un trabajo en conjunto son muy prometedoras. <\/span><\/p>\n<p><span style=\"font-weight: 400;\">Durante los pr\u00f3ximos meses, se trabajar\u00e1 en la preservaci\u00f3n de los bosques con un enfoque hacia el ecoturismo como alternativa econ\u00f3mica a la deforestaci\u00f3n. Aunque los efectos de la deforestaci\u00f3n y el cambio clim\u00e1tico han sido evidentes desde hace a\u00f1os, esta temporada de lluvias ha sido particularmente devastadora para los cultivos y los bosques. <\/span><\/p>\n<\/div><\/div><\/div><\/div><\/div>\n","protected":false},"excerpt":{"rendered":"","protected":false},"featured_media":52467,"template":"","fils_d_actu_categ":[1656,2022],"class_list":["post-52474","fil_d_actu","type-fil_d_actu","status-publish","has-post-thumbnail","hentry","fils_d_actu_categ-actualidades-generales","fils_d_actu_categ-proyecto-conbosque"],"_links":{"self":[{"href":"https:\/\/envol-vert.org\/es\/wp-json\/wp\/v2\/fil_d_actu\/52474","targetHints":{"allow":["GET"]}}],"collection":[{"href":"https:\/\/envol-vert.org\/es\/wp-json\/wp\/v2\/fil_d_actu"}],"about":[{"href":"https:\/\/envol-vert.org\/es\/wp-json\/wp\/v2\/types\/fil_d_actu"}],"version-history":[{"count":0,"href":"https:\/\/envol-vert.org\/es\/wp-json\/wp\/v2\/fil_d_actu\/52474\/revisions"}],"wp:featuredmedia":[{"embeddable":true,"href":"https:\/\/envol-vert.org\/es\/wp-json\/wp\/v2\/media\/52467"}],"wp:attachment":[{"href":"https:\/\/envol-vert.org\/es\/wp-json\/wp\/v2\/media?parent=52474"}],"wp:term":[{"taxonomy":"fils_d_actu_categ","embeddable":true,"href":"https:\/\/envol-vert.org\/es\/wp-json\/wp\/v2\/fils_d_actu_categ?post=52474"}],"curies":[{"name":"wp","href":"https:\/\/api.w.org\/{rel}","templated":true}]}}