{"id":53588,"date":"2025-04-28T21:17:36","date_gmt":"2025-04-28T19:17:36","guid":{"rendered":"https:\/\/envol-vert.org\/filactu\/una-mirada-retrospectiva-a-la-velada-interpromociones-los-nucleos-se-convierten-en-la-asociacion-p-i-a-f\/"},"modified":"2025-08-01T21:17:37","modified_gmt":"2025-08-01T19:17:37","slug":"una-mirada-retrospectiva-a-la-velada-interpromociones-los-nucleos-se-convierten-en-la-asociacion-p-i-a-f","status":"publish","type":"fil_d_actu","link":"https:\/\/envol-vert.org\/es\/act\/una-mirada-retrospectiva-a-la-velada-interpromociones-los-nucleos-se-convierten-en-la-asociacion-p-i-a-f\/","title":{"rendered":"Una mirada retrospectiva a la velada interpromociones, los n\u00facleos se convierten en la asociaci\u00f3n P.I.A.F"},"content":{"rendered":"<div class=\"fusion-fullwidth fullwidth-box fusion-builder-row-1 fusion-flex-container has-pattern-background has-mask-background nonhundred-percent-fullwidth non-hundred-percent-height-scrolling\" style=\"--awb-border-radius-top-left:0px;--awb-border-radius-top-right:0px;--awb-border-radius-bottom-right:0px;--awb-border-radius-bottom-left:0px;--awb-flex-wrap:wrap;\" ><div class=\"fusion-builder-row fusion-row fusion-flex-align-items-flex-start fusion-flex-content-wrap\" style=\"max-width:1040px;margin-left: calc(-4% \/ 2 );margin-right: calc(-4% \/ 2 );\"><div class=\"fusion-layout-column fusion_builder_column fusion-builder-column-0 fusion_builder_column_1_1 1_1 fusion-flex-column\" style=\"--awb-bg-size:cover;--awb-width-large:100%;--awb-margin-top-large:0px;--awb-spacing-right-large:1.92%;--awb-margin-bottom-large:20px;--awb-spacing-left-large:1.92%;--awb-width-medium:100%;--awb-order-medium:0;--awb-spacing-right-medium:1.92%;--awb-spacing-left-medium:1.92%;--awb-width-small:100%;--awb-order-small:0;--awb-spacing-right-small:1.92%;--awb-spacing-left-small:1.92%;\"><div class=\"fusion-column-wrapper fusion-column-has-shadow fusion-flex-justify-content-flex-start fusion-content-layout-column\"><div class=\"fusion-text fusion-text-1\"><p><span style=\"font-weight: 400;\">El 9 de abril se celebr\u00f3 en Les Cabrols una velada que no olvidaremos jam\u00e1s. En teor\u00eda, no era m\u00e1s que otra velada inter-promo para los agricultores que trabajan con nosotros desde 2019, pero en realidad, esa noche se celebraron varios talleres. Hab\u00eda que abordar una serie de cuestiones: \u00bfQu\u00e9 tareas esenciales deber\u00eda llevar a cabo el colectivo? \u00bfQu\u00e9 sinergia debe haber entre Envol Vert y la nueva asociaci\u00f3n para el futuro? \u00bfC\u00f3mo mantener la energ\u00eda del colectivo a largo plazo? <\/span><\/p>\n<p><span style=\"font-weight: 400;\">Durante la velada, los agricultores fueron rotando por los distintos talleres para aportar sus reflexiones e ideas, y construir la estructura que se apoyar\u00eda en las candidaturas del GIEE (Grupo de Inter\u00e9s Econ\u00f3mico y Medioambiental), actualmente en preparaci\u00f3n. \u00bfLa conclusi\u00f3n? El colectivo de Noyaux se ha convertido en la asociaci\u00f3n P.I.A.F, siglas de Partage d&#8217;Initiatives AgroForesti\u00e8res (Puesta en com\u00fan de iniciativas agroforestales), con un consejo de administraci\u00f3n formado por 6 agricultores&#8230; y una fuerza motriz de m\u00e1s de cuarenta explotaciones presentes esa tarde. <\/span><\/p>\n<p><span style=\"font-weight: 400;\">Los proyectos son numerosos, ricos y variados. <\/span><\/p>\n<p><span style=\"font-weight: 400;\">La velada continu\u00f3 con una deliciosa comida cuidadosamente preparada por la asociaci\u00f3n &#8220;la Maison de Refuge&#8221;, suficiente para alimentar todos esos cerebros en acci\u00f3n. <\/span><\/p>\n<p><span style=\"font-weight: 400;\">\u00bfY ahora qu\u00e9? <\/span><\/p>\n<p><span style=\"font-weight: 400;\">Una vez creada la asociaci\u00f3n y presentadas las candidaturas al GIEE, los agricultores de la red podr\u00e1n organizarse para dar vida al grupo en todo el Tarn y las regiones vecinas. El pr\u00f3ximo evento federativo estar\u00e1 abierto al p\u00fablico en general: el festival FAGOT (enlace a los art\u00edculos sobre ediciones anteriores) y tendr\u00e1 lugar en tres granjas diferentes en septiembre y octubre. As\u00ed que prep\u00e1rate, \u00a1todav\u00eda te esperan grandes cosas! <\/span><\/p>\n<\/div><\/div><\/div><\/div><\/div>\n","protected":false},"excerpt":{"rendered":"","protected":false},"featured_media":53580,"template":"","fils_d_actu_categ":[1426],"class_list":["post-53588","fil_d_actu","type-fil_d_actu","status-publish","has-post-thumbnail","hentry","fils_d_actu_categ-au-pre-de-mes-arbres-tarn-es"],"yoast_head":"<!-- This site is optimized with the Yoast SEO plugin v28.3 - https:\/\/yoast.com\/product\/yoast-seo-wordpress\/ -->\n<title>Una mirada retrospectiva a la velada interpromociones, los n\u00facleos se convierten en la asociaci\u00f3n P.I.A.F - Envol Vert<\/title>\n<meta name=\"robots\" content=\"index, follow, max-snippet:-1, max-image-preview:large, max-video-preview:-1\" \/>\n<link rel=\"canonical\" href=\"https:\/\/envol-vert.org\/es\/act\/una-mirada-retrospectiva-a-la-velada-interpromociones-los-nucleos-se-convierten-en-la-asociacion-p-i-a-f\/\" \/>\n<meta property=\"og:locale\" content=\"es_ES\" \/>\n<meta property=\"og:type\" content=\"article\" \/>\n<meta property=\"og:title\" content=\"Una mirada retrospectiva a la velada interpromociones, los n\u00facleos se convierten en la asociaci\u00f3n P.I.A.F - Envol Vert\" \/>\n<meta property=\"og:url\" content=\"https:\/\/envol-vert.org\/es\/act\/una-mirada-retrospectiva-a-la-velada-interpromociones-los-nucleos-se-convierten-en-la-asociacion-p-i-a-f\/\" \/>\n<meta property=\"og:site_name\" content=\"Envol Vert\" \/>\n<meta property=\"article:publisher\" content=\"https:\/\/www.facebook.com\/EnvolVertFrance\/\" \/>\n<meta property=\"article:modified_time\" content=\"2025-08-01T19:17:37+00:00\" \/>\n<meta property=\"og:image\" content=\"https:\/\/envol-vert.org\/wp-content\/uploads\/2025\/08\/APMA_Soiree_creation_PIAF_9_05-25_@Noemie_featured.jpg\" \/>\n\t<meta property=\"og:image:width\" content=\"1200\" \/>\n\t<meta property=\"og:image:height\" content=\"600\" \/>\n\t<meta property=\"og:image:type\" content=\"image\/jpeg\" \/>\n<meta name=\"twitter:card\" content=\"summary_large_image\" \/>\n<meta name=\"twitter:site\" content=\"@Envolvert\" \/>\n<meta name=\"twitter:label1\" content=\"Tiempo de lectura\" \/>\n\t<meta name=\"twitter:data1\" content=\"7 minutes\" \/>\n<script type=\"application\/ld+json\" class=\"yoast-schema-graph\">{\"@context\":\"https:\\\/\\\/schema.org\",\"@graph\":[{\"@type\":\"WebPage\",\"@id\":\"https:\\\/\\\/envol-vert.org\\\/es\\\/act\\\/una-mirada-retrospectiva-a-la-velada-interpromociones-los-nucleos-se-convierten-en-la-asociacion-p-i-a-f\\\/\",\"url\":\"https:\\\/\\\/envol-vert.org\\\/es\\\/act\\\/una-mirada-retrospectiva-a-la-velada-interpromociones-los-nucleos-se-convierten-en-la-asociacion-p-i-a-f\\\/\",\"name\":\"Una mirada retrospectiva a la velada interpromociones, los n\u00facleos se convierten en la asociaci\u00f3n P.I.A.F - Envol Vert\",\"isPartOf\":{\"@id\":\"https:\\\/\\\/envol-vert.org\\\/es\\\/#website\"},\"primaryImageOfPage\":{\"@id\":\"https:\\\/\\\/envol-vert.org\\\/es\\\/act\\\/una-mirada-retrospectiva-a-la-velada-interpromociones-los-nucleos-se-convierten-en-la-asociacion-p-i-a-f\\\/#primaryimage\"},\"image\":{\"@id\":\"https:\\\/\\\/envol-vert.org\\\/es\\\/act\\\/una-mirada-retrospectiva-a-la-velada-interpromociones-los-nucleos-se-convierten-en-la-asociacion-p-i-a-f\\\/#primaryimage\"},\"thumbnailUrl\":\"https:\\\/\\\/envol-vert.org\\\/wp-content\\\/uploads\\\/2025\\\/08\\\/APMA_Soiree_creation_PIAF_9_05-25_@Noemie_featured.jpg\",\"datePublished\":\"2025-04-28T19:17:36+00:00\",\"dateModified\":\"2025-08-01T19:17:37+00:00\",\"breadcrumb\":{\"@id\":\"https:\\\/\\\/envol-vert.org\\\/es\\\/act\\\/una-mirada-retrospectiva-a-la-velada-interpromociones-los-nucleos-se-convierten-en-la-asociacion-p-i-a-f\\\/#breadcrumb\"},\"inLanguage\":\"es-ES\",\"potentialAction\":[{\"@type\":\"ReadAction\",\"target\":[\"https:\\\/\\\/envol-vert.org\\\/es\\\/act\\\/una-mirada-retrospectiva-a-la-velada-interpromociones-los-nucleos-se-convierten-en-la-asociacion-p-i-a-f\\\/\"]}]},{\"@type\":\"ImageObject\",\"inLanguage\":\"es-ES\",\"@id\":\"https:\\\/\\\/envol-vert.org\\\/es\\\/act\\\/una-mirada-retrospectiva-a-la-velada-interpromociones-los-nucleos-se-convierten-en-la-asociacion-p-i-a-f\\\/#primaryimage\",\"url\":\"https:\\\/\\\/envol-vert.org\\\/wp-content\\\/uploads\\\/2025\\\/08\\\/APMA_Soiree_creation_PIAF_9_05-25_@Noemie_featured.jpg\",\"contentUrl\":\"https:\\\/\\\/envol-vert.org\\\/wp-content\\\/uploads\\\/2025\\\/08\\\/APMA_Soiree_creation_PIAF_9_05-25_@Noemie_featured.jpg\",\"width\":1200,\"height\":600},{\"@type\":\"BreadcrumbList\",\"@id\":\"https:\\\/\\\/envol-vert.org\\\/es\\\/act\\\/una-mirada-retrospectiva-a-la-velada-interpromociones-los-nucleos-se-convierten-en-la-asociacion-p-i-a-f\\\/#breadcrumb\",\"itemListElement\":[{\"@type\":\"ListItem\",\"position\":1,\"name\":\"Accueil\",\"item\":\"https:\\\/\\\/envol-vert.org\\\/es\\\/\"},{\"@type\":\"ListItem\",\"position\":2,\"name\":\"Una mirada retrospectiva a la velada interpromociones, los n\u00facleos se convierten en la asociaci\u00f3n P.I.A.F\"}]},{\"@type\":\"WebSite\",\"@id\":\"https:\\\/\\\/envol-vert.org\\\/es\\\/#website\",\"url\":\"https:\\\/\\\/envol-vert.org\\\/es\\\/\",\"name\":\"Envol Vert\",\"description\":\"La for\u00eat nous rend service, rendons le lui.\",\"publisher\":{\"@id\":\"https:\\\/\\\/envol-vert.org\\\/es\\\/#organization\"},\"potentialAction\":[{\"@type\":\"SearchAction\",\"target\":{\"@type\":\"EntryPoint\",\"urlTemplate\":\"https:\\\/\\\/envol-vert.org\\\/es\\\/?s={search_term_string}\"},\"query-input\":{\"@type\":\"PropertyValueSpecification\",\"valueRequired\":true,\"valueName\":\"search_term_string\"}}],\"inLanguage\":\"es-ES\"},{\"@type\":\"Organization\",\"@id\":\"https:\\\/\\\/envol-vert.org\\\/es\\\/#organization\",\"name\":\"Envol Vert\",\"url\":\"https:\\\/\\\/envol-vert.org\\\/es\\\/\",\"logo\":{\"@type\":\"ImageObject\",\"inLanguage\":\"es-ES\",\"@id\":\"https:\\\/\\\/envol-vert.org\\\/es\\\/#\\\/schema\\\/logo\\\/image\\\/\",\"url\":\"https:\\\/\\\/envol-vert.org\\\/wp-content\\\/uploads\\\/2021\\\/03\\\/Logo-icone-site.png\",\"contentUrl\":\"https:\\\/\\\/envol-vert.org\\\/wp-content\\\/uploads\\\/2021\\\/03\\\/Logo-icone-site.png\",\"width\":512,\"height\":512,\"caption\":\"Envol Vert\"},\"image\":{\"@id\":\"https:\\\/\\\/envol-vert.org\\\/es\\\/#\\\/schema\\\/logo\\\/image\\\/\"},\"sameAs\":[\"https:\\\/\\\/www.facebook.com\\\/EnvolVertFrance\\\/\",\"https:\\\/\\\/x.com\\\/Envolvert\",\"https:\\\/\\\/www.instagram.com\\\/envol_vert_france\\\/\",\"https:\\\/\\\/www.linkedin.com\\\/company\\\/envolvert\\\/\",\"https:\\\/\\\/www.youtube.com\\\/c\\\/EnvolVert\"]}]}<\/script>\n<!-- \/ Yoast SEO plugin. -->","yoast_head_json":{"title":"Una mirada retrospectiva a la velada interpromociones, los n\u00facleos se convierten en la asociaci\u00f3n P.I.A.F - Envol Vert","robots":{"index":"index","follow":"follow","max-snippet":"max-snippet:-1","max-image-preview":"max-image-preview:large","max-video-preview":"max-video-preview:-1"},"canonical":"https:\/\/envol-vert.org\/es\/act\/una-mirada-retrospectiva-a-la-velada-interpromociones-los-nucleos-se-convierten-en-la-asociacion-p-i-a-f\/","og_locale":"es_ES","og_type":"article","og_title":"Una mirada retrospectiva a la velada interpromociones, los n\u00facleos se convierten en la asociaci\u00f3n P.I.A.F - Envol Vert","og_url":"https:\/\/envol-vert.org\/es\/act\/una-mirada-retrospectiva-a-la-velada-interpromociones-los-nucleos-se-convierten-en-la-asociacion-p-i-a-f\/","og_site_name":"Envol Vert","article_publisher":"https:\/\/www.facebook.com\/EnvolVertFrance\/","article_modified_time":"2025-08-01T19:17:37+00:00","og_image":[{"width":1200,"height":600,"url":"https:\/\/envol-vert.org\/wp-content\/uploads\/2025\/08\/APMA_Soiree_creation_PIAF_9_05-25_@Noemie_featured.jpg","type":"image\/jpeg"}],"twitter_card":"summary_large_image","twitter_site":"@Envolvert","twitter_misc":{"Tiempo de lectura":"7 minutes"},"schema":{"@context":"https:\/\/schema.org","@graph":[{"@type":"WebPage","@id":"https:\/\/envol-vert.org\/es\/act\/una-mirada-retrospectiva-a-la-velada-interpromociones-los-nucleos-se-convierten-en-la-asociacion-p-i-a-f\/","url":"https:\/\/envol-vert.org\/es\/act\/una-mirada-retrospectiva-a-la-velada-interpromociones-los-nucleos-se-convierten-en-la-asociacion-p-i-a-f\/","name":"Una mirada retrospectiva a la velada interpromociones, los n\u00facleos se convierten en la asociaci\u00f3n P.I.A.F - Envol Vert","isPartOf":{"@id":"https:\/\/envol-vert.org\/es\/#website"},"primaryImageOfPage":{"@id":"https:\/\/envol-vert.org\/es\/act\/una-mirada-retrospectiva-a-la-velada-interpromociones-los-nucleos-se-convierten-en-la-asociacion-p-i-a-f\/#primaryimage"},"image":{"@id":"https:\/\/envol-vert.org\/es\/act\/una-mirada-retrospectiva-a-la-velada-interpromociones-los-nucleos-se-convierten-en-la-asociacion-p-i-a-f\/#primaryimage"},"thumbnailUrl":"https:\/\/envol-vert.org\/wp-content\/uploads\/2025\/08\/APMA_Soiree_creation_PIAF_9_05-25_@Noemie_featured.jpg","datePublished":"2025-04-28T19:17:36+00:00","dateModified":"2025-08-01T19:17:37+00:00","breadcrumb":{"@id":"https:\/\/envol-vert.org\/es\/act\/una-mirada-retrospectiva-a-la-velada-interpromociones-los-nucleos-se-convierten-en-la-asociacion-p-i-a-f\/#breadcrumb"},"inLanguage":"es-ES","potentialAction":[{"@type":"ReadAction","target":["https:\/\/envol-vert.org\/es\/act\/una-mirada-retrospectiva-a-la-velada-interpromociones-los-nucleos-se-convierten-en-la-asociacion-p-i-a-f\/"]}]},{"@type":"ImageObject","inLanguage":"es-ES","@id":"https:\/\/envol-vert.org\/es\/act\/una-mirada-retrospectiva-a-la-velada-interpromociones-los-nucleos-se-convierten-en-la-asociacion-p-i-a-f\/#primaryimage","url":"https:\/\/envol-vert.org\/wp-content\/uploads\/2025\/08\/APMA_Soiree_creation_PIAF_9_05-25_@Noemie_featured.jpg","contentUrl":"https:\/\/envol-vert.org\/wp-content\/uploads\/2025\/08\/APMA_Soiree_creation_PIAF_9_05-25_@Noemie_featured.jpg","width":1200,"height":600},{"@type":"BreadcrumbList","@id":"https:\/\/envol-vert.org\/es\/act\/una-mirada-retrospectiva-a-la-velada-interpromociones-los-nucleos-se-convierten-en-la-asociacion-p-i-a-f\/#breadcrumb","itemListElement":[{"@type":"ListItem","position":1,"name":"Accueil","item":"https:\/\/envol-vert.org\/es\/"},{"@type":"ListItem","position":2,"name":"Una mirada retrospectiva a la velada interpromociones, los n\u00facleos se convierten en la asociaci\u00f3n P.I.A.F"}]},{"@type":"WebSite","@id":"https:\/\/envol-vert.org\/es\/#website","url":"https:\/\/envol-vert.org\/es\/","name":"Envol Vert","description":"La for\u00eat nous rend service, rendons le lui.","publisher":{"@id":"https:\/\/envol-vert.org\/es\/#organization"},"potentialAction":[{"@type":"SearchAction","target":{"@type":"EntryPoint","urlTemplate":"https:\/\/envol-vert.org\/es\/?s={search_term_string}"},"query-input":{"@type":"PropertyValueSpecification","valueRequired":true,"valueName":"search_term_string"}}],"inLanguage":"es-ES"},{"@type":"Organization","@id":"https:\/\/envol-vert.org\/es\/#organization","name":"Envol Vert","url":"https:\/\/envol-vert.org\/es\/","logo":{"@type":"ImageObject","inLanguage":"es-ES","@id":"https:\/\/envol-vert.org\/es\/#\/schema\/logo\/image\/","url":"https:\/\/envol-vert.org\/wp-content\/uploads\/2021\/03\/Logo-icone-site.png","contentUrl":"https:\/\/envol-vert.org\/wp-content\/uploads\/2021\/03\/Logo-icone-site.png","width":512,"height":512,"caption":"Envol Vert"},"image":{"@id":"https:\/\/envol-vert.org\/es\/#\/schema\/logo\/image\/"},"sameAs":["https:\/\/www.facebook.com\/EnvolVertFrance\/","https:\/\/x.com\/Envolvert","https:\/\/www.instagram.com\/envol_vert_france\/","https:\/\/www.linkedin.com\/company\/envolvert\/","https:\/\/www.youtube.com\/c\/EnvolVert"]}]}},"_links":{"self":[{"href":"https:\/\/envol-vert.org\/es\/wp-json\/wp\/v2\/fil_d_actu\/53588","targetHints":{"allow":["GET"]}}],"collection":[{"href":"https:\/\/envol-vert.org\/es\/wp-json\/wp\/v2\/fil_d_actu"}],"about":[{"href":"https:\/\/envol-vert.org\/es\/wp-json\/wp\/v2\/types\/fil_d_actu"}],"version-history":[{"count":0,"href":"https:\/\/envol-vert.org\/es\/wp-json\/wp\/v2\/fil_d_actu\/53588\/revisions"}],"wp:featuredmedia":[{"embeddable":true,"href":"https:\/\/envol-vert.org\/es\/wp-json\/wp\/v2\/media\/53580"}],"wp:attachment":[{"href":"https:\/\/envol-vert.org\/es\/wp-json\/wp\/v2\/media?parent=53588"}],"wp:term":[{"taxonomy":"fils_d_actu_categ","embeddable":true,"href":"https:\/\/envol-vert.org\/es\/wp-json\/wp\/v2\/fils_d_actu_categ?post=53588"}],"curies":[{"name":"wp","href":"https:\/\/api.w.org\/{rel}","templated":true}]}}