{"id":54167,"date":"2025-09-30T20:00:57","date_gmt":"2025-09-30T18:00:57","guid":{"rendered":"https:\/\/envol-vert.org\/filactu\/el-festival-sumate-al-bosque-2025-se-llevo-a-cabo-en-septiembre\/"},"modified":"2025-10-11T20:00:57","modified_gmt":"2025-10-11T18:00:57","slug":"el-festival-sumate-al-bosque-2025-se-llevo-a-cabo-en-septiembre","status":"publish","type":"fil_d_actu","link":"https:\/\/envol-vert.org\/es\/act\/el-festival-sumate-al-bosque-2025-se-llevo-a-cabo-en-septiembre\/","title":{"rendered":"El festival Sumate Al Bosque 2025 se llev\u00f3 a cabo en septiembre"},"content":{"rendered":"<div class=\"fusion-fullwidth fullwidth-box fusion-builder-row-1 fusion-flex-container has-pattern-background has-mask-background nonhundred-percent-fullwidth non-hundred-percent-height-scrolling\" style=\"--awb-border-radius-top-left:0px;--awb-border-radius-top-right:0px;--awb-border-radius-bottom-right:0px;--awb-border-radius-bottom-left:0px;--awb-flex-wrap:wrap;\" ><div class=\"fusion-builder-row fusion-row fusion-flex-align-items-flex-start fusion-flex-content-wrap\" style=\"max-width:1040px;margin-left: calc(-4% \/ 2 );margin-right: calc(-4% \/ 2 );\"><div class=\"fusion-layout-column fusion_builder_column fusion-builder-column-0 fusion_builder_column_1_1 1_1 fusion-flex-column\" style=\"--awb-bg-size:cover;--awb-width-large:100%;--awb-margin-top-large:0px;--awb-spacing-right-large:1.92%;--awb-margin-bottom-large:20px;--awb-spacing-left-large:1.92%;--awb-width-medium:100%;--awb-order-medium:0;--awb-spacing-right-medium:1.92%;--awb-spacing-left-medium:1.92%;--awb-width-small:100%;--awb-order-small:0;--awb-spacing-right-small:1.92%;--awb-spacing-left-small:1.92%;\"><div class=\"fusion-column-wrapper fusion-column-has-shadow fusion-flex-justify-content-flex-start fusion-content-layout-column\"><div class=\"fusion-text fusion-text-1\"><p><span style=\"font-weight: 400;\">El <a href=\"https:\/\/envol-vert.org\/es\/camp\/sumate-al-bosque\/\">Festival S\u00famate al Bosque<\/a> se llev\u00f3 a cabo en septiembre de 2025, bajo la organizaci\u00f3n de la <a href=\"https:\/\/fundacionnaturalunidosconservacion.blogspot.com\/p\/conocenos.html\" target=\"_blank\" rel=\"noopener\">Fundaci\u00f3n Natural Unidos por la Conservaci\u00f3n<\/a>.<\/span><span style=\"font-weight: 400;\"><br \/>\n<\/span><span style=\"font-weight: 400;\"> A pesar de varios cambios y obst\u00e1culos en la log\u00edstica, la fundaci\u00f3n nos regal\u00f3 una hermosa experiencia en armon\u00eda con la conservaci\u00f3n del bosque seco tropical.<\/span><\/p>\n<p><span style=\"font-weight: 400;\">La red de aliados, compuesta por varias asociaciones y empresas, representa la diversidad de formas de contribuir a la causa del bosque seco tropical. <\/span><span style=\"font-weight: 400;\">Participaron asociaciones cient\u00edficas dedicadas al monitoreo de biodiversidad y al avistamiento de aves, asociaciones campesinas, fundaciones con vocaci\u00f3n en la educaci\u00f3n agroecol\u00f3gica, y empresas que ofrecen productos provenientes de los Montes de Mar\u00eda, como caf\u00e9, flor de jamaica, c\u00farcuma, entre otros.<\/span><\/p>\n<p><span style=\"font-weight: 400;\">Esta edici\u00f3n del festival se organiz\u00f3 en varias etapas.<\/span><\/p>\n<\/div><div class=\"fusion-text fusion-text-2\"><p><span style=\"font-weight: 400;\">Primero, el s\u00e1bado 20 de septiembre, un recorrido en la finca Villa B\u00e1rbara sirvi\u00f3 como apertura del festival. <\/span><span style=\"font-weight: 400;\">A trav\u00e9s de esta finca se mostr\u00f3 un ejemplo de producci\u00f3n sostenible y agroecol\u00f3gica de productos comestibles, junto con la conservaci\u00f3n del bosque seco tropical.<\/span><\/p>\n<\/div><\/div><\/div><div class=\"fusion-layout-column fusion_builder_column fusion-builder-column-1 fusion_builder_column_1_2 1_2 fusion-flex-column\" style=\"--awb-bg-size:cover;--awb-width-large:50%;--awb-margin-top-large:0px;--awb-spacing-right-large:3.84%;--awb-margin-bottom-large:20px;--awb-spacing-left-large:3.84%;--awb-width-medium:100%;--awb-order-medium:0;--awb-spacing-right-medium:1.92%;--awb-spacing-left-medium:1.92%;--awb-width-small:100%;--awb-order-small:0;--awb-spacing-right-small:1.92%;--awb-spacing-left-small:1.92%;\"><div class=\"fusion-column-wrapper fusion-column-has-shadow fusion-flex-justify-content-flex-start fusion-content-layout-column\"><div class=\"fusion-image-element \" style=\"text-align:center;--awb-caption-title-font-family:var(--h2_typography-font-family);--awb-caption-title-font-weight:var(--h2_typography-font-weight);--awb-caption-title-font-style:var(--h2_typography-font-style);--awb-caption-title-size:var(--h2_typography-font-size);--awb-caption-title-transform:var(--h2_typography-text-transform);--awb-caption-title-line-height:var(--h2_typography-line-height);--awb-caption-title-letter-spacing:var(--h2_typography-letter-spacing);\"><span class=\" fusion-imageframe imageframe-none imageframe-1 hover-type-none\"><img decoding=\"async\" width=\"400\" height=\"533\" title=\"[ProyectoBosqueSecoTropial_[Toluviejo]]Festival Sumate Al Bosque_septiembre2025A\u0302\u00a9C.AndrewsCavanagh_web\" src=\"https:\/\/envol-vert.org\/wp-content\/uploads\/2025\/09\/ProyectoBosqueSecoTropial_ToluviejoFestival-Sumate-Al-Bosque_septiembre2025A\u00a9C.AndrewsCavanagh_web-400x533.jpg\" alt class=\"img-responsive wp-image-54164\" srcset=\"https:\/\/envol-vert.org\/wp-content\/uploads\/2025\/09\/ProyectoBosqueSecoTropial_ToluviejoFestival-Sumate-Al-Bosque_septiembre2025A\u00a9C.AndrewsCavanagh_web-200x267.jpg 200w, https:\/\/envol-vert.org\/wp-content\/uploads\/2025\/09\/ProyectoBosqueSecoTropial_ToluviejoFestival-Sumate-Al-Bosque_septiembre2025A\u00a9C.AndrewsCavanagh_web-400x533.jpg 400w, https:\/\/envol-vert.org\/wp-content\/uploads\/2025\/09\/ProyectoBosqueSecoTropial_ToluviejoFestival-Sumate-Al-Bosque_septiembre2025A\u00a9C.AndrewsCavanagh_web.jpg 600w\" sizes=\"(max-width: 1024px) 100vw, (max-width: 640px) 100vw, 400px\" \/><\/span><\/div><\/div><\/div><div class=\"fusion-layout-column fusion_builder_column fusion-builder-column-2 fusion_builder_column_1_2 1_2 fusion-flex-column\" style=\"--awb-bg-size:cover;--awb-width-large:50%;--awb-margin-top-large:0px;--awb-spacing-right-large:3.84%;--awb-margin-bottom-large:20px;--awb-spacing-left-large:3.84%;--awb-width-medium:100%;--awb-order-medium:0;--awb-spacing-right-medium:1.92%;--awb-spacing-left-medium:1.92%;--awb-width-small:100%;--awb-order-small:0;--awb-spacing-right-small:1.92%;--awb-spacing-left-small:1.92%;\"><div class=\"fusion-column-wrapper fusion-column-has-shadow fusion-flex-justify-content-flex-start fusion-content-layout-column\"><div class=\"fusion-text fusion-text-3\"><p><span style=\"font-weight: 400;\">Luego, el evento principal tuvo lugar en la ciudad de Sincelejo, el viernes 26 de septiembre. <\/span><span style=\"font-weight: 400;\">De 8 a.m. a 5 p.m. en el parque principal de Sincelejo, la red de aliados en la conservaci\u00f3n del bosque seco tropical present\u00f3 y vendi\u00f3 sus productos y artesan\u00edas. <\/span><span style=\"font-weight: 400;\">Adem\u00e1s, hubo muestras de la cultura coste\u00f1a con cantos de grupos de mujeres y presentaciones de ni\u00f1os. <\/span><\/p>\n<p><span style=\"font-weight: 400;\">El festival tuvo lugar en un lugar abierto donde cada cuidando pod\u00eda aprovechar las charlas y estand de cada organizaci\u00f3n, empresa y fundaci\u00f3n. <\/span><span style=\"font-weight: 400;\">El genio de este festival quiz\u00e1s se destaca con la estructura de bambou de los stands, arquitectura que recuerdan el enfoque sobre el bosque. <\/span><span style=\"font-weight: 400;\">Ademas cada participante o organizaci\u00f3n, fundaci\u00f3n se involucran en el tema de la preservaci\u00f3n del bosque seco tropical, de su faun y flora, en la ayuda de comunidad a preservarlo, en el desarrollo de alternativas econ\u00f3micas, en la educaci\u00f3n sobre la riquezas en alimento de este ecosistema.<\/span><\/p>\n<\/div><\/div><\/div><div class=\"fusion-layout-column fusion_builder_column fusion-builder-column-3 fusion_builder_column_1_1 1_1 fusion-flex-column\" style=\"--awb-bg-size:cover;--awb-width-large:100%;--awb-margin-top-large:0px;--awb-spacing-right-large:1.92%;--awb-margin-bottom-large:20px;--awb-spacing-left-large:1.92%;--awb-width-medium:100%;--awb-order-medium:0;--awb-spacing-right-medium:1.92%;--awb-spacing-left-medium:1.92%;--awb-width-small:100%;--awb-order-small:0;--awb-spacing-right-small:1.92%;--awb-spacing-left-small:1.92%;\"><div class=\"fusion-column-wrapper fusion-column-has-shadow fusion-flex-justify-content-flex-start fusion-content-layout-column\"><div class=\"fusion-separator fusion-full-width-sep\" style=\"align-self: center;margin-left: auto;margin-right: auto;margin-top:1.5%;margin-bottom:1.5%;width:100%;\"><div class=\"fusion-separator-border sep-single sep-solid\" style=\"--awb-height:20px;--awb-amount:20px;--awb-sep-color:rgba(224,222,222,0);border-color:rgba(224,222,222,0);border-top-width:1px;\"><\/div><\/div><div class=\"fusion-text fusion-text-4\"><p><span style=\"font-weight: 400;\">Finalmente, el cierre del festival ser\u00e1 este viernes 4 de octubre con un recorrido en el Cerro de Varsovia, organizado por la asociaci\u00f3n La Totumita de Oro de La Venta. <\/span><span style=\"font-weight: 400;\">El objetivo es conocer la biodiversidad que existe en este cerro, especialmente los primates, y mostrar la cultura local a trav\u00e9s de su gastronom\u00eda y m\u00fasica. <\/span><span style=\"font-weight: 400;\">30 personas participaron en este recorrido del bosque, con la esperanza de observar las especies de monos como el mono tit\u00ed cabeciblanco o el mono aullador que son especies end\u00e9micas de la regi\u00f3n del caribe y del bosque seco tropical. <\/span><span style=\"font-weight: 400;\">Unas especies de aves como el tuc\u00e1n pico iris fueron invitados al recorrido y compartir con los turistas. <\/span><span style=\"font-weight: 400;\"><br \/>\n<\/span><span style=\"font-weight: 400;\"> La fundaci\u00f3n Envol Vert y la Totuma de Oro jugaron un rol importante en la organizaci\u00f3n de la actividad y adem\u00e1s tiene el incentivo y la motivaci\u00f3n de seguir haci\u00e9ndolo.<\/span><\/p>\n<\/div><div class=\"fusion-text fusion-text-5\"><p>Mezclando recorridos por el bosque seco tropical y fincas agroecol\u00f3gicas con actividades como ferias, presentaciones musicales y charlas, el festival S\u00famate al Bosque ofreci\u00f3 una experiencia hermosa de lo que puede ser <a href=\"https:\/\/envol-vert.org\/es\/pro\/programa-bosques-secos-colombia\/\">la conservaci\u00f3n del bosque seco tropical.<\/a><\/p>\n<p>Queremos agradecer a la Fundaci\u00f3n Unidos por la Conservaci\u00f3n por su dedicaci\u00f3n y amor hacia el bosque seco tropical.<\/p>\n<\/div><\/div><\/div><\/div><\/div>\n","protected":false},"excerpt":{"rendered":"","protected":false},"featured_media":54161,"template":"","fils_d_actu_categ":[1656,1653],"class_list":["post-54167","fil_d_actu","type-fil_d_actu","status-publish","has-post-thumbnail","hentry","fils_d_actu_categ-actualidades-generales","fils_d_actu_categ-programa-de-preservacion-de-los-bosques-secos"],"_links":{"self":[{"href":"https:\/\/envol-vert.org\/es\/wp-json\/wp\/v2\/fil_d_actu\/54167","targetHints":{"allow":["GET"]}}],"collection":[{"href":"https:\/\/envol-vert.org\/es\/wp-json\/wp\/v2\/fil_d_actu"}],"about":[{"href":"https:\/\/envol-vert.org\/es\/wp-json\/wp\/v2\/types\/fil_d_actu"}],"version-history":[{"count":0,"href":"https:\/\/envol-vert.org\/es\/wp-json\/wp\/v2\/fil_d_actu\/54167\/revisions"}],"wp:featuredmedia":[{"embeddable":true,"href":"https:\/\/envol-vert.org\/es\/wp-json\/wp\/v2\/media\/54161"}],"wp:attachment":[{"href":"https:\/\/envol-vert.org\/es\/wp-json\/wp\/v2\/media?parent=54167"}],"wp:term":[{"taxonomy":"fils_d_actu_categ","embeddable":true,"href":"https:\/\/envol-vert.org\/es\/wp-json\/wp\/v2\/fils_d_actu_categ?post=54167"}],"curies":[{"name":"wp","href":"https:\/\/api.w.org\/{rel}","templated":true}]}}