{"id":67335,"date":"2026-04-27T23:59:15","date_gmt":"2026-04-27T21:59:15","guid":{"rendered":"https:\/\/envol-vert.org\/?post_type=fil_d_actu&#038;p=67335"},"modified":"2026-04-28T00:39:42","modified_gmt":"2026-04-27T22:39:42","slug":"recorridos-comunitarios-conocer-para-amar","status":"publish","type":"fil_d_actu","link":"https:\/\/envol-vert.org\/es\/act\/recorridos-comunitarios-conocer-para-amar\/","title":{"rendered":"Recorridos comunitarios: Conocer para amar"},"content":{"rendered":"<div class=\"fusion-fullwidth fullwidth-box fusion-builder-row-1 fusion-flex-container has-pattern-background has-mask-background nonhundred-percent-fullwidth non-hundred-percent-height-scrolling\" style=\"--awb-border-radius-top-left:0px;--awb-border-radius-top-right:0px;--awb-border-radius-bottom-right:0px;--awb-border-radius-bottom-left:0px;--awb-flex-wrap:wrap;\" ><div class=\"fusion-builder-row fusion-row fusion-flex-align-items-flex-start fusion-flex-content-wrap\" style=\"max-width:1040px;margin-left: calc(-4% \/ 2 );margin-right: calc(-4% \/ 2 );\"><div class=\"fusion-layout-column fusion_builder_column fusion-builder-column-0 fusion_builder_column_1_1 1_1 fusion-flex-column\" style=\"--awb-bg-size:cover;--awb-width-large:100%;--awb-margin-top-large:0px;--awb-spacing-right-large:1.92%;--awb-margin-bottom-large:20px;--awb-spacing-left-large:1.92%;--awb-width-medium:100%;--awb-order-medium:0;--awb-spacing-right-medium:1.92%;--awb-spacing-left-medium:1.92%;--awb-width-small:100%;--awb-order-small:0;--awb-spacing-right-small:1.92%;--awb-spacing-left-small:1.92%;\"><div class=\"fusion-column-wrapper fusion-column-has-shadow fusion-flex-justify-content-flex-start fusion-content-layout-column\"><div class=\"fusion-image-element fusion-no-large-visibility\" style=\"--awb-aspect-ratio:16 \/ 9;--awb-caption-title-font-family:var(--h2_typography-font-family);--awb-caption-title-font-weight:var(--h2_typography-font-weight);--awb-caption-title-font-style:var(--h2_typography-font-style);--awb-caption-title-size:var(--h2_typography-font-size);--awb-caption-title-transform:var(--h2_typography-text-transform);--awb-caption-title-line-height:var(--h2_typography-line-height);--awb-caption-title-letter-spacing:var(--h2_typography-letter-spacing);\"><span class=\" fusion-imageframe imageframe-none imageframe-1 hover-type-none has-aspect-ratio\"><img decoding=\"async\" width=\"600\" height=\"300\" alt=\"Comunidad del Resguardo Ind\u00edgena Santa Cruz de Pi\u00f1u\u00f1a Blanco durante uno de los recorridos comunitarios\" title=\"Site Web_Featured Image Pinuna;CBPinuna_RecorridosComunitariosBiodiversidad_Marzo2026 \u00a9Mario Morales\" src=\"https:\/\/envol-vert.org\/wp-content\/uploads\/2026\/04\/Site-Web_Featured-Image-PinunaCBPinuna_RecorridosComunitariosBiodiversidad_Marzo2026-\u00a9Mario-Morales-600x300.jpg\" class=\"img-responsive wp-image-67340 img-with-aspect-ratio\" data-parent-fit=\"cover\" data-parent-container=\".fusion-image-element\" fetchpriority=\"high\" srcset=\"https:\/\/envol-vert.org\/wp-content\/uploads\/2026\/04\/Site-Web_Featured-Image-PinunaCBPinuna_RecorridosComunitariosBiodiversidad_Marzo2026-\u00a9Mario-Morales-200x100.jpg 200w, https:\/\/envol-vert.org\/wp-content\/uploads\/2026\/04\/Site-Web_Featured-Image-PinunaCBPinuna_RecorridosComunitariosBiodiversidad_Marzo2026-\u00a9Mario-Morales-400x200.jpg 400w, https:\/\/envol-vert.org\/wp-content\/uploads\/2026\/04\/Site-Web_Featured-Image-PinunaCBPinuna_RecorridosComunitariosBiodiversidad_Marzo2026-\u00a9Mario-Morales-600x300.jpg 600w, https:\/\/envol-vert.org\/wp-content\/uploads\/2026\/04\/Site-Web_Featured-Image-PinunaCBPinuna_RecorridosComunitariosBiodiversidad_Marzo2026-\u00a9Mario-Morales-800x400.jpg 800w, https:\/\/envol-vert.org\/wp-content\/uploads\/2026\/04\/Site-Web_Featured-Image-PinunaCBPinuna_RecorridosComunitariosBiodiversidad_Marzo2026-\u00a9Mario-Morales.jpg 1200w\" sizes=\"(max-width: 1024px) 100vw, (max-width: 640px) 100vw, 600px\" \/><\/span><\/div><div class=\"fusion-separator fusion-full-width-sep\" style=\"align-self: center;margin-left: auto;margin-right: auto;margin-top:1.5%;margin-bottom:1.5%;width:100%;\"><div class=\"fusion-separator-border sep-single sep-solid\" style=\"--awb-height:20px;--awb-amount:20px;--awb-sep-color:rgba(224,222,222,0);border-color:rgba(224,222,222,0);border-top-width:1px;\"><\/div><\/div><div class=\"fusion-text fusion-text-1\"><p><span style=\"font-weight: 400;\">Como parte de las actividades del <strong>mes de marzo del proyecto <a href=\"https:\/\/envol-vert.org\/es\/pro\/programa-conbosque-territorios-amazonicos-sostenibles-y-biodiversos\/\">ConBosque<\/a><\/strong>, los miembros del Resguardo Ind\u00edgena Santa Cruz de Pi\u00f1u\u00f1a Blanco, Putumayo, y el equipo de Envol Vert Colombia realizaron el 6 y 7 de marzo la tercera de las salidas de los <strong>recorridos comunitarios de biodiversidad<\/strong>. Este trabajo tiene por finalidad recolectar los datos de la biodiversidad del territorio para conocerlo y monitorearlo a trav\u00e9s de la observaci\u00f3n y el uso de herramientas de ciencia ciudadana.<\/span><\/p>\n<p><span style=\"font-weight: 400;\">Esta actividad contribuye al objetivo de conservaci\u00f3n que se ha planteado en el proyecto ConBosque, mediante el <strong>seguimiento cient\u00edfico y la caracterizaci\u00f3n participativa de la flora y la fauna de la zona<\/strong>. Como parte de las acciones realizadas se hizo la\u00a0 entrega de material de campo y se realizaron dos recorridos comunitarios de monitoreo en el territorio; as\u00ed como el procesamiento de datos. Adem\u00e1s, se hizo la selecci\u00f3n de lugar en el que se construir\u00e1 la casa de vigilancia y control y se instalaron seis c\u00e1maras trampa.<\/span><\/p>\n<\/div><\/div><\/div><div class=\"fusion-layout-column fusion_builder_column fusion-builder-column-1 fusion_builder_column_1_2 1_2 fusion-flex-column\" style=\"--awb-bg-size:cover;--awb-width-large:50%;--awb-margin-top-large:0px;--awb-spacing-right-large:3.84%;--awb-margin-bottom-large:20px;--awb-spacing-left-large:3.84%;--awb-width-medium:100%;--awb-order-medium:0;--awb-spacing-right-medium:1.92%;--awb-spacing-left-medium:1.92%;--awb-width-small:100%;--awb-order-small:0;--awb-spacing-right-small:1.92%;--awb-spacing-left-small:1.92%;\"><div class=\"fusion-column-wrapper fusion-column-has-shadow fusion-flex-justify-content-flex-start fusion-content-layout-column\"><div class=\"fusion-image-element fusion-no-small-visibility fusion-no-medium-visibility\" style=\"--awb-caption-title-font-family:var(--h2_typography-font-family);--awb-caption-title-font-weight:var(--h2_typography-font-weight);--awb-caption-title-font-style:var(--h2_typography-font-style);--awb-caption-title-size:var(--h2_typography-font-size);--awb-caption-title-transform:var(--h2_typography-text-transform);--awb-caption-title-line-height:var(--h2_typography-line-height);--awb-caption-title-letter-spacing:var(--h2_typography-letter-spacing);\"><span class=\" fusion-imageframe imageframe-none imageframe-2 hover-type-none\"><img decoding=\"async\" width=\"400\" height=\"711\" alt=\"C\u00e1maras trampa en el recorrido comunitario\" title=\"Pinuna;CBPinuna_RecorridosComunitariosBiodiversidad_Marzo2026 \u00a9Mario Morales(2)\" src=\"https:\/\/envol-vert.org\/wp-content\/uploads\/2026\/04\/PinunaCBPinuna_RecorridosComunitariosBiodiversidad_Marzo2026-\u00a9Mario-Morales2-400x711.jpg\" class=\"img-responsive wp-image-67428\" srcset=\"https:\/\/envol-vert.org\/wp-content\/uploads\/2026\/04\/PinunaCBPinuna_RecorridosComunitariosBiodiversidad_Marzo2026-\u00a9Mario-Morales2-200x355.jpg 200w, https:\/\/envol-vert.org\/wp-content\/uploads\/2026\/04\/PinunaCBPinuna_RecorridosComunitariosBiodiversidad_Marzo2026-\u00a9Mario-Morales2-400x711.jpg 400w, https:\/\/envol-vert.org\/wp-content\/uploads\/2026\/04\/PinunaCBPinuna_RecorridosComunitariosBiodiversidad_Marzo2026-\u00a9Mario-Morales2-600x1066.jpg 600w, https:\/\/envol-vert.org\/wp-content\/uploads\/2026\/04\/PinunaCBPinuna_RecorridosComunitariosBiodiversidad_Marzo2026-\u00a9Mario-Morales2-800x1422.jpg 800w, https:\/\/envol-vert.org\/wp-content\/uploads\/2026\/04\/PinunaCBPinuna_RecorridosComunitariosBiodiversidad_Marzo2026-\u00a9Mario-Morales2-1200x2132.jpg 1200w\" sizes=\"(max-width: 1024px) 100vw, (max-width: 640px) 100vw, 600px\" \/><\/span><\/div><\/div><\/div><div class=\"fusion-layout-column fusion_builder_column fusion-builder-column-2 fusion_builder_column_1_2 1_2 fusion-flex-column\" style=\"--awb-bg-size:cover;--awb-width-large:50%;--awb-margin-top-large:0px;--awb-spacing-right-large:3.84%;--awb-margin-bottom-large:20px;--awb-spacing-left-large:3.84%;--awb-width-medium:100%;--awb-order-medium:0;--awb-spacing-right-medium:1.92%;--awb-spacing-left-medium:1.92%;--awb-width-small:100%;--awb-order-small:0;--awb-spacing-right-small:1.92%;--awb-spacing-left-small:1.92%;\"><div class=\"fusion-column-wrapper fusion-column-has-shadow fusion-flex-justify-content-flex-start fusion-content-layout-column\"><div class=\"fusion-text fusion-text-2\"><p><span style=\"font-weight: 400;\">Algunas de las herramientas usadas fueron <a href=\"https:\/\/store.avenza.com\/\" target=\"_blank\" rel=\"noopener\">Avenza Maps<\/a>, para el mapeo y ubicaci\u00f3n espacial de elementos de importancia ambiental y cultural; <a href=\"https:\/\/ebird.org\/home\" target=\"_blank\" rel=\"noopener\">E-bird<\/a>, para la organizaci\u00f3n de listado de aves mediante recorridos de observaci\u00f3n libres; y <a href=\"https:\/\/merlin.allaboutbirds.org\/es\/pagina-de-inicio\/\" target=\"_blank\" rel=\"noopener\">Merl\u00edn<\/a>, para la identificaci\u00f3n de aves mediante cantos. Adem\u00e1s de realizar la descarga del material de dos c\u00e1maras trampas instaladas en una salida previa, y con la que se podr\u00e1 realizar la detecci\u00f3n de fauna silvestre tales como mam\u00edferos, anfibios, reptiles y aves.\u00a0<\/span><\/p>\n<p><span style=\"font-weight: 400;\">Durante el primer d\u00eda se hizo la revisi\u00f3n de material de fototrampeo y la entrega de material de campo. Asimismo, se retomaron otros temas relacionados a la toma de datos, y al manejo de herramientas digitales. Luego de ello, se delegaron las funciones a los monitores ambientales y el equipo sali\u00f3 a campo. Para aumentar la probabilidad de detecci\u00f3n de especies en la zona, se dividi\u00f3 a los asistentes en grupos de m\u00e1ximo 7 personas. <strong>Los equipos hicieron el registro de especies de aves, y la anotaci\u00f3n de lugares m\u00e1s importantes.\u00a0<\/strong><\/span><\/p>\n<p><span style=\"font-weight: 400;\">El segundo d\u00eda tambi\u00e9n hubo acci\u00f3n y se avanz\u00f3 hacia la parte noroccidental del resguardo hasta llegar a la zona donde se decidi\u00f3 construir la casa de vigilancia y control. Los equipos tomaron anotaciones sobre la vegetaci\u00f3n, la instalaci\u00f3n de la valla, y los rastros de especies silvestres. Finalmente, realizaron la instalaci\u00f3n de seis c\u00e1maras trampa, ubic\u00e1ndolas en tres estaciones de muestreo con el fin de<strong> evaluar a los animales registrados desde dos \u00e1ngulos visuales y completar el registro<\/strong>.\u00a0<\/span><\/p>\n<p><span style=\"font-weight: 400;\">En total, hubo participaci\u00f3n y apropiaci\u00f3n de las actividades por parte de las y los participantes: 14 comuneros que estuvieron presentes en el primer d\u00eda, y 22, en el segundo. Esta salida de recorrido comunitario de monitoreo cont\u00f3 con el acompa\u00f1amiento de Mario Morales, coordinador cient\u00edfico del proyecto ConBosque. Se espera, adem\u00e1s, que lo realizado <strong>contribuya al fortalecimiento de la gobernanza local<\/strong>.\u00a0<\/span><\/p>\n<\/div><\/div><\/div><div class=\"fusion-layout-column fusion_builder_column fusion-builder-column-3 fusion_builder_column_1_1 1_1 fusion-flex-column\" style=\"--awb-bg-size:cover;--awb-width-large:100%;--awb-margin-top-large:0px;--awb-spacing-right-large:1.92%;--awb-margin-bottom-large:20px;--awb-spacing-left-large:1.92%;--awb-width-medium:100%;--awb-order-medium:0;--awb-spacing-right-medium:1.92%;--awb-spacing-left-medium:1.92%;--awb-width-small:100%;--awb-order-small:0;--awb-spacing-right-small:1.92%;--awb-spacing-left-small:1.92%;\"><div class=\"fusion-column-wrapper fusion-column-has-shadow fusion-flex-justify-content-flex-start fusion-content-layout-column\"><div class=\"fusion-separator fusion-full-width-sep\" style=\"align-self: center;margin-left: auto;margin-right: auto;margin-top:1.5%;margin-bottom:1.5%;width:100%;\"><div class=\"fusion-separator-border sep-single sep-solid\" style=\"--awb-height:20px;--awb-amount:20px;--awb-sep-color:rgba(224,222,222,0);border-color:rgba(224,222,222,0);border-top-width:1px;\"><\/div><\/div><div class=\"fusion-text fusion-text-3\"><p><span style=\"font-weight: 400;\">Asimismo, en la zona de Piamonte, se realiz\u00f3 el Diagn\u00f3stico de Ecoturismo por la Agencia Nature Colombia, entre el 18 y el 24 de marzo. Este estudio permitir\u00e1 definir orientaciones para la estrategia del desarrollo del ecoturismo como alternativa econ\u00f3mica en la zona.\u00a0 Entre las acciones realizadas se encuentra la visita a cinco fincas de la zona para establecer su <strong>potencial tur\u00edstico<\/strong>; as\u00ed como el recorrido de tres reservas naturales para hacer avistamiento de aves, y actividades de senderismo.<\/span><\/p>\n<p><span style=\"font-weight: 400;\">Finalmente, en Piamonte tambi\u00e9n se hizo el segundo recorrido territorial de inventario comunitario para la <strong>caracterizaci\u00f3n participativa de la flora y fauna del territorio<\/strong>, con lo cual se busca contribuir al objetivo de conservaci\u00f3n, de la mano de las comunidades y a trav\u00e9s de la ciencia participativa.<\/span><\/p>\n<\/div><\/div><\/div><\/div><\/div>\n","protected":false},"excerpt":{"rendered":"<p>Descubre por qu\u00e9 los recorridos comunitarios son clave para conocer y amar el territorio. Un veh\u00edculo para la conservaci\u00f3n de la biodiversidad.<\/p>\n","protected":false},"featured_media":67340,"template":"","fils_d_actu_categ":[1656,2022],"class_list":["post-67335","fil_d_actu","type-fil_d_actu","status-publish","has-post-thumbnail","hentry","fils_d_actu_categ-actualidades-generales","fils_d_actu_categ-proyecto-conbosque"],"_links":{"self":[{"href":"https:\/\/envol-vert.org\/es\/wp-json\/wp\/v2\/fil_d_actu\/67335","targetHints":{"allow":["GET"]}}],"collection":[{"href":"https:\/\/envol-vert.org\/es\/wp-json\/wp\/v2\/fil_d_actu"}],"about":[{"href":"https:\/\/envol-vert.org\/es\/wp-json\/wp\/v2\/types\/fil_d_actu"}],"version-history":[{"count":26,"href":"https:\/\/envol-vert.org\/es\/wp-json\/wp\/v2\/fil_d_actu\/67335\/revisions"}],"predecessor-version":[{"id":67441,"href":"https:\/\/envol-vert.org\/es\/wp-json\/wp\/v2\/fil_d_actu\/67335\/revisions\/67441"}],"wp:featuredmedia":[{"embeddable":true,"href":"https:\/\/envol-vert.org\/es\/wp-json\/wp\/v2\/media\/67340"}],"wp:attachment":[{"href":"https:\/\/envol-vert.org\/es\/wp-json\/wp\/v2\/media?parent=67335"}],"wp:term":[{"taxonomy":"fils_d_actu_categ","embeddable":true,"href":"https:\/\/envol-vert.org\/es\/wp-json\/wp\/v2\/fils_d_actu_categ?post=67335"}],"curies":[{"name":"wp","href":"https:\/\/api.w.org\/{rel}","templated":true}]}}