{"id":67382,"date":"2026-03-27T21:48:50","date_gmt":"2026-03-27T19:48:50","guid":{"rendered":"https:\/\/envol-vert.org\/filactu\/toluviejo-balance-2025-y-perspectivas-2026-del-proyecto-bosque-seco-tropical\/"},"modified":"2026-04-27T21:54:52","modified_gmt":"2026-04-27T19:54:52","slug":"toluviejo-balance-2025-y-perspectivas-2026-del-proyecto-bosque-seco-tropical","status":"publish","type":"fil_d_actu","link":"https:\/\/envol-vert.org\/es\/act\/toluviejo-balance-2025-y-perspectivas-2026-del-proyecto-bosque-seco-tropical\/","title":{"rendered":"Toluviejo: Balance 2025 y perspectivas 2026 del programa Bosque Seco Tropical"},"content":{"rendered":"<div class=\"fusion-fullwidth fullwidth-box fusion-builder-row-1 fusion-flex-container has-pattern-background has-mask-background nonhundred-percent-fullwidth non-hundred-percent-height-scrolling\" style=\"--awb-border-radius-top-left:0px;--awb-border-radius-top-right:0px;--awb-border-radius-bottom-right:0px;--awb-border-radius-bottom-left:0px;--awb-flex-wrap:wrap;\" ><div class=\"fusion-builder-row fusion-row fusion-flex-align-items-flex-start fusion-flex-content-wrap\" style=\"max-width:1040px;margin-left: calc(-4% \/ 2 );margin-right: calc(-4% \/ 2 );\"><div class=\"fusion-layout-column fusion_builder_column fusion-builder-column-0 fusion_builder_column_1_1 1_1 fusion-flex-column\" style=\"--awb-bg-size:cover;--awb-width-large:100%;--awb-margin-top-large:0px;--awb-spacing-right-large:1.92%;--awb-margin-bottom-large:20px;--awb-spacing-left-large:1.92%;--awb-width-medium:100%;--awb-order-medium:0;--awb-spacing-right-medium:1.92%;--awb-spacing-left-medium:1.92%;--awb-width-small:100%;--awb-order-small:0;--awb-spacing-right-small:1.92%;--awb-spacing-left-small:1.92%;\"><div class=\"fusion-column-wrapper fusion-column-has-shadow fusion-flex-justify-content-flex-start fusion-content-layout-column\"><div class=\"fusion-text fusion-text-1\"><p>El 14 de marzo pasado, los habitantes de Coraza, La Siria, La Venta y La Esperanza, ubicado por <a href=\"https:\/\/envol-vert.org\/es\/sit\/tolu-viejo\/\">Toluviejo <\/a>en el departamento de Sucre, Colombia, se reunieron con los miembros de Envol Vert en La Esperanza para dar inicio a las actividades de 2026. Este encuentro permiti\u00f3 hacer un balance del a\u00f1o 2025 sobre las actividades realizadas por el proyecto Bosque Seco Tropical, as\u00ed como a definir las orientaciones estrat\u00e9gicas para el presente a\u00f1o, las cuales est\u00e1n centradas en la conservaci\u00f3n ambiental y las alternativas econ\u00f3micas.<\/p>\n<p>La reuni\u00f3n comenz\u00f3 con un taller participativo y la actividad llamada \u201c<strong><em>la construcci\u00f3n de nuestro bosque<\/em><\/strong>\u201d. Cada participante se present\u00f3 y comparti\u00f3 lo que m\u00e1s valora del bosque. Los intercambios reflejaron una visi\u00f3n com\u00fan: el bosque, con su agua, sus \u00e1rboles y su biodiversidad, es esencial para la vida local y el bienestar colectivo. Esta actividad volvi\u00f3 a mostrar el compromiso de las comunidades de Toluviejo con la protecci\u00f3n de su entorno.<\/p>\n<\/div><div class=\"fusion-image-element \" style=\"text-align:center;--awb-caption-title-font-family:var(--h2_typography-font-family);--awb-caption-title-font-weight:var(--h2_typography-font-weight);--awb-caption-title-font-style:var(--h2_typography-font-style);--awb-caption-title-size:var(--h2_typography-font-size);--awb-caption-title-transform:var(--h2_typography-text-transform);--awb-caption-title-line-height:var(--h2_typography-line-height);--awb-caption-title-letter-spacing:var(--h2_typography-letter-spacing);\"><span class=\" fusion-imageframe imageframe-none imageframe-1 hover-type-none\"><img decoding=\"async\" width=\"800\" height=\"600\" title=\"[ProyectoBosqueSecoTropical_[Toluviejo]]Votacio\u0301nDeLosPro\u0301ximosTalleresConocerElBosque_marzo2026\u24d2C.Cassin_web\" src=\"https:\/\/envol-vert.org\/wp-content\/uploads\/2026\/03\/ProyectoBosqueSecoTropical_ToluviejoVotacionDeLosProximosTalleresConocerElBosque_marzo2026\u24d2C.Cassin_web.jpg\" alt class=\"img-responsive wp-image-67380\" srcset=\"https:\/\/envol-vert.org\/wp-content\/uploads\/2026\/03\/ProyectoBosqueSecoTropical_ToluviejoVotacionDeLosProximosTalleresConocerElBosque_marzo2026\u24d2C.Cassin_web-200x150.jpg 200w, https:\/\/envol-vert.org\/wp-content\/uploads\/2026\/03\/ProyectoBosqueSecoTropical_ToluviejoVotacionDeLosProximosTalleresConocerElBosque_marzo2026\u24d2C.Cassin_web-400x300.jpg 400w, https:\/\/envol-vert.org\/wp-content\/uploads\/2026\/03\/ProyectoBosqueSecoTropical_ToluviejoVotacionDeLosProximosTalleresConocerElBosque_marzo2026\u24d2C.Cassin_web-600x450.jpg 600w, https:\/\/envol-vert.org\/wp-content\/uploads\/2026\/03\/ProyectoBosqueSecoTropical_ToluviejoVotacionDeLosProximosTalleresConocerElBosque_marzo2026\u24d2C.Cassin_web.jpg 800w\" sizes=\"(max-width: 1024px) 100vw, (max-width: 640px) 100vw, 800px\" \/><\/span><\/div><div class=\"fusion-separator fusion-full-width-sep\" style=\"align-self: center;margin-left: auto;margin-right: auto;margin-top:1.5%;margin-bottom:1.5%;width:100%;\"><div class=\"fusion-separator-border sep-single sep-solid\" style=\"--awb-height:20px;--awb-amount:20px;--awb-sep-color:rgba(224,222,222,0);border-color:rgba(224,222,222,0);border-top-width:1px;\"><\/div><\/div><div class=\"fusion-text fusion-text-2\"><p>A pesar de los desaf\u00edos financieros en 2025, especialmente por la salida de algunos aliados, los resultados presentados son muy alentadores. <strong>El logro m\u00e1s destacado fue el de la flor de Jamaica, cuyas ventas permitieron a los productores duplicar o incluso triplicar sus ingresos.<\/strong> Tambi\u00e9n se valor\u00f3 el trabajo del grupo de mujeres de La Esperanza en la transformaci\u00f3n, ya que permiti\u00f3 extender la comercializaci\u00f3n de los productos elaborados para la marca Tamand\u00faa.<br \/>\nPosteriormente, los participantes discutieron los objetivos para el 2026. A trav\u00e9s de una actividad sencilla, clasificaron los retos entre conservaci\u00f3n y alternativas econ\u00f3micas, facilitando as\u00ed las discusiones y la comprensi\u00f3n de las acciones futuras por parte del equipo de Envol Vert. Finalmente, la reuni\u00f3n concluy\u00f3 con la selecci\u00f3n de los pr\u00f3ximos talleres de formaci\u00f3n de \u201cdescubrimiento del bosque\u201d. Tras una votaci\u00f3n, se eligieron como prioridades para este a\u00f1o los temas sobre \u201cjabones y cosm\u00e9tica\u201d y \u201cpomadas y aceites bot\u00e1nicos\u201d.<\/p>\n<p>En conclusi\u00f3n, este encuentro permiti\u00f3 compartir el balance de 2025, fortalecer la din\u00e1mica colectiva y proyectarse hacia el a\u00f1o 2026. Tambi\u00e9n marc\u00f3 la llegada de un nuevo coordinador de conservaci\u00f3n, Luis Noche, y de nuevas voluntarias: Cynthia Cassin y Cl\u00e9mentine Conrath. <strong>A pesar de la salida de algunos aliados, <a href=\"https:\/\/envol-vert.org\/es\/pro\/programa-bosques-secos-colombia\/\">el programa Bosque Seco Tropical <\/a>demuestra su resiliencia y confirma que la conservaci\u00f3n de la naturaleza y el desarrollo econ\u00f3mico pueden avanzar juntos.<\/strong><\/p>\n<\/div><\/div><\/div><\/div><\/div>\n","protected":false},"excerpt":{"rendered":"","protected":false},"featured_media":67381,"template":"","fils_d_actu_categ":[1656,1653],"class_list":["post-67382","fil_d_actu","type-fil_d_actu","status-publish","has-post-thumbnail","hentry","fils_d_actu_categ-actualidades-generales","fils_d_actu_categ-programa-de-preservacion-de-los-bosques-secos"],"_links":{"self":[{"href":"https:\/\/envol-vert.org\/es\/wp-json\/wp\/v2\/fil_d_actu\/67382","targetHints":{"allow":["GET"]}}],"collection":[{"href":"https:\/\/envol-vert.org\/es\/wp-json\/wp\/v2\/fil_d_actu"}],"about":[{"href":"https:\/\/envol-vert.org\/es\/wp-json\/wp\/v2\/types\/fil_d_actu"}],"version-history":[{"count":8,"href":"https:\/\/envol-vert.org\/es\/wp-json\/wp\/v2\/fil_d_actu\/67382\/revisions"}],"predecessor-version":[{"id":67420,"href":"https:\/\/envol-vert.org\/es\/wp-json\/wp\/v2\/fil_d_actu\/67382\/revisions\/67420"}],"wp:featuredmedia":[{"embeddable":true,"href":"https:\/\/envol-vert.org\/es\/wp-json\/wp\/v2\/media\/67381"}],"wp:attachment":[{"href":"https:\/\/envol-vert.org\/es\/wp-json\/wp\/v2\/media?parent=67382"}],"wp:term":[{"taxonomy":"fils_d_actu_categ","embeddable":true,"href":"https:\/\/envol-vert.org\/es\/wp-json\/wp\/v2\/fils_d_actu_categ?post=67382"}],"curies":[{"name":"wp","href":"https:\/\/api.w.org\/{rel}","templated":true}]}}