{"id":67410,"date":"2026-04-27T22:21:35","date_gmt":"2026-04-27T20:21:35","guid":{"rendered":"https:\/\/envol-vert.org\/filactu\/cobertura-vegetal-en-el-bosque-seco-tropical\/"},"modified":"2026-04-27T22:24:41","modified_gmt":"2026-04-27T20:24:41","slug":"cobertura-vegetal-en-el-bosque-seco-tropical","status":"publish","type":"fil_d_actu","link":"https:\/\/envol-vert.org\/es\/act\/cobertura-vegetal-en-el-bosque-seco-tropical\/","title":{"rendered":"Cobertura vegetal en el Bosque Seco Tropical"},"content":{"rendered":"<div class=\"fusion-fullwidth fullwidth-box fusion-builder-row-1 fusion-flex-container has-pattern-background has-mask-background nonhundred-percent-fullwidth non-hundred-percent-height-scrolling\" style=\"--awb-border-radius-top-left:0px;--awb-border-radius-top-right:0px;--awb-border-radius-bottom-right:0px;--awb-border-radius-bottom-left:0px;--awb-flex-wrap:wrap;\" ><div class=\"fusion-builder-row fusion-row fusion-flex-align-items-flex-start fusion-flex-content-wrap\" style=\"max-width:1040px;margin-left: calc(-4% \/ 2 );margin-right: calc(-4% \/ 2 );\"><div class=\"fusion-layout-column fusion_builder_column fusion-builder-column-0 fusion_builder_column_1_1 1_1 fusion-flex-column\" style=\"--awb-bg-size:cover;--awb-width-large:100%;--awb-margin-top-large:0px;--awb-spacing-right-large:1.92%;--awb-margin-bottom-large:20px;--awb-spacing-left-large:1.92%;--awb-width-medium:100%;--awb-order-medium:0;--awb-spacing-right-medium:1.92%;--awb-spacing-left-medium:1.92%;--awb-width-small:100%;--awb-order-small:0;--awb-spacing-right-small:1.92%;--awb-spacing-left-small:1.92%;\"><div class=\"fusion-column-wrapper fusion-column-has-shadow fusion-flex-justify-content-flex-start fusion-content-layout-column\"><div class=\"fusion-text fusion-text-1\"><p>En el marco del programa <a href=\"https:\/\/envol-vert.org\/es\/pro\/programa-bosques-secos-colombia\/\">Bosque Seco Tropical <\/a>para la Vida, liderado por la Fundaci\u00f3n Envol Vert, se han implementado estrategias de restauraci\u00f3n y producci\u00f3n sostenible mediante el establecimiento de <strong>Sistemas Agroforestales<\/strong> (SAF) y <strong>Sistemas Silvopastoriles<\/strong> (SSP), en predios rurales de los municipios de Becerril (Cesar), Toluviejo y Ovejas (Sucre). Estas iniciativas buscan integrar actividades productivas con la recuperaci\u00f3n del bosque seco tropical y el fortalecimiento de pr\u00e1cticas agropecuarias sostenibles. <\/p>\n<p>Con el fin de evaluar los cambios generados a partir de estas intervenciones, en el mes de marzo se realiz\u00f3 un an\u00e1lisis multitemporal de cobertura vegetal mediante <strong>la comparaci\u00f3n de im\u00e1genes satelitales de los a\u00f1os 2019 y 2025,<\/strong> utilizando la plataforma <a href=\"https:\/\/www.google.es\/intl\/es\/earth\/index.html\" target=\"_blank\" rel=\"noopener\">Google Earth Pro<\/a> con los pol\u00edgonos de cada predio.<\/p>\n<p>El ejercicio se bas\u00f3 en la interpretaci\u00f3n visual de las im\u00e1genes, evaluando aspectos como la continuidad de la cobertura vegetal, la densidad aparente del componente arb\u00f3reo, los cambios en textura y tonalidad, as\u00ed como la organizaci\u00f3n interna de cultivos, pasturas y \u00e1rboles. Para algunos predios se realiz\u00f3, adem\u00e1s, una estimaci\u00f3n porcentual de cobertura forestal mediante la delimitaci\u00f3n manual de \u00e1reas con presencia de vegetaci\u00f3n le\u00f1osa, lo que permiti\u00f3 comparar la extensi\u00f3n de estas coberturas entre los dos periodos evaluados. <\/p>\n<p>En total <strong>se analizaron 28 predios de los 231 activos en los tres proyectos<\/strong>, de los cuales siete corresponden a Becerril, ocho a Ovejas y 13 a Toluviejo, representando aproximadamente el 12,12 % del total de predios. Los resultados evidencian <strong>un incremento promedio de cobertura arb\u00f3rea del 26,87 %, <\/strong>con aumentos estimados de 19,37 % en Becerril, 35,46 % en Ovejas y 23,60 % en Toluviejo.<\/p>\n<\/div><div class=\"fusion-separator fusion-full-width-sep\" style=\"align-self: center;margin-left: auto;margin-right: auto;margin-top:1.5%;margin-bottom:1.5%;width:100%;\"><div class=\"fusion-separator-border sep-single sep-solid\" style=\"--awb-height:20px;--awb-amount:20px;--awb-sep-color:rgba(224,222,222,0);border-color:rgba(224,222,222,0);border-top-width:1px;\"><\/div><\/div><\/div><\/div><div class=\"fusion-layout-column fusion_builder_column fusion-builder-column-1 fusion_builder_column_1_5 1_5 fusion-flex-column\" style=\"--awb-bg-size:cover;--awb-width-large:20%;--awb-margin-top-large:0px;--awb-spacing-right-large:9.6%;--awb-margin-bottom-large:20px;--awb-spacing-left-large:9.6%;--awb-width-medium:100%;--awb-order-medium:0;--awb-spacing-right-medium:1.92%;--awb-spacing-left-medium:1.92%;--awb-width-small:100%;--awb-order-small:0;--awb-spacing-right-small:1.92%;--awb-spacing-left-small:1.92%;\"><div class=\"fusion-column-wrapper fusion-column-has-shadow fusion-flex-justify-content-flex-start fusion-content-layout-column\"><\/div><\/div><div class=\"fusion-layout-column fusion_builder_column fusion-builder-column-2 fusion_builder_column_3_5 3_5 fusion-flex-column\" style=\"--awb-bg-size:cover;--awb-width-large:60%;--awb-margin-top-large:0px;--awb-spacing-right-large:3.2%;--awb-margin-bottom-large:20px;--awb-spacing-left-large:3.2%;--awb-width-medium:100%;--awb-order-medium:0;--awb-spacing-right-medium:1.92%;--awb-spacing-left-medium:1.92%;--awb-width-small:100%;--awb-order-small:0;--awb-spacing-right-small:1.92%;--awb-spacing-left-small:1.92%;\"><div class=\"fusion-column-wrapper fusion-column-has-shadow fusion-flex-justify-content-flex-start fusion-content-layout-column\"><div class=\"fusion-image-carousel fusion-image-carousel-auto fusion-image-carousel-1\"><div class=\"awb-carousel awb-swiper awb-swiper-carousel awb-carousel--cards awb-swiper-dots-position-bottom\" data-layout=\"cards\" data-autoplay=\"yes\" data-autoplayspeed=\"2000\" data-autoplaypause=\"yes\" data-columns=\"5\" data-columnsmedium=\"1\" data-columnssmall=\"1\" data-itemmargin=\"13\" data-itemwidth=\"180\" data-touchscroll=\"no\" data-freemode=\"no\" data-imagesize=\"auto\" data-scrollitems=\"0\" data-scrollitems-medium=\"0\" data-scrollitems-small=\"0\" data-centeredslides=\"no\" data-rotationangle=\"50\" data-depth=\"100\" data-speed=\"500\" data-shadow=\"no\" data-pagination=\"bullets\" style=\"--awb-dots-align:center;\"><div class=\"swiper-wrapper awb-image-carousel-wrapper fusion-flex-align-items-center\"><div class=\"swiper-slide\"><div class=\"fusion-carousel-item-wrapper\"><div class=\"fusion-image-wrapper hover-type-none\"><a href=\"https:\/\/envol-vert.org\/site_pilote\/site-becerril-cesar\/\" target=\"_blank\" rel=\"noopener noreferrer\"><img decoding=\"async\" width=\"605\" height=\"321\" src=\"https:\/\/envol-vert.org\/wp-content\/uploads\/2026\/04\/ProyectoBosqueSecoTropical_Becerril_Cobertura-vegetal-en-el-Bosque-Seco-Tropical1_febrero_marzo_2026\u00a9A.Moreno.jpg\" class=\"attachment-full size-full\" alt=\"Comparaci\u00f3n de los mapas de Becerril entre 2019 y 2025\" srcset=\"https:\/\/envol-vert.org\/wp-content\/uploads\/2026\/04\/ProyectoBosqueSecoTropical_Becerril_Cobertura-vegetal-en-el-Bosque-Seco-Tropical1_febrero_marzo_2026\u00a9A.Moreno-200x106.jpg 200w, https:\/\/envol-vert.org\/wp-content\/uploads\/2026\/04\/ProyectoBosqueSecoTropical_Becerril_Cobertura-vegetal-en-el-Bosque-Seco-Tropical1_febrero_marzo_2026\u00a9A.Moreno-400x212.jpg 400w, https:\/\/envol-vert.org\/wp-content\/uploads\/2026\/04\/ProyectoBosqueSecoTropical_Becerril_Cobertura-vegetal-en-el-Bosque-Seco-Tropical1_febrero_marzo_2026\u00a9A.Moreno-600x318.jpg 600w, https:\/\/envol-vert.org\/wp-content\/uploads\/2026\/04\/ProyectoBosqueSecoTropical_Becerril_Cobertura-vegetal-en-el-Bosque-Seco-Tropical1_febrero_marzo_2026\u00a9A.Moreno.jpg 605w\" sizes=\"(max-width: 605px) 100vw, 605px\" \/><\/a><\/div><\/div><\/div><div class=\"swiper-slide\"><div class=\"fusion-carousel-item-wrapper\"><div class=\"fusion-image-wrapper hover-type-none\"><a href=\"https:\/\/envol-vert.org\/es\/sit\/tolu-viejo\/\" target=\"_blank\" rel=\"noopener noreferrer\"><img decoding=\"async\" width=\"602\" height=\"370\" src=\"https:\/\/envol-vert.org\/wp-content\/uploads\/2026\/04\/ProyectoBosqueSecoTropical_Becerril_Cobertura-vegetal-en-el-Bosque-Seco-Tropical5_febrero_marzo_2026\u00a9A.Moreno.jpg\" class=\"attachment-full size-full\" alt=\"Comparaci\u00f3n de los mapas de Toluviejo entre 2019 y 2025\" srcset=\"https:\/\/envol-vert.org\/wp-content\/uploads\/2026\/04\/ProyectoBosqueSecoTropical_Becerril_Cobertura-vegetal-en-el-Bosque-Seco-Tropical5_febrero_marzo_2026\u00a9A.Moreno-200x123.jpg 200w, https:\/\/envol-vert.org\/wp-content\/uploads\/2026\/04\/ProyectoBosqueSecoTropical_Becerril_Cobertura-vegetal-en-el-Bosque-Seco-Tropical5_febrero_marzo_2026\u00a9A.Moreno-400x246.jpg 400w, https:\/\/envol-vert.org\/wp-content\/uploads\/2026\/04\/ProyectoBosqueSecoTropical_Becerril_Cobertura-vegetal-en-el-Bosque-Seco-Tropical5_febrero_marzo_2026\u00a9A.Moreno-600x369.jpg 600w, https:\/\/envol-vert.org\/wp-content\/uploads\/2026\/04\/ProyectoBosqueSecoTropical_Becerril_Cobertura-vegetal-en-el-Bosque-Seco-Tropical5_febrero_marzo_2026\u00a9A.Moreno.jpg 602w\" sizes=\"(max-width: 602px) 100vw, 602px\" \/><\/a><\/div><\/div><\/div><div class=\"swiper-slide\"><div class=\"fusion-carousel-item-wrapper\"><div class=\"fusion-image-wrapper hover-type-none\"><a href=\"https:\/\/envol-vert.org\/site_pilote\/cultivons-autrement\/\" target=\"_blank\" rel=\"noopener noreferrer\"><img decoding=\"async\" width=\"605\" height=\"313\" src=\"https:\/\/envol-vert.org\/wp-content\/uploads\/2026\/04\/ProyectoBosqueSecoTropical_Becerril_Cobertura-vegetal-en-el-Bosque-Seco-Tropical2_febrero_marzo_2026\u00a9A.Moreno.jpg\" class=\"attachment-full size-full\" alt=\"Comparaci\u00f3n de los mapas de Ovejas entre 2019 y 2025\" srcset=\"https:\/\/envol-vert.org\/wp-content\/uploads\/2026\/04\/ProyectoBosqueSecoTropical_Becerril_Cobertura-vegetal-en-el-Bosque-Seco-Tropical2_febrero_marzo_2026\u00a9A.Moreno-200x103.jpg 200w, https:\/\/envol-vert.org\/wp-content\/uploads\/2026\/04\/ProyectoBosqueSecoTropical_Becerril_Cobertura-vegetal-en-el-Bosque-Seco-Tropical2_febrero_marzo_2026\u00a9A.Moreno-400x207.jpg 400w, https:\/\/envol-vert.org\/wp-content\/uploads\/2026\/04\/ProyectoBosqueSecoTropical_Becerril_Cobertura-vegetal-en-el-Bosque-Seco-Tropical2_febrero_marzo_2026\u00a9A.Moreno-600x310.jpg 600w, https:\/\/envol-vert.org\/wp-content\/uploads\/2026\/04\/ProyectoBosqueSecoTropical_Becerril_Cobertura-vegetal-en-el-Bosque-Seco-Tropical2_febrero_marzo_2026\u00a9A.Moreno.jpg 605w\" sizes=\"(max-width: 605px) 100vw, 605px\" \/><\/a><\/div><\/div><\/div><div class=\"swiper-slide\"><div class=\"fusion-carousel-item-wrapper\"><div class=\"fusion-image-wrapper hover-type-none\"><a href=\"https:\/\/envol-vert.org\/site_pilote\/cultivons-autrement\/\" target=\"_blank\" rel=\"noopener noreferrer\"><img decoding=\"async\" width=\"609\" height=\"317\" src=\"https:\/\/envol-vert.org\/wp-content\/uploads\/2026\/04\/ProyectoBosqueSecoTropical_Becerril_Cobertura-vegetal-en-el-Bosque-Seco-Tropical3_febrero_marzo_2026\u00a9A.Moreno.jpg\" class=\"attachment-full size-full\" alt=\"Comparaci\u00f3n de los mapas de Ovejas entre 2019 y 2025\" srcset=\"https:\/\/envol-vert.org\/wp-content\/uploads\/2026\/04\/ProyectoBosqueSecoTropical_Becerril_Cobertura-vegetal-en-el-Bosque-Seco-Tropical3_febrero_marzo_2026\u00a9A.Moreno-200x104.jpg 200w, https:\/\/envol-vert.org\/wp-content\/uploads\/2026\/04\/ProyectoBosqueSecoTropical_Becerril_Cobertura-vegetal-en-el-Bosque-Seco-Tropical3_febrero_marzo_2026\u00a9A.Moreno-400x208.jpg 400w, https:\/\/envol-vert.org\/wp-content\/uploads\/2026\/04\/ProyectoBosqueSecoTropical_Becerril_Cobertura-vegetal-en-el-Bosque-Seco-Tropical3_febrero_marzo_2026\u00a9A.Moreno-600x312.jpg 600w, https:\/\/envol-vert.org\/wp-content\/uploads\/2026\/04\/ProyectoBosqueSecoTropical_Becerril_Cobertura-vegetal-en-el-Bosque-Seco-Tropical3_febrero_marzo_2026\u00a9A.Moreno.jpg 609w\" sizes=\"(max-width: 609px) 100vw, 609px\" \/><\/a><\/div><\/div><\/div><div class=\"swiper-slide\"><div class=\"fusion-carousel-item-wrapper\"><div class=\"fusion-image-wrapper hover-type-none\"><a href=\"https:\/\/envol-vert.org\/site_pilote\/cultivons-autrement\/\" target=\"_blank\" rel=\"noopener noreferrer\"><img decoding=\"async\" width=\"603\" height=\"259\" src=\"https:\/\/envol-vert.org\/wp-content\/uploads\/2026\/04\/ProyectoBosqueSecoTropical_Becerril_Cobertura-vegetal-en-el-Bosque-Seco-Tropical4_febrero_marzo_2026\u00a9A.Moreno.jpg\" class=\"attachment-full size-full\" alt=\"Comparaci\u00f3n de los mapas de Ovejas entre 2019 y 2025\" srcset=\"https:\/\/envol-vert.org\/wp-content\/uploads\/2026\/04\/ProyectoBosqueSecoTropical_Becerril_Cobertura-vegetal-en-el-Bosque-Seco-Tropical4_febrero_marzo_2026\u00a9A.Moreno-200x86.jpg 200w, https:\/\/envol-vert.org\/wp-content\/uploads\/2026\/04\/ProyectoBosqueSecoTropical_Becerril_Cobertura-vegetal-en-el-Bosque-Seco-Tropical4_febrero_marzo_2026\u00a9A.Moreno-400x172.jpg 400w, https:\/\/envol-vert.org\/wp-content\/uploads\/2026\/04\/ProyectoBosqueSecoTropical_Becerril_Cobertura-vegetal-en-el-Bosque-Seco-Tropical4_febrero_marzo_2026\u00a9A.Moreno-600x258.jpg 600w, https:\/\/envol-vert.org\/wp-content\/uploads\/2026\/04\/ProyectoBosqueSecoTropical_Becerril_Cobertura-vegetal-en-el-Bosque-Seco-Tropical4_febrero_marzo_2026\u00a9A.Moreno.jpg 603w\" sizes=\"(max-width: 603px) 100vw, 603px\" \/><\/a><\/div><\/div><\/div><\/div><div class=\"awb-swiper-button awb-swiper-button-prev\"><i class=\"awb-icon-angle-left\" aria-hidden=\"true\"><\/i><\/div><div class=\"awb-swiper-button awb-swiper-button-next\"><i class=\"awb-icon-angle-right\" aria-hidden=\"true\"><\/i><\/div><\/div><\/div><\/div><\/div><div class=\"fusion-layout-column fusion_builder_column fusion-builder-column-3 fusion_builder_column_1_5 1_5 fusion-flex-column\" style=\"--awb-bg-size:cover;--awb-width-large:20%;--awb-margin-top-large:0px;--awb-spacing-right-large:9.6%;--awb-margin-bottom-large:20px;--awb-spacing-left-large:9.6%;--awb-width-medium:100%;--awb-order-medium:0;--awb-spacing-right-medium:1.92%;--awb-spacing-left-medium:1.92%;--awb-width-small:100%;--awb-order-small:0;--awb-spacing-right-small:1.92%;--awb-spacing-left-small:1.92%;\"><div class=\"fusion-column-wrapper fusion-column-has-shadow fusion-flex-justify-content-flex-start fusion-content-layout-column\"><\/div><\/div><div class=\"fusion-layout-column fusion_builder_column fusion-builder-column-4 fusion_builder_column_1_1 1_1 fusion-flex-column\" style=\"--awb-bg-size:cover;--awb-width-large:100%;--awb-margin-top-large:0px;--awb-spacing-right-large:1.92%;--awb-margin-bottom-large:20px;--awb-spacing-left-large:1.92%;--awb-width-medium:100%;--awb-order-medium:0;--awb-spacing-right-medium:1.92%;--awb-spacing-left-medium:1.92%;--awb-width-small:100%;--awb-order-small:0;--awb-spacing-right-small:1.92%;--awb-spacing-left-small:1.92%;\"><div class=\"fusion-column-wrapper fusion-column-has-shadow fusion-flex-justify-content-flex-start fusion-content-layout-column\"><div class=\"fusion-separator fusion-full-width-sep\" style=\"align-self: center;margin-left: auto;margin-right: auto;margin-top:1.5%;margin-bottom:1.5%;width:100%;\"><div class=\"fusion-separator-border sep-single sep-solid\" style=\"--awb-height:20px;--awb-amount:20px;--awb-sep-color:rgba(224,222,222,0);border-color:rgba(224,222,222,0);border-top-width:1px;\"><\/div><\/div><div class=\"fusion-text fusion-text-2\"><p>De manera general, las im\u00e1genes comparadas muestran una tendencia hacia la <strong>consolidaci\u00f3n <\/strong>y <strong>densificaci\u00f3n <\/strong>de la cobertura vegetal, evidenciada en la reducci\u00f3n de claros, mayor presencia de \u00e1rboles y una estructura vegetal m\u00e1s continua dentro de los predios. Estos cambios reflejan procesos progresivos de enriquecimiento de la vegetaci\u00f3n asociados a la implementaci\u00f3n de los sistemas productivos. <\/p>\n<p>En conjunto, los resultados sugieren que<strong> los SAF y SSP han contribuido positivamente al incremento de la cobertura arb\u00f3rea<\/strong> y a la transici\u00f3n hacia agroecosistemas m\u00e1s diversos y funcionales, favoreciendo la recuperaci\u00f3n del bosque seco tropical y el fortalecimiento de pr\u00e1cticas productivas m\u00e1s sostenibles en el territorio.<\/p>\n<\/div><\/div><\/div><\/div><\/div>\n","protected":false},"excerpt":{"rendered":"","protected":false},"featured_media":54449,"template":"","fils_d_actu_categ":[1656,1653],"class_list":["post-67410","fil_d_actu","type-fil_d_actu","status-publish","has-post-thumbnail","hentry","fils_d_actu_categ-actualidades-generales","fils_d_actu_categ-programa-de-preservacion-de-los-bosques-secos"],"_links":{"self":[{"href":"https:\/\/envol-vert.org\/es\/wp-json\/wp\/v2\/fil_d_actu\/67410","targetHints":{"allow":["GET"]}}],"collection":[{"href":"https:\/\/envol-vert.org\/es\/wp-json\/wp\/v2\/fil_d_actu"}],"about":[{"href":"https:\/\/envol-vert.org\/es\/wp-json\/wp\/v2\/types\/fil_d_actu"}],"version-history":[{"count":4,"href":"https:\/\/envol-vert.org\/es\/wp-json\/wp\/v2\/fil_d_actu\/67410\/revisions"}],"predecessor-version":[{"id":67419,"href":"https:\/\/envol-vert.org\/es\/wp-json\/wp\/v2\/fil_d_actu\/67410\/revisions\/67419"}],"wp:featuredmedia":[{"embeddable":true,"href":"https:\/\/envol-vert.org\/es\/wp-json\/wp\/v2\/media\/54449"}],"wp:attachment":[{"href":"https:\/\/envol-vert.org\/es\/wp-json\/wp\/v2\/media?parent=67410"}],"wp:term":[{"taxonomy":"fils_d_actu_categ","embeddable":true,"href":"https:\/\/envol-vert.org\/es\/wp-json\/wp\/v2\/fils_d_actu_categ?post=67410"}],"curies":[{"name":"wp","href":"https:\/\/api.w.org\/{rel}","templated":true}]}}