{"id":67466,"date":"2026-04-28T20:46:27","date_gmt":"2026-04-28T18:46:27","guid":{"rendered":"https:\/\/envol-vert.org\/?post_type=fil_d_actu&#038;p=67466"},"modified":"2026-04-28T21:23:35","modified_gmt":"2026-04-28T19:23:35","slug":"comunidades-de-tingo-maria-se-organizan-para-producir-miel-de-abejas-nativas","status":"publish","type":"fil_d_actu","link":"https:\/\/envol-vert.org\/es\/act\/comunidades-de-tingo-maria-se-organizan-para-producir-miel-de-abejas-nativas\/","title":{"rendered":"Comunidades de Tingo Mar\u00eda se organizan para producir miel de abejas nativas"},"content":{"rendered":"<div class=\"fusion-fullwidth fullwidth-box fusion-builder-row-1 fusion-flex-container has-pattern-background has-mask-background nonhundred-percent-fullwidth non-hundred-percent-height-scrolling\" style=\"--awb-border-radius-top-left:0px;--awb-border-radius-top-right:0px;--awb-border-radius-bottom-right:0px;--awb-border-radius-bottom-left:0px;--awb-flex-wrap:wrap;\" ><div class=\"fusion-builder-row fusion-row fusion-flex-align-items-flex-start fusion-flex-content-wrap\" style=\"max-width:1040px;margin-left: calc(-4% \/ 2 );margin-right: calc(-4% \/ 2 );\"><div class=\"fusion-layout-column fusion_builder_column fusion-builder-column-0 fusion_builder_column_1_1 1_1 fusion-flex-column\" style=\"--awb-bg-size:cover;--awb-width-large:100%;--awb-margin-top-large:0px;--awb-spacing-right-large:1.92%;--awb-margin-bottom-large:20px;--awb-spacing-left-large:1.92%;--awb-width-medium:100%;--awb-order-medium:0;--awb-spacing-right-medium:1.92%;--awb-spacing-left-medium:1.92%;--awb-width-small:100%;--awb-order-small:0;--awb-spacing-right-small:1.92%;--awb-spacing-left-small:1.92%;\"><div class=\"fusion-column-wrapper fusion-column-has-shadow fusion-flex-justify-content-flex-start fusion-content-layout-column\"><div class=\"fusion-text fusion-text-1\"><p><span style=\"font-weight: 400;\">El 21 de marzo pasado se llev\u00f3 a cabo una reuni\u00f3n con productores de caf\u00e9 de los <strong>centros poblados de Jos\u00e9 Carlos Mari\u00e1tegui, Pueblo Nuevo y Santo Domingo de Anda<\/strong>, comunidades en la zona de Tingo Mar\u00eda, provincia de Leoncio Prado, Hu\u00e1nuco. El espacio de reuni\u00f3n, que se realiz\u00f3 en el marco del componente de alternativas econ\u00f3micas del proyecto <a href=\"https:\/\/envol-vert.org\/es\/pro\/programa-conbosque-territorios-amazonicos-sostenibles-y-biodiversos\/\">ConBosque<\/a>, tuvo un doble prop\u00f3sito: <strong>definir colectivamente la mejor forma de asociarse para fortalecer la producci\u00f3n de miel<\/strong>, y generar <strong>espacios de intercambio de saberes<\/strong> en torno a la crianza de abejas nativas y cosecha de miel. Ambos objetivos son esenciales, y para el equipo acompa\u00f1ar en espacios y presenciar c\u00f3mo las comunidades se organizan para producir miel de abejas nativas ha sido tambi\u00e9n enriquecedor.<\/span><\/p>\n<p><span style=\"font-weight: 400;\">El encuentro inici\u00f3 con una explicaci\u00f3n del equipo de ConBosque sobre los diversos tipos de organizaci\u00f3n que existen, as\u00ed como sus caracter\u00edsticas, beneficios y desventajas. Luego de ello, <strong>se conformaron grupos de trabajo entre los participantes para hablar sobre lo expuesto y desarrollar un an\u00e1lisis<\/strong> de lo que les parec\u00eda m\u00e1s conveniente en cada zona. A trav\u00e9s del di\u00e1logo, los asistentes intercambiaron ideas, conocimientos y experiencias con los dem\u00e1s miembros de la comunidad, con el fin de llegar al modelo que se ajuste m\u00e1s a su situaci\u00f3n actual, forma de trabajo e intereses a corto y larzo plazo. Algunos optaron en el momento por acuerdos de cooperaci\u00f3n informal; otros por una modalidad individual; y un tercer grupo por una forma combinada, sentando as\u00ed una pauta importante para las pr\u00f3ximas etapas del proyecto.<\/span><\/p>\n<p><span style=\"font-weight: 400;\">El plan para los pr\u00f3ximos meses es organizar nuevas reuniones para que los centros poblados que eligieron modelos de organizaci\u00f3n m\u00e1s afines puedan <strong>desarrollar un plan de trabajo conjunto, y aplicar las soluciones que propusieron<\/strong> en el an\u00e1lisis grupal desarrollado en el taller. Asimismo, se coordinar\u00e1n nuevos espacios para conocer a fondo los motivos de los centros poblados que eligieron trabajar de manera independiente, brind\u00e1ndoles orientaciones para su formalizaci\u00f3n, esclareciendo cualquier duda y resolviendo sus consultas sobre las ventajas del modelo de organizaci\u00f3n por el que optaron.\u00a0<\/span><\/p>\n<\/div><div class=\"fusion-separator fusion-full-width-sep\" style=\"align-self: center;margin-left: auto;margin-right: auto;margin-top:1.5%;margin-bottom:1.5%;width:100%;\"><div class=\"fusion-separator-border sep-single sep-solid\" style=\"--awb-height:20px;--awb-amount:20px;--awb-sep-color:rgba(224,222,222,0);border-color:rgba(224,222,222,0);border-top-width:1px;\"><\/div><\/div><div class=\"fusion-image-element \" style=\"--awb-caption-title-font-family:var(--h2_typography-font-family);--awb-caption-title-font-weight:var(--h2_typography-font-weight);--awb-caption-title-font-style:var(--h2_typography-font-style);--awb-caption-title-size:var(--h2_typography-font-size);--awb-caption-title-transform:var(--h2_typography-text-transform);--awb-caption-title-line-height:var(--h2_typography-line-height);--awb-caption-title-letter-spacing:var(--h2_typography-letter-spacing);\"><span class=\" fusion-imageframe imageframe-none imageframe-1 hover-type-none\"><img decoding=\"async\" width=\"800\" height=\"400\" alt=\"Miembros de la comunidad en reuni\u00f3n de an\u00e1lisis sobre formas de organizaci\u00f3n\" title=\"Site Web_Featured Image 2026-03-21_Anda_Reu3CP(c) EV2\" src=\"https:\/\/envol-vert.org\/wp-content\/uploads\/2026\/04\/Site-Web_Featured-Image-2026-03-21_Anda_Reu3CPc-EV2-800x400.png\" class=\"img-responsive wp-image-67479\" srcset=\"https:\/\/envol-vert.org\/wp-content\/uploads\/2026\/04\/Site-Web_Featured-Image-2026-03-21_Anda_Reu3CPc-EV2-200x100.png 200w, https:\/\/envol-vert.org\/wp-content\/uploads\/2026\/04\/Site-Web_Featured-Image-2026-03-21_Anda_Reu3CPc-EV2-400x200.png 400w, https:\/\/envol-vert.org\/wp-content\/uploads\/2026\/04\/Site-Web_Featured-Image-2026-03-21_Anda_Reu3CPc-EV2-600x300.png 600w, https:\/\/envol-vert.org\/wp-content\/uploads\/2026\/04\/Site-Web_Featured-Image-2026-03-21_Anda_Reu3CPc-EV2-800x400.png 800w, https:\/\/envol-vert.org\/wp-content\/uploads\/2026\/04\/Site-Web_Featured-Image-2026-03-21_Anda_Reu3CPc-EV2.png 1200w\" sizes=\"(max-width: 1024px) 100vw, (max-width: 640px) 100vw, 800px\" \/><\/span><\/div><div class=\"fusion-separator fusion-full-width-sep\" style=\"align-self: center;margin-left: auto;margin-right: auto;margin-top:1.5%;margin-bottom:1.5%;width:100%;\"><div class=\"fusion-separator-border sep-single sep-solid\" style=\"--awb-height:20px;--awb-amount:20px;--awb-sep-color:rgba(224,222,222,0);border-color:rgba(224,222,222,0);border-top-width:1px;\"><\/div><\/div><div class=\"fusion-text fusion-text-2\"><p><span style=\"font-weight: 400;\">Espacios como este, que congregaron a 30 participantes de diversas comunidades, <strong>contribuyen tanto al desarrollo de la autonom\u00eda, como al fortalecimiento de la articulaci\u00f3n entre productores<\/strong>. Se espera que en lo sucesivo contin\u00faen el trabajo y el apoyo mutuo y colaborativo, tanto en temas relacionados a la crianza de las abejas sin aguij\u00f3n, como a la venta de esta miel, por las propiedades que se le atribuyen a este recurso en el tratamiento de afecciones respiratorias, digestivas y oculares.<\/span><\/p>\n<p><span style=\"font-weight: 400;\">Continuando con las actividades realizadas en el mes, los participantes del proyecto del <strong>centro poblado de Ayte trabajaron en la construcci\u00f3n de un germinador comunitario, en la zona de Pichanaki<\/strong>, provincia de Chanchamayo, Jun\u00edn. Esta actividad tambi\u00e9n es parte de las acciones en terreno del proyecto ConBosque, en coordinaci\u00f3n con el <a href=\"https:\/\/www.gob.pe\/sernanp\" target=\"_blank\" rel=\"noopener\">Servicio de \u00c1reas Naturales Protegidas por el Estado (SERNANP)<\/a>. En paralelo, se realiz\u00f3 una junta informativa para presentar el proyecto a nuevos integrantes de la comunidad.<\/span><\/p>\n<p><span style=\"font-weight: 400;\">En la comunidad de San Luis Alto Ipoki, nueve personas participaron en una <strong>capacitaci\u00f3n sobre sistemas agroforestales y servicios ecosist\u00e9micos<\/strong>. La jornada sirvi\u00f3 tambi\u00e9n para distribuir nogal negro <a href=\"https:\/\/www.treesandshrubsonline.org\/articles\/juglans\/juglans-nigra\/\" target=\"_blank\" rel=\"noopener\">(Juglans nigra)<\/a>, una de las alternativas econ\u00f3micas impulsadas por los agricultores de la zona, y para fortalecer el vivero mediante la instalaci\u00f3n de una malla protectora. Asimismo, en Nueva Florida, cinco participantes se dedicaron a la preparaci\u00f3n de bolsas de tierra para la siembra de pakay de altitud (Inga spp.), plantas que ser\u00e1n distribuidas posteriormente en el centro poblado.<\/span><\/p>\n<p><span style=\"font-weight: 400;\">En conjunto, estas actividades buscan impulsar iniciativas productivas que brinden alternativas econ\u00f3micas a las comunidades y les permitan aprovechar los recursos del bosque y evitar la deforestaci\u00f3n.<\/span><\/p>\n<\/div><\/div><\/div><\/div><\/div>\n","protected":false},"excerpt":{"rendered":"<p>Conoce las actividades realizadas con las comunidades de Tingo Mar\u00eda en marzo, en el marco del proyecto ConBosque. <\/p>\n","protected":false},"featured_media":67468,"template":"","fils_d_actu_categ":[1656,2022],"class_list":["post-67466","fil_d_actu","type-fil_d_actu","status-publish","has-post-thumbnail","hentry","fils_d_actu_categ-actualidades-generales","fils_d_actu_categ-proyecto-conbosque"],"_links":{"self":[{"href":"https:\/\/envol-vert.org\/es\/wp-json\/wp\/v2\/fil_d_actu\/67466","targetHints":{"allow":["GET"]}}],"collection":[{"href":"https:\/\/envol-vert.org\/es\/wp-json\/wp\/v2\/fil_d_actu"}],"about":[{"href":"https:\/\/envol-vert.org\/es\/wp-json\/wp\/v2\/types\/fil_d_actu"}],"version-history":[{"count":12,"href":"https:\/\/envol-vert.org\/es\/wp-json\/wp\/v2\/fil_d_actu\/67466\/revisions"}],"predecessor-version":[{"id":67481,"href":"https:\/\/envol-vert.org\/es\/wp-json\/wp\/v2\/fil_d_actu\/67466\/revisions\/67481"}],"wp:featuredmedia":[{"embeddable":true,"href":"https:\/\/envol-vert.org\/es\/wp-json\/wp\/v2\/media\/67468"}],"wp:attachment":[{"href":"https:\/\/envol-vert.org\/es\/wp-json\/wp\/v2\/media?parent=67466"}],"wp:term":[{"taxonomy":"fils_d_actu_categ","embeddable":true,"href":"https:\/\/envol-vert.org\/es\/wp-json\/wp\/v2\/fils_d_actu_categ?post=67466"}],"curies":[{"name":"wp","href":"https:\/\/api.w.org\/{rel}","templated":true}]}}