{"id":12414,"date":"2015-11-27T02:03:15","date_gmt":"2015-11-27T01:03:15","guid":{"rendered":"http:\/\/envol-vert.org\/?p=12414"},"modified":"2015-12-26T03:27:31","modified_gmt":"2015-12-26T02:27:31","slug":"comunicacion-sobre-el-dia-de-la-reforestacion-en-palomino","status":"publish","type":"post","link":"https:\/\/envol-vert.org\/es\/actualidades\/2015\/11\/comunicacion-sobre-el-dia-de-la-reforestacion-en-palomino\/","title":{"rendered":"Comunicaci\u00f3n sobre el &#8220;D\u00eda de la reforestaci\u00f3n&#8221; en Palomino"},"content":{"rendered":"<p style=\"text-align: justify;\"><a href=\"http:\/\/envol-vert.org\/wp-content\/uploads\/2015\/10\/reforestation_noyermaya_palomino.jpg\"><img decoding=\"async\" class=\"alignleft wp-image-10789 size-medium\" src=\"http:\/\/envol-vert.org\/wp-content\/uploads\/2015\/10\/reforestation_noyermaya_palomino-200x300.jpg\" alt=\"reforestation et noyer maya\" width=\"200\" height=\"300\" srcset=\"https:\/\/envol-vert.org\/wp-content\/uploads\/2015\/10\/reforestation_noyermaya_palomino-200x300.jpg 200w, https:\/\/envol-vert.org\/wp-content\/uploads\/2015\/10\/reforestation_noyermaya_palomino.jpg 683w\" sizes=\"(max-width: 200px) 100vw, 200px\" \/><\/a>Este mes, los dos voluntarios del proyecto &#8220;Restauraci\u00f3n forestal y gu\u00e1imaro&#8221; en la Sierra Nevada de Colombia, pasaron mucho tiempo en la preparaci\u00f3n de un evento \u00fanico: y el 12 de octubre, organizamos una jornada de reforestaci\u00f3n para unos sesenta \u00e1rboles a orillas del r\u00edo Palomino, junto con los ni\u00f1os y el vivero de la aldea. Nuestra idea es de involucrar a los ni\u00f1os en la conservaci\u00f3n de los bosques, por un lado y por otro, el mantenimiento del agua del r\u00edo. Para ello, organizamos talleres dos veces por semana con los ni\u00f1os para concientizarlos sobre el problema del medio ambiente y que \u00e9stos participen ese gran d\u00eda.<br \/>\nEn la zona donde trabajamos, esta tem\u00e1tica del acceso al agua es muy importante pues es indispensable para los cultivos y esencial para el buen funcionamiento de la aldea. Sin embargo, el acceso al agua disminuye mucho los \u00faltimos a\u00f1os y esto se ve f\u00e1cilmente al observar el bajo nivel del r\u00edo. Por otra parte, la poblaci\u00f3n local tambi\u00e9n dice que la intensidad de las lluvias ha disminuido dr\u00e1sticamente desde hace 3 a 4 a\u00f1os.<br \/>\nUstedes se preguntaran de repente \u00bfC\u00f3mo la reforestaci\u00f3n en la cuenca de los r\u00edos impacta el acceso al agua de los habitantes del pueblo? Bueno, en 15 a\u00f1os ya, los \u00e1rboles presentan un dosel (copa de los \u00e1rboles) suficientemente grande para cubrir el r\u00edo y evitar la evaporaci\u00f3n excesiva de agua. Por lo tanto, esta acci\u00f3n permitir\u00e1 mantener m\u00e1s agua en el ecosistema. Adem\u00e1s, esto permite fijar carbono atmosf\u00e9rico a trav\u00e9s del crecimiento de los \u00e1rboles. La plantaci\u00f3n de diferentes especies de \u00e1rboles aumentar\u00e1 la biodiversidad de la Sierra Nevada y brindar\u00e1 muchos otros servicios de los ecosistemas.<br \/>\nAqu\u00ed una foto de las actividades que organizamos con los ni\u00f1os. Ellos construyeron y pintaron letreros de madera reciclada con el fin de colocarlos cerca del \u00e1rbol que cada ni\u00f1o plantar\u00e1 el lunes 12 de octubre.<br \/>\nSi usted tambi\u00e9n desea participar en la reforestaci\u00f3n de la Sierra Nevada y para que nuestro evento tenga a\u00fan m\u00e1s impacto, haga una donaci\u00f3n a Envol Vert, para comprar m\u00e1s \u00e1rboles.<\/p>\n<p style=\"text-align: justify;\"><span style=\"color: #339966;\">Para leer mas sobre el proyecto &#8220;Guaimaro y restauracion forestal&#8221; : <strong><a style=\"color: #339966;\" href=\"https:\/\/envol-vert.org\/es\/pro\/programa-bosques-secos-colombia\/\">aca<\/a><\/strong><\/span><\/p>\n","protected":false},"excerpt":{"rendered":"<p>Este mes, los dos voluntarios del proyecto &#8220;Restauraci\u00f3n forestal y gu\u00e1imaro&#8221; en la Sierra Nevada de Colombia, pasaron mucho tiempo en la preparaci\u00f3n de un evento \u00fanico<\/p>\n","protected":false},"author":114,"featured_media":10790,"comment_status":"closed","ping_status":"closed","sticky":false,"template":"","format":"standard","meta":{"footnotes":""},"categories":[446],"tags":[],"class_list":["post-12414","post","type-post","status-publish","format-standard","has-post-thumbnail","hentry","category-actualidades"],"yoast_head":"<!-- This site is optimized with the Yoast SEO plugin v28.3 - https:\/\/yoast.com\/product\/yoast-seo-wordpress\/ -->\n<title>Comunicaci\u00f3n sobre el &quot;D\u00eda de la reforestaci\u00f3n&quot; en Palomino - Envol Vert<\/title>\n<meta name=\"robots\" content=\"index, follow, max-snippet:-1, max-image-preview:large, max-video-preview:-1\" \/>\n<link rel=\"canonical\" href=\"https:\/\/envol-vert.org\/es\/actualidades\/2015\/11\/comunicacion-sobre-el-dia-de-la-reforestacion-en-palomino\/\" \/>\n<meta property=\"og:locale\" content=\"es_ES\" \/>\n<meta property=\"og:type\" content=\"article\" \/>\n<meta property=\"og:title\" content=\"Comunicaci\u00f3n sobre el &quot;D\u00eda de la reforestaci\u00f3n&quot; en Palomino - Envol Vert\" \/>\n<meta property=\"og:description\" content=\"Este mes, los dos voluntarios del proyecto &quot;Restauraci\u00f3n forestal y gu\u00e1imaro&quot; en la Sierra Nevada de Colombia, pasaron mucho tiempo en la preparaci\u00f3n de un evento \u00fanico\" \/>\n<meta property=\"og:url\" content=\"https:\/\/envol-vert.org\/es\/actualidades\/2015\/11\/comunicacion-sobre-el-dia-de-la-reforestacion-en-palomino\/\" \/>\n<meta property=\"og:site_name\" content=\"Envol Vert\" \/>\n<meta property=\"article:publisher\" content=\"https:\/\/www.facebook.com\/EnvolVertFrance\/\" \/>\n<meta property=\"article:published_time\" content=\"2015-11-27T01:03:15+00:00\" \/>\n<meta property=\"article:modified_time\" content=\"2015-12-26T02:27:31+00:00\" \/>\n<meta property=\"og:image\" content=\"https:\/\/envol-vert.org\/wp-content\/uploads\/2015\/10\/reforestation_noyermaya_palomino2.jpg\" \/>\n\t<meta property=\"og:image:width\" content=\"1024\" \/>\n\t<meta property=\"og:image:height\" content=\"683\" \/>\n\t<meta property=\"og:image:type\" content=\"image\/jpeg\" \/>\n<meta name=\"author\" content=\"Flora Goldgran\" \/>\n<meta name=\"twitter:card\" content=\"summary_large_image\" \/>\n<meta name=\"twitter:creator\" content=\"@Envolvert\" \/>\n<meta name=\"twitter:site\" content=\"@Envolvert\" \/>\n<meta name=\"twitter:label1\" content=\"Escrito por\" \/>\n\t<meta name=\"twitter:data1\" content=\"Flora Goldgran\" \/>\n\t<meta name=\"twitter:label2\" content=\"Tiempo de lectura\" \/>\n\t<meta name=\"twitter:data2\" content=\"2 minutes\" \/>\n<script type=\"application\/ld+json\" class=\"yoast-schema-graph\">{\"@context\":\"https:\\\/\\\/schema.org\",\"@graph\":[{\"@type\":\"Article\",\"@id\":\"https:\\\/\\\/envol-vert.org\\\/es\\\/actualidades\\\/2015\\\/11\\\/comunicacion-sobre-el-dia-de-la-reforestacion-en-palomino\\\/#article\",\"isPartOf\":{\"@id\":\"https:\\\/\\\/envol-vert.org\\\/es\\\/actualidades\\\/2015\\\/11\\\/comunicacion-sobre-el-dia-de-la-reforestacion-en-palomino\\\/\"},\"author\":{\"name\":\"Flora Goldgran\",\"@id\":\"https:\\\/\\\/envol-vert.org\\\/es\\\/#\\\/schema\\\/person\\\/d447db29a23d628c2c97a693bd0eb7cd\"},\"headline\":\"Comunicaci\u00f3n sobre el &#8220;D\u00eda de la reforestaci\u00f3n&#8221; en Palomino\",\"datePublished\":\"2015-11-27T01:03:15+00:00\",\"dateModified\":\"2015-12-26T02:27:31+00:00\",\"mainEntityOfPage\":{\"@id\":\"https:\\\/\\\/envol-vert.org\\\/es\\\/actualidades\\\/2015\\\/11\\\/comunicacion-sobre-el-dia-de-la-reforestacion-en-palomino\\\/\"},\"wordCount\":405,\"publisher\":{\"@id\":\"https:\\\/\\\/envol-vert.org\\\/es\\\/#organization\"},\"image\":{\"@id\":\"https:\\\/\\\/envol-vert.org\\\/es\\\/actualidades\\\/2015\\\/11\\\/comunicacion-sobre-el-dia-de-la-reforestacion-en-palomino\\\/#primaryimage\"},\"thumbnailUrl\":\"https:\\\/\\\/envol-vert.org\\\/wp-content\\\/uploads\\\/2015\\\/10\\\/reforestation_noyermaya_palomino2.jpg\",\"articleSection\":[\"Actualidades\"],\"inLanguage\":\"es-ES\"},{\"@type\":\"WebPage\",\"@id\":\"https:\\\/\\\/envol-vert.org\\\/es\\\/actualidades\\\/2015\\\/11\\\/comunicacion-sobre-el-dia-de-la-reforestacion-en-palomino\\\/\",\"url\":\"https:\\\/\\\/envol-vert.org\\\/es\\\/actualidades\\\/2015\\\/11\\\/comunicacion-sobre-el-dia-de-la-reforestacion-en-palomino\\\/\",\"name\":\"Comunicaci\u00f3n sobre el \\\"D\u00eda de la reforestaci\u00f3n\\\" en Palomino - Envol Vert\",\"isPartOf\":{\"@id\":\"https:\\\/\\\/envol-vert.org\\\/es\\\/#website\"},\"primaryImageOfPage\":{\"@id\":\"https:\\\/\\\/envol-vert.org\\\/es\\\/actualidades\\\/2015\\\/11\\\/comunicacion-sobre-el-dia-de-la-reforestacion-en-palomino\\\/#primaryimage\"},\"image\":{\"@id\":\"https:\\\/\\\/envol-vert.org\\\/es\\\/actualidades\\\/2015\\\/11\\\/comunicacion-sobre-el-dia-de-la-reforestacion-en-palomino\\\/#primaryimage\"},\"thumbnailUrl\":\"https:\\\/\\\/envol-vert.org\\\/wp-content\\\/uploads\\\/2015\\\/10\\\/reforestation_noyermaya_palomino2.jpg\",\"datePublished\":\"2015-11-27T01:03:15+00:00\",\"dateModified\":\"2015-12-26T02:27:31+00:00\",\"breadcrumb\":{\"@id\":\"https:\\\/\\\/envol-vert.org\\\/es\\\/actualidades\\\/2015\\\/11\\\/comunicacion-sobre-el-dia-de-la-reforestacion-en-palomino\\\/#breadcrumb\"},\"inLanguage\":\"es-ES\",\"potentialAction\":[{\"@type\":\"ReadAction\",\"target\":[\"https:\\\/\\\/envol-vert.org\\\/es\\\/actualidades\\\/2015\\\/11\\\/comunicacion-sobre-el-dia-de-la-reforestacion-en-palomino\\\/\"]}]},{\"@type\":\"ImageObject\",\"inLanguage\":\"es-ES\",\"@id\":\"https:\\\/\\\/envol-vert.org\\\/es\\\/actualidades\\\/2015\\\/11\\\/comunicacion-sobre-el-dia-de-la-reforestacion-en-palomino\\\/#primaryimage\",\"url\":\"https:\\\/\\\/envol-vert.org\\\/wp-content\\\/uploads\\\/2015\\\/10\\\/reforestation_noyermaya_palomino2.jpg\",\"contentUrl\":\"https:\\\/\\\/envol-vert.org\\\/wp-content\\\/uploads\\\/2015\\\/10\\\/reforestation_noyermaya_palomino2.jpg\",\"width\":1024,\"height\":683,\"caption\":\"reforestation et noyer maya\"},{\"@type\":\"BreadcrumbList\",\"@id\":\"https:\\\/\\\/envol-vert.org\\\/es\\\/actualidades\\\/2015\\\/11\\\/comunicacion-sobre-el-dia-de-la-reforestacion-en-palomino\\\/#breadcrumb\",\"itemListElement\":[{\"@type\":\"ListItem\",\"position\":1,\"name\":\"Accueil\",\"item\":\"https:\\\/\\\/envol-vert.org\\\/es\\\/\"},{\"@type\":\"ListItem\",\"position\":2,\"name\":\"Comunicaci\u00f3n sobre el \u00ab\u00a0D\u00eda de la reforestaci\u00f3n\u00a0\u00bb en Palomino\"}]},{\"@type\":\"WebSite\",\"@id\":\"https:\\\/\\\/envol-vert.org\\\/es\\\/#website\",\"url\":\"https:\\\/\\\/envol-vert.org\\\/es\\\/\",\"name\":\"Envol Vert\",\"description\":\"La for\u00eat nous rend service, rendons le lui.\",\"publisher\":{\"@id\":\"https:\\\/\\\/envol-vert.org\\\/es\\\/#organization\"},\"potentialAction\":[{\"@type\":\"SearchAction\",\"target\":{\"@type\":\"EntryPoint\",\"urlTemplate\":\"https:\\\/\\\/envol-vert.org\\\/es\\\/?s={search_term_string}\"},\"query-input\":{\"@type\":\"PropertyValueSpecification\",\"valueRequired\":true,\"valueName\":\"search_term_string\"}}],\"inLanguage\":\"es-ES\"},{\"@type\":\"Organization\",\"@id\":\"https:\\\/\\\/envol-vert.org\\\/es\\\/#organization\",\"name\":\"Envol Vert\",\"url\":\"https:\\\/\\\/envol-vert.org\\\/es\\\/\",\"logo\":{\"@type\":\"ImageObject\",\"inLanguage\":\"es-ES\",\"@id\":\"https:\\\/\\\/envol-vert.org\\\/es\\\/#\\\/schema\\\/logo\\\/image\\\/\",\"url\":\"https:\\\/\\\/envol-vert.org\\\/wp-content\\\/uploads\\\/2021\\\/03\\\/Logo-icone-site.png\",\"contentUrl\":\"https:\\\/\\\/envol-vert.org\\\/wp-content\\\/uploads\\\/2021\\\/03\\\/Logo-icone-site.png\",\"width\":512,\"height\":512,\"caption\":\"Envol Vert\"},\"image\":{\"@id\":\"https:\\\/\\\/envol-vert.org\\\/es\\\/#\\\/schema\\\/logo\\\/image\\\/\"},\"sameAs\":[\"https:\\\/\\\/www.facebook.com\\\/EnvolVertFrance\\\/\",\"https:\\\/\\\/x.com\\\/Envolvert\",\"https:\\\/\\\/www.instagram.com\\\/envol_vert_france\\\/\",\"https:\\\/\\\/www.linkedin.com\\\/company\\\/envolvert\\\/\",\"https:\\\/\\\/www.youtube.com\\\/c\\\/EnvolVert\"]},{\"@type\":\"Person\",\"@id\":\"https:\\\/\\\/envol-vert.org\\\/es\\\/#\\\/schema\\\/person\\\/d447db29a23d628c2c97a693bd0eb7cd\",\"name\":\"Flora Goldgran\",\"image\":{\"@type\":\"ImageObject\",\"inLanguage\":\"es-ES\",\"@id\":\"https:\\\/\\\/secure.gravatar.com\\\/avatar\\\/f79756b4fc93001db23834d147f2e7beff056665b5b12c840f6a7ad817d6f314?s=96&d=mm&r=g\",\"url\":\"https:\\\/\\\/secure.gravatar.com\\\/avatar\\\/f79756b4fc93001db23834d147f2e7beff056665b5b12c840f6a7ad817d6f314?s=96&d=mm&r=g\",\"contentUrl\":\"https:\\\/\\\/secure.gravatar.com\\\/avatar\\\/f79756b4fc93001db23834d147f2e7beff056665b5b12c840f6a7ad817d6f314?s=96&d=mm&r=g\",\"caption\":\"Flora Goldgran\"},\"url\":\"https:\\\/\\\/envol-vert.org\\\/es\\\/author\\\/flora\\\/\"}]}<\/script>\n<!-- \/ Yoast SEO plugin. -->","yoast_head_json":{"title":"Comunicaci\u00f3n sobre el \"D\u00eda de la reforestaci\u00f3n\" en Palomino - Envol Vert","robots":{"index":"index","follow":"follow","max-snippet":"max-snippet:-1","max-image-preview":"max-image-preview:large","max-video-preview":"max-video-preview:-1"},"canonical":"https:\/\/envol-vert.org\/es\/actualidades\/2015\/11\/comunicacion-sobre-el-dia-de-la-reforestacion-en-palomino\/","og_locale":"es_ES","og_type":"article","og_title":"Comunicaci\u00f3n sobre el \"D\u00eda de la reforestaci\u00f3n\" en Palomino - Envol Vert","og_description":"Este mes, los dos voluntarios del proyecto \"Restauraci\u00f3n forestal y gu\u00e1imaro\" en la Sierra Nevada de Colombia, pasaron mucho tiempo en la preparaci\u00f3n de un evento \u00fanico","og_url":"https:\/\/envol-vert.org\/es\/actualidades\/2015\/11\/comunicacion-sobre-el-dia-de-la-reforestacion-en-palomino\/","og_site_name":"Envol Vert","article_publisher":"https:\/\/www.facebook.com\/EnvolVertFrance\/","article_published_time":"2015-11-27T01:03:15+00:00","article_modified_time":"2015-12-26T02:27:31+00:00","og_image":[{"width":1024,"height":683,"url":"https:\/\/envol-vert.org\/wp-content\/uploads\/2015\/10\/reforestation_noyermaya_palomino2.jpg","type":"image\/jpeg"}],"author":"Flora Goldgran","twitter_card":"summary_large_image","twitter_creator":"@Envolvert","twitter_site":"@Envolvert","twitter_misc":{"Escrito por":"Flora Goldgran","Tiempo de lectura":"2 minutes"},"schema":{"@context":"https:\/\/schema.org","@graph":[{"@type":"Article","@id":"https:\/\/envol-vert.org\/es\/actualidades\/2015\/11\/comunicacion-sobre-el-dia-de-la-reforestacion-en-palomino\/#article","isPartOf":{"@id":"https:\/\/envol-vert.org\/es\/actualidades\/2015\/11\/comunicacion-sobre-el-dia-de-la-reforestacion-en-palomino\/"},"author":{"name":"Flora Goldgran","@id":"https:\/\/envol-vert.org\/es\/#\/schema\/person\/d447db29a23d628c2c97a693bd0eb7cd"},"headline":"Comunicaci\u00f3n sobre el &#8220;D\u00eda de la reforestaci\u00f3n&#8221; en Palomino","datePublished":"2015-11-27T01:03:15+00:00","dateModified":"2015-12-26T02:27:31+00:00","mainEntityOfPage":{"@id":"https:\/\/envol-vert.org\/es\/actualidades\/2015\/11\/comunicacion-sobre-el-dia-de-la-reforestacion-en-palomino\/"},"wordCount":405,"publisher":{"@id":"https:\/\/envol-vert.org\/es\/#organization"},"image":{"@id":"https:\/\/envol-vert.org\/es\/actualidades\/2015\/11\/comunicacion-sobre-el-dia-de-la-reforestacion-en-palomino\/#primaryimage"},"thumbnailUrl":"https:\/\/envol-vert.org\/wp-content\/uploads\/2015\/10\/reforestation_noyermaya_palomino2.jpg","articleSection":["Actualidades"],"inLanguage":"es-ES"},{"@type":"WebPage","@id":"https:\/\/envol-vert.org\/es\/actualidades\/2015\/11\/comunicacion-sobre-el-dia-de-la-reforestacion-en-palomino\/","url":"https:\/\/envol-vert.org\/es\/actualidades\/2015\/11\/comunicacion-sobre-el-dia-de-la-reforestacion-en-palomino\/","name":"Comunicaci\u00f3n sobre el \"D\u00eda de la reforestaci\u00f3n\" en Palomino - Envol Vert","isPartOf":{"@id":"https:\/\/envol-vert.org\/es\/#website"},"primaryImageOfPage":{"@id":"https:\/\/envol-vert.org\/es\/actualidades\/2015\/11\/comunicacion-sobre-el-dia-de-la-reforestacion-en-palomino\/#primaryimage"},"image":{"@id":"https:\/\/envol-vert.org\/es\/actualidades\/2015\/11\/comunicacion-sobre-el-dia-de-la-reforestacion-en-palomino\/#primaryimage"},"thumbnailUrl":"https:\/\/envol-vert.org\/wp-content\/uploads\/2015\/10\/reforestation_noyermaya_palomino2.jpg","datePublished":"2015-11-27T01:03:15+00:00","dateModified":"2015-12-26T02:27:31+00:00","breadcrumb":{"@id":"https:\/\/envol-vert.org\/es\/actualidades\/2015\/11\/comunicacion-sobre-el-dia-de-la-reforestacion-en-palomino\/#breadcrumb"},"inLanguage":"es-ES","potentialAction":[{"@type":"ReadAction","target":["https:\/\/envol-vert.org\/es\/actualidades\/2015\/11\/comunicacion-sobre-el-dia-de-la-reforestacion-en-palomino\/"]}]},{"@type":"ImageObject","inLanguage":"es-ES","@id":"https:\/\/envol-vert.org\/es\/actualidades\/2015\/11\/comunicacion-sobre-el-dia-de-la-reforestacion-en-palomino\/#primaryimage","url":"https:\/\/envol-vert.org\/wp-content\/uploads\/2015\/10\/reforestation_noyermaya_palomino2.jpg","contentUrl":"https:\/\/envol-vert.org\/wp-content\/uploads\/2015\/10\/reforestation_noyermaya_palomino2.jpg","width":1024,"height":683,"caption":"reforestation et noyer maya"},{"@type":"BreadcrumbList","@id":"https:\/\/envol-vert.org\/es\/actualidades\/2015\/11\/comunicacion-sobre-el-dia-de-la-reforestacion-en-palomino\/#breadcrumb","itemListElement":[{"@type":"ListItem","position":1,"name":"Accueil","item":"https:\/\/envol-vert.org\/es\/"},{"@type":"ListItem","position":2,"name":"Comunicaci\u00f3n sobre el \u00ab\u00a0D\u00eda de la reforestaci\u00f3n\u00a0\u00bb en Palomino"}]},{"@type":"WebSite","@id":"https:\/\/envol-vert.org\/es\/#website","url":"https:\/\/envol-vert.org\/es\/","name":"Envol Vert","description":"La for\u00eat nous rend service, rendons le lui.","publisher":{"@id":"https:\/\/envol-vert.org\/es\/#organization"},"potentialAction":[{"@type":"SearchAction","target":{"@type":"EntryPoint","urlTemplate":"https:\/\/envol-vert.org\/es\/?s={search_term_string}"},"query-input":{"@type":"PropertyValueSpecification","valueRequired":true,"valueName":"search_term_string"}}],"inLanguage":"es-ES"},{"@type":"Organization","@id":"https:\/\/envol-vert.org\/es\/#organization","name":"Envol Vert","url":"https:\/\/envol-vert.org\/es\/","logo":{"@type":"ImageObject","inLanguage":"es-ES","@id":"https:\/\/envol-vert.org\/es\/#\/schema\/logo\/image\/","url":"https:\/\/envol-vert.org\/wp-content\/uploads\/2021\/03\/Logo-icone-site.png","contentUrl":"https:\/\/envol-vert.org\/wp-content\/uploads\/2021\/03\/Logo-icone-site.png","width":512,"height":512,"caption":"Envol Vert"},"image":{"@id":"https:\/\/envol-vert.org\/es\/#\/schema\/logo\/image\/"},"sameAs":["https:\/\/www.facebook.com\/EnvolVertFrance\/","https:\/\/x.com\/Envolvert","https:\/\/www.instagram.com\/envol_vert_france\/","https:\/\/www.linkedin.com\/company\/envolvert\/","https:\/\/www.youtube.com\/c\/EnvolVert"]},{"@type":"Person","@id":"https:\/\/envol-vert.org\/es\/#\/schema\/person\/d447db29a23d628c2c97a693bd0eb7cd","name":"Flora Goldgran","image":{"@type":"ImageObject","inLanguage":"es-ES","@id":"https:\/\/secure.gravatar.com\/avatar\/f79756b4fc93001db23834d147f2e7beff056665b5b12c840f6a7ad817d6f314?s=96&d=mm&r=g","url":"https:\/\/secure.gravatar.com\/avatar\/f79756b4fc93001db23834d147f2e7beff056665b5b12c840f6a7ad817d6f314?s=96&d=mm&r=g","contentUrl":"https:\/\/secure.gravatar.com\/avatar\/f79756b4fc93001db23834d147f2e7beff056665b5b12c840f6a7ad817d6f314?s=96&d=mm&r=g","caption":"Flora Goldgran"},"url":"https:\/\/envol-vert.org\/es\/author\/flora\/"}]}},"_links":{"self":[{"href":"https:\/\/envol-vert.org\/es\/wp-json\/wp\/v2\/posts\/12414","targetHints":{"allow":["GET"]}}],"collection":[{"href":"https:\/\/envol-vert.org\/es\/wp-json\/wp\/v2\/posts"}],"about":[{"href":"https:\/\/envol-vert.org\/es\/wp-json\/wp\/v2\/types\/post"}],"author":[{"embeddable":true,"href":"https:\/\/envol-vert.org\/es\/wp-json\/wp\/v2\/users\/114"}],"replies":[{"embeddable":true,"href":"https:\/\/envol-vert.org\/es\/wp-json\/wp\/v2\/comments?post=12414"}],"version-history":[{"count":0,"href":"https:\/\/envol-vert.org\/es\/wp-json\/wp\/v2\/posts\/12414\/revisions"}],"wp:featuredmedia":[{"embeddable":true,"href":"https:\/\/envol-vert.org\/es\/wp-json\/wp\/v2\/media\/10790"}],"wp:attachment":[{"href":"https:\/\/envol-vert.org\/es\/wp-json\/wp\/v2\/media?parent=12414"}],"wp:term":[{"taxonomy":"category","embeddable":true,"href":"https:\/\/envol-vert.org\/es\/wp-json\/wp\/v2\/categories?post=12414"},{"taxonomy":"post_tag","embeddable":true,"href":"https:\/\/envol-vert.org\/es\/wp-json\/wp\/v2\/tags?post=12414"}],"curies":[{"name":"wp","href":"https:\/\/api.w.org\/{rel}","templated":true}]}}