{"id":13475,"date":"2016-02-15T22:09:29","date_gmt":"2016-02-15T21:09:29","guid":{"rendered":"http:\/\/envol-vert.org\/?p=13475"},"modified":"2016-02-15T22:09:29","modified_gmt":"2016-02-15T21:09:29","slug":"nuevas-implementaciones-tecnicas-en-las-parcelas","status":"publish","type":"post","link":"https:\/\/envol-vert.org\/es\/actualidades\/2016\/02\/nuevas-implementaciones-tecnicas-en-las-parcelas\/","title":{"rendered":"Nuevas implementaciones tecnicas en las parcelas"},"content":{"rendered":"<p style=\"text-align: justify;\">El proyecto \u201c<a href=\"https:\/\/envol-vert.org\/es\/pro\/programa-bosques-secos-colombia\/\">Guaimaro y ganader\u00eda sostenible<\/a>\u201d inicia el a\u00f1o con la visita del voluntario Nicolas Maraval, experto en permacultura y sistemas agroecol\u00f3gicos.<\/p>\n<p style=\"text-align: justify;\"><a href=\"http:\/\/envol-vert.org\/wp-content\/uploads\/2016\/02\/Jardin-potager-permaculture.jpg\"><img decoding=\"async\" class=\"alignleft wp-image-13467 size-medium\" title=\"Huerta permacultura\" src=\"http:\/\/envol-vert.org\/wp-content\/uploads\/2016\/02\/Jardin-potager-permaculture-300x225.jpg\" alt=\"Huerta permacultura\" width=\"300\" height=\"225\" srcset=\"https:\/\/envol-vert.org\/wp-content\/uploads\/2016\/02\/Jardin-potager-permaculture-300x225.jpg 300w, https:\/\/envol-vert.org\/wp-content\/uploads\/2016\/02\/Jardin-potager-permaculture-768x576.jpg 768w, https:\/\/envol-vert.org\/wp-content\/uploads\/2016\/02\/Jardin-potager-permaculture-1024x768.jpg 1024w, https:\/\/envol-vert.org\/wp-content\/uploads\/2016\/02\/Jardin-potager-permaculture.jpg 4000w\" sizes=\"(max-width: 300px) 100vw, 300px\" \/><\/a>Durante su estanc\u00eda, se organizo una obra participativa en donde los beneficiarios disfrutaron de su experiencia e implementaron t\u00e9cnicas para proteger el suelo, ahorrar agua y mejorar el dise\u00f1o de sus parcelas en agroforesteria. Adem\u00e1s, otro aporte de Nicolas fue la asesor\u00eda a las mujeres de la comunidad para la elaboraci\u00f3n de una nueva huerta cerca a sus viviendas, en donde ellas descubrieron los principios de la permacultura y en conjunto hicieron sus aportes para la construcci\u00f3n de su huerta.<\/p>\n<p style=\"text-align: justify;\"><a href=\"http:\/\/envol-vert.org\/wp-content\/uploads\/2016\/02\/image-3.jpg\"><img decoding=\"async\" class=\"alignright wp-image-13459 size-medium\" title=\"Sensibilizaci\u00f3n de los ni\u00f1os al cuidado del medio ambiente\" src=\"http:\/\/envol-vert.org\/wp-content\/uploads\/2016\/02\/image-3-300x225.jpg\" alt=\"Sensibilizaci\u00f3n de los ni\u00f1os al cuidado del medio ambiente\" width=\"300\" height=\"225\" srcset=\"https:\/\/envol-vert.org\/wp-content\/uploads\/2016\/02\/image-3-300x225.jpg 300w, https:\/\/envol-vert.org\/wp-content\/uploads\/2016\/02\/image-3-768x576.jpg 768w, https:\/\/envol-vert.org\/wp-content\/uploads\/2016\/02\/image-3-1024x768.jpg 1024w, https:\/\/envol-vert.org\/wp-content\/uploads\/2016\/02\/image-3.jpg 4608w\" sizes=\"(max-width: 300px) 100vw, 300px\" \/><\/a><\/p>\n<p style=\"text-align: justify;\">Por otro lado, siguiendo con la sensibilizaci\u00f3n al cuidado del medio ambiente, el proyecto brindo a los ni\u00f1os de la comunidad una tarde de cine, con la pel\u00edcula \u201cColombia Magia Salvaje\u201d, en esta pel\u00edcula los ni\u00f1os vieron la megadiversidad que presenta su pa\u00eds y la importancia de cuidar de ella.<\/p>\n<p>Leer mas sobre este proyecto \u201c<a href=\"https:\/\/envol-vert.org\/es\/pro\/programa-bosques-secos-colombia\/\">Guaimaro y ganaderia sostenible<\/a>\u201c<\/p>\n","protected":false},"excerpt":{"rendered":"<p>El proyecto \u201cGuaimaro y ganader\u00eda sostenible\u201d inicia el a\u00f1o con la visita del voluntario Nicolas Maraval, experto en permacultura y sistemas agroecol\u00f3gicos.<\/p>\n","protected":false},"author":114,"featured_media":13458,"comment_status":"closed","ping_status":"closed","sticky":false,"template":"","format":"standard","meta":{"footnotes":""},"categories":[446],"tags":[],"class_list":["post-13475","post","type-post","status-publish","format-standard","has-post-thumbnail","hentry","category-actualidades"],"yoast_head":"<!-- This site is optimized with the Yoast SEO plugin v28.3 - https:\/\/yoast.com\/product\/yoast-seo-wordpress\/ -->\n<title>Nuevas implementaciones tecnicas en las parcelas - Envol Vert<\/title>\n<meta name=\"description\" content=\"El proyecto \u201cGuaimaro y ganader\u00eda sostenible\u201d inicia el a\u00f1o con la visita del voluntario Nicolas Maraval, experto en permacultura y sistemas agroecol\u00f3gicos.\" \/>\n<meta name=\"robots\" content=\"index, follow, max-snippet:-1, max-image-preview:large, max-video-preview:-1\" \/>\n<link rel=\"canonical\" href=\"https:\/\/envol-vert.org\/es\/actualidades\/2016\/02\/nuevas-implementaciones-tecnicas-en-las-parcelas\/\" \/>\n<meta property=\"og:locale\" content=\"es_ES\" \/>\n<meta property=\"og:type\" content=\"article\" \/>\n<meta property=\"og:title\" content=\"Nuevas implementaciones tecnicas en las parcelas - Envol Vert\" \/>\n<meta property=\"og:description\" content=\"El proyecto \u201cGuaimaro y ganader\u00eda sostenible\u201d inicia el a\u00f1o con la visita del voluntario Nicolas Maraval, experto en permacultura y sistemas agroecol\u00f3gicos.\" \/>\n<meta property=\"og:url\" content=\"https:\/\/envol-vert.org\/es\/actualidades\/2016\/02\/nuevas-implementaciones-tecnicas-en-las-parcelas\/\" \/>\n<meta property=\"og:site_name\" content=\"Envol Vert\" \/>\n<meta property=\"article:publisher\" content=\"https:\/\/www.facebook.com\/EnvolVertFrance\/\" \/>\n<meta property=\"article:published_time\" content=\"2016-02-15T21:09:29+00:00\" \/>\n<meta property=\"og:image\" content=\"https:\/\/envol-vert.org\/wp-content\/uploads\/2016\/02\/image-1-2.jpg\" \/>\n\t<meta property=\"og:image:width\" content=\"2048\" \/>\n\t<meta property=\"og:image:height\" content=\"1536\" \/>\n\t<meta property=\"og:image:type\" content=\"image\/jpeg\" \/>\n<meta name=\"author\" content=\"Flora Goldgran\" \/>\n<meta name=\"twitter:card\" content=\"summary_large_image\" \/>\n<meta name=\"twitter:creator\" content=\"@Envolvert\" \/>\n<meta name=\"twitter:site\" content=\"@Envolvert\" \/>\n<meta name=\"twitter:label1\" content=\"Escrito por\" \/>\n\t<meta name=\"twitter:data1\" content=\"Flora Goldgran\" \/>\n\t<meta name=\"twitter:label2\" content=\"Tiempo de lectura\" \/>\n\t<meta name=\"twitter:data2\" content=\"1 minute\" \/>\n<script type=\"application\/ld+json\" class=\"yoast-schema-graph\">{\"@context\":\"https:\\\/\\\/schema.org\",\"@graph\":[{\"@type\":\"Article\",\"@id\":\"https:\\\/\\\/envol-vert.org\\\/es\\\/actualidades\\\/2016\\\/02\\\/nuevas-implementaciones-tecnicas-en-las-parcelas\\\/#article\",\"isPartOf\":{\"@id\":\"https:\\\/\\\/envol-vert.org\\\/es\\\/actualidades\\\/2016\\\/02\\\/nuevas-implementaciones-tecnicas-en-las-parcelas\\\/\"},\"author\":{\"name\":\"Flora Goldgran\",\"@id\":\"https:\\\/\\\/envol-vert.org\\\/es\\\/#\\\/schema\\\/person\\\/d447db29a23d628c2c97a693bd0eb7cd\"},\"headline\":\"Nuevas implementaciones tecnicas en las parcelas\",\"datePublished\":\"2016-02-15T21:09:29+00:00\",\"mainEntityOfPage\":{\"@id\":\"https:\\\/\\\/envol-vert.org\\\/es\\\/actualidades\\\/2016\\\/02\\\/nuevas-implementaciones-tecnicas-en-las-parcelas\\\/\"},\"wordCount\":183,\"publisher\":{\"@id\":\"https:\\\/\\\/envol-vert.org\\\/es\\\/#organization\"},\"image\":{\"@id\":\"https:\\\/\\\/envol-vert.org\\\/es\\\/actualidades\\\/2016\\\/02\\\/nuevas-implementaciones-tecnicas-en-las-parcelas\\\/#primaryimage\"},\"thumbnailUrl\":\"https:\\\/\\\/envol-vert.org\\\/wp-content\\\/uploads\\\/2016\\\/02\\\/image-1-2.jpg\",\"articleSection\":[\"Actualidades\"],\"inLanguage\":\"es-ES\"},{\"@type\":\"WebPage\",\"@id\":\"https:\\\/\\\/envol-vert.org\\\/es\\\/actualidades\\\/2016\\\/02\\\/nuevas-implementaciones-tecnicas-en-las-parcelas\\\/\",\"url\":\"https:\\\/\\\/envol-vert.org\\\/es\\\/actualidades\\\/2016\\\/02\\\/nuevas-implementaciones-tecnicas-en-las-parcelas\\\/\",\"name\":\"Nuevas implementaciones tecnicas en las parcelas - Envol Vert\",\"isPartOf\":{\"@id\":\"https:\\\/\\\/envol-vert.org\\\/es\\\/#website\"},\"primaryImageOfPage\":{\"@id\":\"https:\\\/\\\/envol-vert.org\\\/es\\\/actualidades\\\/2016\\\/02\\\/nuevas-implementaciones-tecnicas-en-las-parcelas\\\/#primaryimage\"},\"image\":{\"@id\":\"https:\\\/\\\/envol-vert.org\\\/es\\\/actualidades\\\/2016\\\/02\\\/nuevas-implementaciones-tecnicas-en-las-parcelas\\\/#primaryimage\"},\"thumbnailUrl\":\"https:\\\/\\\/envol-vert.org\\\/wp-content\\\/uploads\\\/2016\\\/02\\\/image-1-2.jpg\",\"datePublished\":\"2016-02-15T21:09:29+00:00\",\"description\":\"El proyecto \u201cGuaimaro y ganader\u00eda sostenible\u201d inicia el a\u00f1o con la visita del voluntario Nicolas Maraval, experto en permacultura y sistemas agroecol\u00f3gicos.\",\"breadcrumb\":{\"@id\":\"https:\\\/\\\/envol-vert.org\\\/es\\\/actualidades\\\/2016\\\/02\\\/nuevas-implementaciones-tecnicas-en-las-parcelas\\\/#breadcrumb\"},\"inLanguage\":\"es-ES\",\"potentialAction\":[{\"@type\":\"ReadAction\",\"target\":[\"https:\\\/\\\/envol-vert.org\\\/es\\\/actualidades\\\/2016\\\/02\\\/nuevas-implementaciones-tecnicas-en-las-parcelas\\\/\"]}]},{\"@type\":\"ImageObject\",\"inLanguage\":\"es-ES\",\"@id\":\"https:\\\/\\\/envol-vert.org\\\/es\\\/actualidades\\\/2016\\\/02\\\/nuevas-implementaciones-tecnicas-en-las-parcelas\\\/#primaryimage\",\"url\":\"https:\\\/\\\/envol-vert.org\\\/wp-content\\\/uploads\\\/2016\\\/02\\\/image-1-2.jpg\",\"contentUrl\":\"https:\\\/\\\/envol-vert.org\\\/wp-content\\\/uploads\\\/2016\\\/02\\\/image-1-2.jpg\",\"width\":2048,\"height\":1536,\"caption\":\"Our local partner farmers get stuck in on a community works project\"},{\"@type\":\"BreadcrumbList\",\"@id\":\"https:\\\/\\\/envol-vert.org\\\/es\\\/actualidades\\\/2016\\\/02\\\/nuevas-implementaciones-tecnicas-en-las-parcelas\\\/#breadcrumb\",\"itemListElement\":[{\"@type\":\"ListItem\",\"position\":1,\"name\":\"Accueil\",\"item\":\"https:\\\/\\\/envol-vert.org\\\/es\\\/\"},{\"@type\":\"ListItem\",\"position\":2,\"name\":\"Nuevas implementaciones tecnicas en las parcelas\"}]},{\"@type\":\"WebSite\",\"@id\":\"https:\\\/\\\/envol-vert.org\\\/es\\\/#website\",\"url\":\"https:\\\/\\\/envol-vert.org\\\/es\\\/\",\"name\":\"Envol Vert\",\"description\":\"La for\u00eat nous rend service, rendons le lui.\",\"publisher\":{\"@id\":\"https:\\\/\\\/envol-vert.org\\\/es\\\/#organization\"},\"potentialAction\":[{\"@type\":\"SearchAction\",\"target\":{\"@type\":\"EntryPoint\",\"urlTemplate\":\"https:\\\/\\\/envol-vert.org\\\/es\\\/?s={search_term_string}\"},\"query-input\":{\"@type\":\"PropertyValueSpecification\",\"valueRequired\":true,\"valueName\":\"search_term_string\"}}],\"inLanguage\":\"es-ES\"},{\"@type\":\"Organization\",\"@id\":\"https:\\\/\\\/envol-vert.org\\\/es\\\/#organization\",\"name\":\"Envol Vert\",\"url\":\"https:\\\/\\\/envol-vert.org\\\/es\\\/\",\"logo\":{\"@type\":\"ImageObject\",\"inLanguage\":\"es-ES\",\"@id\":\"https:\\\/\\\/envol-vert.org\\\/es\\\/#\\\/schema\\\/logo\\\/image\\\/\",\"url\":\"https:\\\/\\\/envol-vert.org\\\/wp-content\\\/uploads\\\/2021\\\/03\\\/Logo-icone-site.png\",\"contentUrl\":\"https:\\\/\\\/envol-vert.org\\\/wp-content\\\/uploads\\\/2021\\\/03\\\/Logo-icone-site.png\",\"width\":512,\"height\":512,\"caption\":\"Envol Vert\"},\"image\":{\"@id\":\"https:\\\/\\\/envol-vert.org\\\/es\\\/#\\\/schema\\\/logo\\\/image\\\/\"},\"sameAs\":[\"https:\\\/\\\/www.facebook.com\\\/EnvolVertFrance\\\/\",\"https:\\\/\\\/x.com\\\/Envolvert\",\"https:\\\/\\\/www.instagram.com\\\/envol_vert_france\\\/\",\"https:\\\/\\\/www.linkedin.com\\\/company\\\/envolvert\\\/\",\"https:\\\/\\\/www.youtube.com\\\/c\\\/EnvolVert\"]},{\"@type\":\"Person\",\"@id\":\"https:\\\/\\\/envol-vert.org\\\/es\\\/#\\\/schema\\\/person\\\/d447db29a23d628c2c97a693bd0eb7cd\",\"name\":\"Flora Goldgran\",\"image\":{\"@type\":\"ImageObject\",\"inLanguage\":\"es-ES\",\"@id\":\"https:\\\/\\\/secure.gravatar.com\\\/avatar\\\/f79756b4fc93001db23834d147f2e7beff056665b5b12c840f6a7ad817d6f314?s=96&d=mm&r=g\",\"url\":\"https:\\\/\\\/secure.gravatar.com\\\/avatar\\\/f79756b4fc93001db23834d147f2e7beff056665b5b12c840f6a7ad817d6f314?s=96&d=mm&r=g\",\"contentUrl\":\"https:\\\/\\\/secure.gravatar.com\\\/avatar\\\/f79756b4fc93001db23834d147f2e7beff056665b5b12c840f6a7ad817d6f314?s=96&d=mm&r=g\",\"caption\":\"Flora Goldgran\"},\"url\":\"https:\\\/\\\/envol-vert.org\\\/es\\\/author\\\/flora\\\/\"}]}<\/script>\n<!-- \/ Yoast SEO plugin. -->","yoast_head_json":{"title":"Nuevas implementaciones tecnicas en las parcelas - Envol Vert","description":"El proyecto \u201cGuaimaro y ganader\u00eda sostenible\u201d inicia el a\u00f1o con la visita del voluntario Nicolas Maraval, experto en permacultura y sistemas agroecol\u00f3gicos.","robots":{"index":"index","follow":"follow","max-snippet":"max-snippet:-1","max-image-preview":"max-image-preview:large","max-video-preview":"max-video-preview:-1"},"canonical":"https:\/\/envol-vert.org\/es\/actualidades\/2016\/02\/nuevas-implementaciones-tecnicas-en-las-parcelas\/","og_locale":"es_ES","og_type":"article","og_title":"Nuevas implementaciones tecnicas en las parcelas - Envol Vert","og_description":"El proyecto \u201cGuaimaro y ganader\u00eda sostenible\u201d inicia el a\u00f1o con la visita del voluntario Nicolas Maraval, experto en permacultura y sistemas agroecol\u00f3gicos.","og_url":"https:\/\/envol-vert.org\/es\/actualidades\/2016\/02\/nuevas-implementaciones-tecnicas-en-las-parcelas\/","og_site_name":"Envol Vert","article_publisher":"https:\/\/www.facebook.com\/EnvolVertFrance\/","article_published_time":"2016-02-15T21:09:29+00:00","og_image":[{"width":2048,"height":1536,"url":"https:\/\/envol-vert.org\/wp-content\/uploads\/2016\/02\/image-1-2.jpg","type":"image\/jpeg"}],"author":"Flora Goldgran","twitter_card":"summary_large_image","twitter_creator":"@Envolvert","twitter_site":"@Envolvert","twitter_misc":{"Escrito por":"Flora Goldgran","Tiempo de lectura":"1 minute"},"schema":{"@context":"https:\/\/schema.org","@graph":[{"@type":"Article","@id":"https:\/\/envol-vert.org\/es\/actualidades\/2016\/02\/nuevas-implementaciones-tecnicas-en-las-parcelas\/#article","isPartOf":{"@id":"https:\/\/envol-vert.org\/es\/actualidades\/2016\/02\/nuevas-implementaciones-tecnicas-en-las-parcelas\/"},"author":{"name":"Flora Goldgran","@id":"https:\/\/envol-vert.org\/es\/#\/schema\/person\/d447db29a23d628c2c97a693bd0eb7cd"},"headline":"Nuevas implementaciones tecnicas en las parcelas","datePublished":"2016-02-15T21:09:29+00:00","mainEntityOfPage":{"@id":"https:\/\/envol-vert.org\/es\/actualidades\/2016\/02\/nuevas-implementaciones-tecnicas-en-las-parcelas\/"},"wordCount":183,"publisher":{"@id":"https:\/\/envol-vert.org\/es\/#organization"},"image":{"@id":"https:\/\/envol-vert.org\/es\/actualidades\/2016\/02\/nuevas-implementaciones-tecnicas-en-las-parcelas\/#primaryimage"},"thumbnailUrl":"https:\/\/envol-vert.org\/wp-content\/uploads\/2016\/02\/image-1-2.jpg","articleSection":["Actualidades"],"inLanguage":"es-ES"},{"@type":"WebPage","@id":"https:\/\/envol-vert.org\/es\/actualidades\/2016\/02\/nuevas-implementaciones-tecnicas-en-las-parcelas\/","url":"https:\/\/envol-vert.org\/es\/actualidades\/2016\/02\/nuevas-implementaciones-tecnicas-en-las-parcelas\/","name":"Nuevas implementaciones tecnicas en las parcelas - Envol Vert","isPartOf":{"@id":"https:\/\/envol-vert.org\/es\/#website"},"primaryImageOfPage":{"@id":"https:\/\/envol-vert.org\/es\/actualidades\/2016\/02\/nuevas-implementaciones-tecnicas-en-las-parcelas\/#primaryimage"},"image":{"@id":"https:\/\/envol-vert.org\/es\/actualidades\/2016\/02\/nuevas-implementaciones-tecnicas-en-las-parcelas\/#primaryimage"},"thumbnailUrl":"https:\/\/envol-vert.org\/wp-content\/uploads\/2016\/02\/image-1-2.jpg","datePublished":"2016-02-15T21:09:29+00:00","description":"El proyecto \u201cGuaimaro y ganader\u00eda sostenible\u201d inicia el a\u00f1o con la visita del voluntario Nicolas Maraval, experto en permacultura y sistemas agroecol\u00f3gicos.","breadcrumb":{"@id":"https:\/\/envol-vert.org\/es\/actualidades\/2016\/02\/nuevas-implementaciones-tecnicas-en-las-parcelas\/#breadcrumb"},"inLanguage":"es-ES","potentialAction":[{"@type":"ReadAction","target":["https:\/\/envol-vert.org\/es\/actualidades\/2016\/02\/nuevas-implementaciones-tecnicas-en-las-parcelas\/"]}]},{"@type":"ImageObject","inLanguage":"es-ES","@id":"https:\/\/envol-vert.org\/es\/actualidades\/2016\/02\/nuevas-implementaciones-tecnicas-en-las-parcelas\/#primaryimage","url":"https:\/\/envol-vert.org\/wp-content\/uploads\/2016\/02\/image-1-2.jpg","contentUrl":"https:\/\/envol-vert.org\/wp-content\/uploads\/2016\/02\/image-1-2.jpg","width":2048,"height":1536,"caption":"Our local partner farmers get stuck in on a community works project"},{"@type":"BreadcrumbList","@id":"https:\/\/envol-vert.org\/es\/actualidades\/2016\/02\/nuevas-implementaciones-tecnicas-en-las-parcelas\/#breadcrumb","itemListElement":[{"@type":"ListItem","position":1,"name":"Accueil","item":"https:\/\/envol-vert.org\/es\/"},{"@type":"ListItem","position":2,"name":"Nuevas implementaciones tecnicas en las parcelas"}]},{"@type":"WebSite","@id":"https:\/\/envol-vert.org\/es\/#website","url":"https:\/\/envol-vert.org\/es\/","name":"Envol Vert","description":"La for\u00eat nous rend service, rendons le lui.","publisher":{"@id":"https:\/\/envol-vert.org\/es\/#organization"},"potentialAction":[{"@type":"SearchAction","target":{"@type":"EntryPoint","urlTemplate":"https:\/\/envol-vert.org\/es\/?s={search_term_string}"},"query-input":{"@type":"PropertyValueSpecification","valueRequired":true,"valueName":"search_term_string"}}],"inLanguage":"es-ES"},{"@type":"Organization","@id":"https:\/\/envol-vert.org\/es\/#organization","name":"Envol Vert","url":"https:\/\/envol-vert.org\/es\/","logo":{"@type":"ImageObject","inLanguage":"es-ES","@id":"https:\/\/envol-vert.org\/es\/#\/schema\/logo\/image\/","url":"https:\/\/envol-vert.org\/wp-content\/uploads\/2021\/03\/Logo-icone-site.png","contentUrl":"https:\/\/envol-vert.org\/wp-content\/uploads\/2021\/03\/Logo-icone-site.png","width":512,"height":512,"caption":"Envol Vert"},"image":{"@id":"https:\/\/envol-vert.org\/es\/#\/schema\/logo\/image\/"},"sameAs":["https:\/\/www.facebook.com\/EnvolVertFrance\/","https:\/\/x.com\/Envolvert","https:\/\/www.instagram.com\/envol_vert_france\/","https:\/\/www.linkedin.com\/company\/envolvert\/","https:\/\/www.youtube.com\/c\/EnvolVert"]},{"@type":"Person","@id":"https:\/\/envol-vert.org\/es\/#\/schema\/person\/d447db29a23d628c2c97a693bd0eb7cd","name":"Flora Goldgran","image":{"@type":"ImageObject","inLanguage":"es-ES","@id":"https:\/\/secure.gravatar.com\/avatar\/f79756b4fc93001db23834d147f2e7beff056665b5b12c840f6a7ad817d6f314?s=96&d=mm&r=g","url":"https:\/\/secure.gravatar.com\/avatar\/f79756b4fc93001db23834d147f2e7beff056665b5b12c840f6a7ad817d6f314?s=96&d=mm&r=g","contentUrl":"https:\/\/secure.gravatar.com\/avatar\/f79756b4fc93001db23834d147f2e7beff056665b5b12c840f6a7ad817d6f314?s=96&d=mm&r=g","caption":"Flora Goldgran"},"url":"https:\/\/envol-vert.org\/es\/author\/flora\/"}]}},"_links":{"self":[{"href":"https:\/\/envol-vert.org\/es\/wp-json\/wp\/v2\/posts\/13475","targetHints":{"allow":["GET"]}}],"collection":[{"href":"https:\/\/envol-vert.org\/es\/wp-json\/wp\/v2\/posts"}],"about":[{"href":"https:\/\/envol-vert.org\/es\/wp-json\/wp\/v2\/types\/post"}],"author":[{"embeddable":true,"href":"https:\/\/envol-vert.org\/es\/wp-json\/wp\/v2\/users\/114"}],"replies":[{"embeddable":true,"href":"https:\/\/envol-vert.org\/es\/wp-json\/wp\/v2\/comments?post=13475"}],"version-history":[{"count":0,"href":"https:\/\/envol-vert.org\/es\/wp-json\/wp\/v2\/posts\/13475\/revisions"}],"wp:featuredmedia":[{"embeddable":true,"href":"https:\/\/envol-vert.org\/es\/wp-json\/wp\/v2\/media\/13458"}],"wp:attachment":[{"href":"https:\/\/envol-vert.org\/es\/wp-json\/wp\/v2\/media?parent=13475"}],"wp:term":[{"taxonomy":"category","embeddable":true,"href":"https:\/\/envol-vert.org\/es\/wp-json\/wp\/v2\/categories?post=13475"},{"taxonomy":"post_tag","embeddable":true,"href":"https:\/\/envol-vert.org\/es\/wp-json\/wp\/v2\/tags?post=13475"}],"curies":[{"name":"wp","href":"https:\/\/api.w.org\/{rel}","templated":true}]}}