{"id":14991,"date":"2017-01-28T10:42:54","date_gmt":"2017-01-28T09:42:54","guid":{"rendered":"http:\/\/envol-vert.org\/?p=14991"},"modified":"2017-01-28T11:00:14","modified_gmt":"2017-01-28T10:00:14","slug":"enero-2017-puesta-en-marcha-de-una-asociacion-internacional","status":"publish","type":"post","link":"https:\/\/envol-vert.org\/es\/actualidades\/2017\/01\/enero-2017-puesta-en-marcha-de-una-asociacion-internacional\/","title":{"rendered":"ENERO 2017: Puesta en marcha de una asociaci\u00f3n internacional para aumentar la transparencia y la trazabilidad en la cadena de suministro y as\u00ed cumplir con los compromisos de deforestaci\u00f3n cero."},"content":{"rendered":"<p>20 de los principales productores, comerciantes, fabricantes, consultores y minoristas de todo el mundo han puesto en marcha una nueva asociaci\u00f3n con instituciones de investigaci\u00f3n y bancos para controlar la deforestaci\u00f3n y poner en pr\u00e1ctica una gesti\u00f3n sostenible desde el productor hasta el consumidor.<\/p>\n<p><!--more--><\/p>\n<p>Esta asociaci\u00f3n se centrar\u00e1 en la construcci\u00f3n de una herramienta de ayuda a la toma de decisiones a escala mundial para aumentar la transparencia y la trazabilidad de las diversas cadenas de suministro.<br \/>\nLiderados por el equipo de Global Forest Watch del Instituto de Recursos Mundiales (World Resources Institute), esta asociaci\u00f3n incluye a las empresas: Bunge, Cargill, Carrefour, Conservaci\u00f3n Internacional, Daometre, GIZ &#8211; Die Deutsche Gesellschaft f\u00fcr Internationale Zusammenarbeit, <strong>Envol-Vert<\/strong>, Groupe IOI, Mars, Mondel\u0113z International, IDH.<br \/>\nLa herramienta utilizar\u00e1 la tecnolog\u00eda y los m\u00e9todos desarrollados por el IRG en la plataforma Watch Commodities, que actualmente permite a las empresas evaluar el riesgo en la cadena de suministro gracias al uso de mapas de alta resoluci\u00f3n que muestran la p\u00e9rdida del area forestal, la deforestaci\u00f3n y el riesgo de incendios en tiempo casi real. La nueva herramienta no s\u00f3lo ser\u00e1 una fuente de informaci\u00f3n, sino tambi\u00e9n una herramienta muy operativa.<br \/>\nEnvol Vert se enorgullece de ser socio y como lo dijo Daisy Tarrier, presidenta de la asociaci\u00f3n:<br \/>\n&#8220;<em>La deforestaci\u00f3n es un tema complejo que conduce a la p\u00e9rdida de biodiversidad, a impactos sociales y al cambio clim\u00e1tico. Despu\u00e9s de a\u00f1os de inter\u00e9s com\u00fan sin resultados concretos, nos dimos cuenta que no lo pod\u00edamos remediar sino a trav\u00e9s de una colaboraci\u00f3n. Compartir informaci\u00f3n es una primera etapa para la implementaci\u00f3n de medidas colaborativas operacionales.<\/em> &#8221;<br \/>\nPara saber m\u00e1s :<\/p>\n<p>&nbsp;<\/p>\n<ul>\n<li><a href=\"http:\/\/envol-vert.org\/wp-content\/uploads\/2017\/01\/Partnership-Launches-to-Increase-Transparency-FINAL.pdf\" target=\"_blank\">Partnership Launches to Increase Transparency and Traceability Across Supply Chains and Meet Zero-Deforestation Commitments<\/a><\/li>\n<li><a href=\"http:\/\/envol-vert.org\/wp-content\/uploads\/2017\/01\/Partnership-Launches-to-Increase-Transparency-FINAL.pdf\">Partnership Launches to Increase Transparency FINAL<\/a><\/li>\n<li><a href=\"http:\/\/envol-vert.org\/wp-content\/uploads\/2017\/01\/Concept-Note-Global-Decision-Support-System-For-Land-Use-Monitoring-and-Deforestation-Free-Assurance-v-Jan-18.pdf\">Concept Note &#8211; Global Decision-Support System For Land Use Monitoring and Deforestation-Free Assurance &#8211; v Jan 18<\/a><\/li>\n<li><a href=\"http:\/\/envol-vert.org\/wp-content\/uploads\/2017\/01\/GFW_Commodities_WEF_Messages.docx\" target=\"_blank\">GFW_Commodities_WEF_Messages<\/a><\/li>\n<\/ul>\n","protected":false},"excerpt":{"rendered":"<p>20 de los principales productores, comerciantes, fabricantes, consultores y minoristas  [&#8230;]<\/p>\n","protected":false},"author":114,"featured_media":31726,"comment_status":"closed","ping_status":"closed","sticky":false,"template":"","format":"standard","meta":{"footnotes":""},"categories":[446],"tags":[],"class_list":["post-14991","post","type-post","status-publish","format-standard","has-post-thumbnail","hentry","category-actualidades"],"yoast_head":"<!-- This site is optimized with the Yoast SEO plugin v28.3 - https:\/\/yoast.com\/product\/yoast-seo-wordpress\/ -->\n<title>ENERO 2017: Puesta en marcha de una asociaci\u00f3n internacional para aumentar la transparencia y la trazabilidad en la cadena de suministro y as\u00ed cumplir con los compromisos de deforestaci\u00f3n cero. - Envol Vert<\/title>\n<meta name=\"robots\" content=\"index, follow, max-snippet:-1, max-image-preview:large, max-video-preview:-1\" \/>\n<link rel=\"canonical\" href=\"https:\/\/envol-vert.org\/es\/actualidades\/2017\/01\/enero-2017-puesta-en-marcha-de-una-asociacion-internacional\/\" \/>\n<meta property=\"og:locale\" content=\"es_ES\" \/>\n<meta property=\"og:type\" content=\"article\" \/>\n<meta property=\"og:title\" content=\"ENERO 2017: Puesta en marcha de una asociaci\u00f3n internacional para aumentar la transparencia y la trazabilidad en la cadena de suministro y as\u00ed cumplir con los compromisos de deforestaci\u00f3n cero. - Envol Vert\" \/>\n<meta property=\"og:description\" content=\"20 de los principales productores, comerciantes, fabricantes, consultores y minoristas [...]\" \/>\n<meta property=\"og:url\" content=\"https:\/\/envol-vert.org\/es\/actualidades\/2017\/01\/enero-2017-puesta-en-marcha-de-una-asociacion-internacional\/\" \/>\n<meta property=\"og:site_name\" content=\"Envol Vert\" \/>\n<meta property=\"article:publisher\" content=\"https:\/\/www.facebook.com\/EnvolVertFrance\/\" \/>\n<meta property=\"article:published_time\" content=\"2017-01-28T09:42:54+00:00\" \/>\n<meta property=\"article:modified_time\" content=\"2017-01-28T10:00:14+00:00\" \/>\n<meta property=\"og:image\" content=\"https:\/\/envol-vert.org\/wp-content\/uploads\/2017\/01\/Capture-d\u2019e\u0301cran-2017-01-19-a\u0300-21.48.00.png\" \/>\n\t<meta property=\"og:image:width\" content=\"616\" \/>\n\t<meta property=\"og:image:height\" content=\"266\" \/>\n\t<meta property=\"og:image:type\" content=\"image\/png\" \/>\n<meta name=\"author\" content=\"Flora Goldgran\" \/>\n<meta name=\"twitter:card\" content=\"summary_large_image\" \/>\n<meta name=\"twitter:creator\" content=\"@Envolvert\" \/>\n<meta name=\"twitter:site\" content=\"@Envolvert\" \/>\n<meta name=\"twitter:label1\" content=\"Escrito por\" \/>\n\t<meta name=\"twitter:data1\" content=\"Flora Goldgran\" \/>\n\t<meta name=\"twitter:label2\" content=\"Tiempo de lectura\" \/>\n\t<meta name=\"twitter:data2\" content=\"2 minutes\" \/>\n<script type=\"application\/ld+json\" class=\"yoast-schema-graph\">{\"@context\":\"https:\\\/\\\/schema.org\",\"@graph\":[{\"@type\":\"Article\",\"@id\":\"https:\\\/\\\/envol-vert.org\\\/es\\\/actualidades\\\/2017\\\/01\\\/enero-2017-puesta-en-marcha-de-una-asociacion-internacional\\\/#article\",\"isPartOf\":{\"@id\":\"https:\\\/\\\/envol-vert.org\\\/es\\\/actualidades\\\/2017\\\/01\\\/enero-2017-puesta-en-marcha-de-una-asociacion-internacional\\\/\"},\"author\":{\"name\":\"Flora Goldgran\",\"@id\":\"https:\\\/\\\/envol-vert.org\\\/es\\\/#\\\/schema\\\/person\\\/d447db29a23d628c2c97a693bd0eb7cd\"},\"headline\":\"ENERO 2017: Puesta en marcha de una asociaci\u00f3n internacional para aumentar la transparencia y la trazabilidad en la cadena de suministro y as\u00ed cumplir con los compromisos de deforestaci\u00f3n cero.\",\"datePublished\":\"2017-01-28T09:42:54+00:00\",\"dateModified\":\"2017-01-28T10:00:14+00:00\",\"mainEntityOfPage\":{\"@id\":\"https:\\\/\\\/envol-vert.org\\\/es\\\/actualidades\\\/2017\\\/01\\\/enero-2017-puesta-en-marcha-de-una-asociacion-internacional\\\/\"},\"wordCount\":373,\"publisher\":{\"@id\":\"https:\\\/\\\/envol-vert.org\\\/es\\\/#organization\"},\"image\":{\"@id\":\"https:\\\/\\\/envol-vert.org\\\/es\\\/actualidades\\\/2017\\\/01\\\/enero-2017-puesta-en-marcha-de-una-asociacion-internacional\\\/#primaryimage\"},\"thumbnailUrl\":\"https:\\\/\\\/envol-vert.org\\\/wp-content\\\/uploads\\\/2017\\\/01\\\/Capture-d\u2019e\u0301cran-2017-01-19-a\u0300-21.48.00.png\",\"articleSection\":[\"Actualidades\"],\"inLanguage\":\"es-ES\"},{\"@type\":\"WebPage\",\"@id\":\"https:\\\/\\\/envol-vert.org\\\/es\\\/actualidades\\\/2017\\\/01\\\/enero-2017-puesta-en-marcha-de-una-asociacion-internacional\\\/\",\"url\":\"https:\\\/\\\/envol-vert.org\\\/es\\\/actualidades\\\/2017\\\/01\\\/enero-2017-puesta-en-marcha-de-una-asociacion-internacional\\\/\",\"name\":\"ENERO 2017: Puesta en marcha de una asociaci\u00f3n internacional para aumentar la transparencia y la trazabilidad en la cadena de suministro y as\u00ed cumplir con los compromisos de deforestaci\u00f3n cero. - Envol Vert\",\"isPartOf\":{\"@id\":\"https:\\\/\\\/envol-vert.org\\\/es\\\/#website\"},\"primaryImageOfPage\":{\"@id\":\"https:\\\/\\\/envol-vert.org\\\/es\\\/actualidades\\\/2017\\\/01\\\/enero-2017-puesta-en-marcha-de-una-asociacion-internacional\\\/#primaryimage\"},\"image\":{\"@id\":\"https:\\\/\\\/envol-vert.org\\\/es\\\/actualidades\\\/2017\\\/01\\\/enero-2017-puesta-en-marcha-de-una-asociacion-internacional\\\/#primaryimage\"},\"thumbnailUrl\":\"https:\\\/\\\/envol-vert.org\\\/wp-content\\\/uploads\\\/2017\\\/01\\\/Capture-d\u2019e\u0301cran-2017-01-19-a\u0300-21.48.00.png\",\"datePublished\":\"2017-01-28T09:42:54+00:00\",\"dateModified\":\"2017-01-28T10:00:14+00:00\",\"breadcrumb\":{\"@id\":\"https:\\\/\\\/envol-vert.org\\\/es\\\/actualidades\\\/2017\\\/01\\\/enero-2017-puesta-en-marcha-de-una-asociacion-internacional\\\/#breadcrumb\"},\"inLanguage\":\"es-ES\",\"potentialAction\":[{\"@type\":\"ReadAction\",\"target\":[\"https:\\\/\\\/envol-vert.org\\\/es\\\/actualidades\\\/2017\\\/01\\\/enero-2017-puesta-en-marcha-de-una-asociacion-internacional\\\/\"]}]},{\"@type\":\"ImageObject\",\"inLanguage\":\"es-ES\",\"@id\":\"https:\\\/\\\/envol-vert.org\\\/es\\\/actualidades\\\/2017\\\/01\\\/enero-2017-puesta-en-marcha-de-una-asociacion-internacional\\\/#primaryimage\",\"url\":\"https:\\\/\\\/envol-vert.org\\\/wp-content\\\/uploads\\\/2017\\\/01\\\/Capture-d\u2019e\u0301cran-2017-01-19-a\u0300-21.48.00.png\",\"contentUrl\":\"https:\\\/\\\/envol-vert.org\\\/wp-content\\\/uploads\\\/2017\\\/01\\\/Capture-d\u2019e\u0301cran-2017-01-19-a\u0300-21.48.00.png\",\"width\":616,\"height\":266},{\"@type\":\"BreadcrumbList\",\"@id\":\"https:\\\/\\\/envol-vert.org\\\/es\\\/actualidades\\\/2017\\\/01\\\/enero-2017-puesta-en-marcha-de-una-asociacion-internacional\\\/#breadcrumb\",\"itemListElement\":[{\"@type\":\"ListItem\",\"position\":1,\"name\":\"Accueil\",\"item\":\"https:\\\/\\\/envol-vert.org\\\/es\\\/\"},{\"@type\":\"ListItem\",\"position\":2,\"name\":\"ENERO 2017: Puesta en marcha de una asociaci\u00f3n internacional para aumentar la transparencia y la trazabilidad en la cadena de suministro y as\u00ed cumplir con los compromisos de deforestaci\u00f3n cero.\"}]},{\"@type\":\"WebSite\",\"@id\":\"https:\\\/\\\/envol-vert.org\\\/es\\\/#website\",\"url\":\"https:\\\/\\\/envol-vert.org\\\/es\\\/\",\"name\":\"Envol Vert\",\"description\":\"La for\u00eat nous rend service, rendons le lui.\",\"publisher\":{\"@id\":\"https:\\\/\\\/envol-vert.org\\\/es\\\/#organization\"},\"potentialAction\":[{\"@type\":\"SearchAction\",\"target\":{\"@type\":\"EntryPoint\",\"urlTemplate\":\"https:\\\/\\\/envol-vert.org\\\/es\\\/?s={search_term_string}\"},\"query-input\":{\"@type\":\"PropertyValueSpecification\",\"valueRequired\":true,\"valueName\":\"search_term_string\"}}],\"inLanguage\":\"es-ES\"},{\"@type\":\"Organization\",\"@id\":\"https:\\\/\\\/envol-vert.org\\\/es\\\/#organization\",\"name\":\"Envol Vert\",\"url\":\"https:\\\/\\\/envol-vert.org\\\/es\\\/\",\"logo\":{\"@type\":\"ImageObject\",\"inLanguage\":\"es-ES\",\"@id\":\"https:\\\/\\\/envol-vert.org\\\/es\\\/#\\\/schema\\\/logo\\\/image\\\/\",\"url\":\"https:\\\/\\\/envol-vert.org\\\/wp-content\\\/uploads\\\/2021\\\/03\\\/Logo-icone-site.png\",\"contentUrl\":\"https:\\\/\\\/envol-vert.org\\\/wp-content\\\/uploads\\\/2021\\\/03\\\/Logo-icone-site.png\",\"width\":512,\"height\":512,\"caption\":\"Envol Vert\"},\"image\":{\"@id\":\"https:\\\/\\\/envol-vert.org\\\/es\\\/#\\\/schema\\\/logo\\\/image\\\/\"},\"sameAs\":[\"https:\\\/\\\/www.facebook.com\\\/EnvolVertFrance\\\/\",\"https:\\\/\\\/x.com\\\/Envolvert\",\"https:\\\/\\\/www.instagram.com\\\/envol_vert_france\\\/\",\"https:\\\/\\\/www.linkedin.com\\\/company\\\/envolvert\\\/\",\"https:\\\/\\\/www.youtube.com\\\/c\\\/EnvolVert\"]},{\"@type\":\"Person\",\"@id\":\"https:\\\/\\\/envol-vert.org\\\/es\\\/#\\\/schema\\\/person\\\/d447db29a23d628c2c97a693bd0eb7cd\",\"name\":\"Flora Goldgran\",\"image\":{\"@type\":\"ImageObject\",\"inLanguage\":\"es-ES\",\"@id\":\"https:\\\/\\\/secure.gravatar.com\\\/avatar\\\/f79756b4fc93001db23834d147f2e7beff056665b5b12c840f6a7ad817d6f314?s=96&d=mm&r=g\",\"url\":\"https:\\\/\\\/secure.gravatar.com\\\/avatar\\\/f79756b4fc93001db23834d147f2e7beff056665b5b12c840f6a7ad817d6f314?s=96&d=mm&r=g\",\"contentUrl\":\"https:\\\/\\\/secure.gravatar.com\\\/avatar\\\/f79756b4fc93001db23834d147f2e7beff056665b5b12c840f6a7ad817d6f314?s=96&d=mm&r=g\",\"caption\":\"Flora Goldgran\"},\"url\":\"https:\\\/\\\/envol-vert.org\\\/es\\\/author\\\/flora\\\/\"}]}<\/script>\n<!-- \/ Yoast SEO plugin. -->","yoast_head_json":{"title":"ENERO 2017: Puesta en marcha de una asociaci\u00f3n internacional para aumentar la transparencia y la trazabilidad en la cadena de suministro y as\u00ed cumplir con los compromisos de deforestaci\u00f3n cero. - Envol Vert","robots":{"index":"index","follow":"follow","max-snippet":"max-snippet:-1","max-image-preview":"max-image-preview:large","max-video-preview":"max-video-preview:-1"},"canonical":"https:\/\/envol-vert.org\/es\/actualidades\/2017\/01\/enero-2017-puesta-en-marcha-de-una-asociacion-internacional\/","og_locale":"es_ES","og_type":"article","og_title":"ENERO 2017: Puesta en marcha de una asociaci\u00f3n internacional para aumentar la transparencia y la trazabilidad en la cadena de suministro y as\u00ed cumplir con los compromisos de deforestaci\u00f3n cero. - Envol Vert","og_description":"20 de los principales productores, comerciantes, fabricantes, consultores y minoristas [...]","og_url":"https:\/\/envol-vert.org\/es\/actualidades\/2017\/01\/enero-2017-puesta-en-marcha-de-una-asociacion-internacional\/","og_site_name":"Envol Vert","article_publisher":"https:\/\/www.facebook.com\/EnvolVertFrance\/","article_published_time":"2017-01-28T09:42:54+00:00","article_modified_time":"2017-01-28T10:00:14+00:00","og_image":[{"width":616,"height":266,"url":"https:\/\/envol-vert.org\/wp-content\/uploads\/2017\/01\/Capture-d\u2019e\u0301cran-2017-01-19-a\u0300-21.48.00.png","type":"image\/png"}],"author":"Flora Goldgran","twitter_card":"summary_large_image","twitter_creator":"@Envolvert","twitter_site":"@Envolvert","twitter_misc":{"Escrito por":"Flora Goldgran","Tiempo de lectura":"2 minutes"},"schema":{"@context":"https:\/\/schema.org","@graph":[{"@type":"Article","@id":"https:\/\/envol-vert.org\/es\/actualidades\/2017\/01\/enero-2017-puesta-en-marcha-de-una-asociacion-internacional\/#article","isPartOf":{"@id":"https:\/\/envol-vert.org\/es\/actualidades\/2017\/01\/enero-2017-puesta-en-marcha-de-una-asociacion-internacional\/"},"author":{"name":"Flora Goldgran","@id":"https:\/\/envol-vert.org\/es\/#\/schema\/person\/d447db29a23d628c2c97a693bd0eb7cd"},"headline":"ENERO 2017: Puesta en marcha de una asociaci\u00f3n internacional para aumentar la transparencia y la trazabilidad en la cadena de suministro y as\u00ed cumplir con los compromisos de deforestaci\u00f3n cero.","datePublished":"2017-01-28T09:42:54+00:00","dateModified":"2017-01-28T10:00:14+00:00","mainEntityOfPage":{"@id":"https:\/\/envol-vert.org\/es\/actualidades\/2017\/01\/enero-2017-puesta-en-marcha-de-una-asociacion-internacional\/"},"wordCount":373,"publisher":{"@id":"https:\/\/envol-vert.org\/es\/#organization"},"image":{"@id":"https:\/\/envol-vert.org\/es\/actualidades\/2017\/01\/enero-2017-puesta-en-marcha-de-una-asociacion-internacional\/#primaryimage"},"thumbnailUrl":"https:\/\/envol-vert.org\/wp-content\/uploads\/2017\/01\/Capture-d\u2019e\u0301cran-2017-01-19-a\u0300-21.48.00.png","articleSection":["Actualidades"],"inLanguage":"es-ES"},{"@type":"WebPage","@id":"https:\/\/envol-vert.org\/es\/actualidades\/2017\/01\/enero-2017-puesta-en-marcha-de-una-asociacion-internacional\/","url":"https:\/\/envol-vert.org\/es\/actualidades\/2017\/01\/enero-2017-puesta-en-marcha-de-una-asociacion-internacional\/","name":"ENERO 2017: Puesta en marcha de una asociaci\u00f3n internacional para aumentar la transparencia y la trazabilidad en la cadena de suministro y as\u00ed cumplir con los compromisos de deforestaci\u00f3n cero. - Envol Vert","isPartOf":{"@id":"https:\/\/envol-vert.org\/es\/#website"},"primaryImageOfPage":{"@id":"https:\/\/envol-vert.org\/es\/actualidades\/2017\/01\/enero-2017-puesta-en-marcha-de-una-asociacion-internacional\/#primaryimage"},"image":{"@id":"https:\/\/envol-vert.org\/es\/actualidades\/2017\/01\/enero-2017-puesta-en-marcha-de-una-asociacion-internacional\/#primaryimage"},"thumbnailUrl":"https:\/\/envol-vert.org\/wp-content\/uploads\/2017\/01\/Capture-d\u2019e\u0301cran-2017-01-19-a\u0300-21.48.00.png","datePublished":"2017-01-28T09:42:54+00:00","dateModified":"2017-01-28T10:00:14+00:00","breadcrumb":{"@id":"https:\/\/envol-vert.org\/es\/actualidades\/2017\/01\/enero-2017-puesta-en-marcha-de-una-asociacion-internacional\/#breadcrumb"},"inLanguage":"es-ES","potentialAction":[{"@type":"ReadAction","target":["https:\/\/envol-vert.org\/es\/actualidades\/2017\/01\/enero-2017-puesta-en-marcha-de-una-asociacion-internacional\/"]}]},{"@type":"ImageObject","inLanguage":"es-ES","@id":"https:\/\/envol-vert.org\/es\/actualidades\/2017\/01\/enero-2017-puesta-en-marcha-de-una-asociacion-internacional\/#primaryimage","url":"https:\/\/envol-vert.org\/wp-content\/uploads\/2017\/01\/Capture-d\u2019e\u0301cran-2017-01-19-a\u0300-21.48.00.png","contentUrl":"https:\/\/envol-vert.org\/wp-content\/uploads\/2017\/01\/Capture-d\u2019e\u0301cran-2017-01-19-a\u0300-21.48.00.png","width":616,"height":266},{"@type":"BreadcrumbList","@id":"https:\/\/envol-vert.org\/es\/actualidades\/2017\/01\/enero-2017-puesta-en-marcha-de-una-asociacion-internacional\/#breadcrumb","itemListElement":[{"@type":"ListItem","position":1,"name":"Accueil","item":"https:\/\/envol-vert.org\/es\/"},{"@type":"ListItem","position":2,"name":"ENERO 2017: Puesta en marcha de una asociaci\u00f3n internacional para aumentar la transparencia y la trazabilidad en la cadena de suministro y as\u00ed cumplir con los compromisos de deforestaci\u00f3n cero."}]},{"@type":"WebSite","@id":"https:\/\/envol-vert.org\/es\/#website","url":"https:\/\/envol-vert.org\/es\/","name":"Envol Vert","description":"La for\u00eat nous rend service, rendons le lui.","publisher":{"@id":"https:\/\/envol-vert.org\/es\/#organization"},"potentialAction":[{"@type":"SearchAction","target":{"@type":"EntryPoint","urlTemplate":"https:\/\/envol-vert.org\/es\/?s={search_term_string}"},"query-input":{"@type":"PropertyValueSpecification","valueRequired":true,"valueName":"search_term_string"}}],"inLanguage":"es-ES"},{"@type":"Organization","@id":"https:\/\/envol-vert.org\/es\/#organization","name":"Envol Vert","url":"https:\/\/envol-vert.org\/es\/","logo":{"@type":"ImageObject","inLanguage":"es-ES","@id":"https:\/\/envol-vert.org\/es\/#\/schema\/logo\/image\/","url":"https:\/\/envol-vert.org\/wp-content\/uploads\/2021\/03\/Logo-icone-site.png","contentUrl":"https:\/\/envol-vert.org\/wp-content\/uploads\/2021\/03\/Logo-icone-site.png","width":512,"height":512,"caption":"Envol Vert"},"image":{"@id":"https:\/\/envol-vert.org\/es\/#\/schema\/logo\/image\/"},"sameAs":["https:\/\/www.facebook.com\/EnvolVertFrance\/","https:\/\/x.com\/Envolvert","https:\/\/www.instagram.com\/envol_vert_france\/","https:\/\/www.linkedin.com\/company\/envolvert\/","https:\/\/www.youtube.com\/c\/EnvolVert"]},{"@type":"Person","@id":"https:\/\/envol-vert.org\/es\/#\/schema\/person\/d447db29a23d628c2c97a693bd0eb7cd","name":"Flora Goldgran","image":{"@type":"ImageObject","inLanguage":"es-ES","@id":"https:\/\/secure.gravatar.com\/avatar\/f79756b4fc93001db23834d147f2e7beff056665b5b12c840f6a7ad817d6f314?s=96&d=mm&r=g","url":"https:\/\/secure.gravatar.com\/avatar\/f79756b4fc93001db23834d147f2e7beff056665b5b12c840f6a7ad817d6f314?s=96&d=mm&r=g","contentUrl":"https:\/\/secure.gravatar.com\/avatar\/f79756b4fc93001db23834d147f2e7beff056665b5b12c840f6a7ad817d6f314?s=96&d=mm&r=g","caption":"Flora Goldgran"},"url":"https:\/\/envol-vert.org\/es\/author\/flora\/"}]}},"_links":{"self":[{"href":"https:\/\/envol-vert.org\/es\/wp-json\/wp\/v2\/posts\/14991","targetHints":{"allow":["GET"]}}],"collection":[{"href":"https:\/\/envol-vert.org\/es\/wp-json\/wp\/v2\/posts"}],"about":[{"href":"https:\/\/envol-vert.org\/es\/wp-json\/wp\/v2\/types\/post"}],"author":[{"embeddable":true,"href":"https:\/\/envol-vert.org\/es\/wp-json\/wp\/v2\/users\/114"}],"replies":[{"embeddable":true,"href":"https:\/\/envol-vert.org\/es\/wp-json\/wp\/v2\/comments?post=14991"}],"version-history":[{"count":0,"href":"https:\/\/envol-vert.org\/es\/wp-json\/wp\/v2\/posts\/14991\/revisions"}],"wp:featuredmedia":[{"embeddable":true,"href":"https:\/\/envol-vert.org\/es\/wp-json\/wp\/v2\/media\/31726"}],"wp:attachment":[{"href":"https:\/\/envol-vert.org\/es\/wp-json\/wp\/v2\/media?parent=14991"}],"wp:term":[{"taxonomy":"category","embeddable":true,"href":"https:\/\/envol-vert.org\/es\/wp-json\/wp\/v2\/categories?post=14991"},{"taxonomy":"post_tag","embeddable":true,"href":"https:\/\/envol-vert.org\/es\/wp-json\/wp\/v2\/tags?post=14991"}],"curies":[{"name":"wp","href":"https:\/\/api.w.org\/{rel}","templated":true}]}}