{"id":17494,"date":"2018-07-16T14:46:12","date_gmt":"2018-07-16T13:46:12","guid":{"rendered":"http:\/\/envol-vert.org\/?p=17494"},"modified":"2021-04-06T12:11:37","modified_gmt":"2021-04-06T11:11:37","slug":"en-2018-colombiodiversidad-ha-celebrado-su-quinto-aniversario","status":"publish","type":"post","link":"https:\/\/envol-vert.org\/es\/actualidades\/2018\/07\/en-2018-colombiodiversidad-ha-celebrado-su-quinto-aniversario\/","title":{"rendered":"En 2018, ColomBIOdiversidad ha celebrado su quinto aniversario"},"content":{"rendered":"<p><div class=\"fusion-fullwidth fullwidth-box fusion-builder-row-1 fusion-flex-container nonhundred-percent-fullwidth non-hundred-percent-height-scrolling\" style=\"--awb-border-radius-top-left:0px;--awb-border-radius-top-right:0px;--awb-border-radius-bottom-right:0px;--awb-border-radius-bottom-left:0px;--awb-flex-wrap:wrap;\" ><div class=\"fusion-builder-row fusion-row fusion-flex-align-items-flex-start fusion-flex-content-wrap\" style=\"max-width:1040px;margin-left: calc(-4% \/ 2 );margin-right: calc(-4% \/ 2 );\"><div class=\"fusion-layout-column fusion_builder_column fusion-builder-column-0 fusion_builder_column_2_3 2_3 fusion-flex-column fusion-flex-align-self-stretch\" style=\"--awb-padding-right:5%;--awb-padding-bottom:5%;--awb-bg-size:cover;--awb-width-large:66.666666666667%;--awb-margin-top-large:0px;--awb-spacing-right-large:2.88%;--awb-margin-bottom-large:0px;--awb-spacing-left-large:2.88%;--awb-width-medium:100%;--awb-order-medium:0;--awb-spacing-right-medium:1.92%;--awb-spacing-left-medium:1.92%;--awb-width-small:100%;--awb-order-small:0;--awb-spacing-right-small:1.92%;--awb-spacing-left-small:1.92%;\"><div class=\"fusion-column-wrapper fusion-column-has-shadow fusion-flex-justify-content-flex-start fusion-content-layout-column\"><div class=\"fusion-text fusion-text-1\"><div class=\"fusion-text fusion-text-1\">\n<p><strong>El 5to festival ColomBIOdiversidad se desarroll\u00f3 del 18 al 31 de mayo en Bogot\u00e1 y Medell\u00edn. Fue una gran celebraci\u00f3n para el D\u00eda Internacional de la Biodiversidad (el 22 de mayo) y el agua, tema central de esta versi\u00f3n 2018.<\/strong><\/p>\n<\/div>\n<div class=\"fusion-button-wrapper\">\n<div class=\"fusion-text fusion-text-2\">\n<p>Con 2 semanas de festival \u2013 y no una como en a\u00f1os anteriores. Es decir, una dosis doble de acciones positivas para sensibilizar a los colombianos sobre la maravillosa biodiversidad de su pa\u00eds y la importancia de protegerla.<\/p>\n<p><strong>Con 41 eventos en 24 lugares, ColomBIOdiversidad ha recibido 2.111 personas, y sus exposiciones m\u00e1s de 145 335 visitantes.<\/strong>\u00a0Unas cifras que demuestran el inter\u00e9s y la sensibilizaci\u00f3n crecientes de los colombianos hacia su entorno natural.<\/p>\n<p><strong>Un nuevo \u00e9xito alcanzado gracias a 4 patrocinadores y 40 aliados<\/strong>, cuyo apoyo permiti\u00f3 desarrollar una variada programaci\u00f3n de conferencias, exposiciones, concursos, talleres, proyecciones de cine y m\u00e1s.<\/p>\n<p>Este a\u00f1o, ColomBIOdiversidad recibi\u00f3\u00a0<strong>al experto franc\u00e9s R\u00e9gis Th\u00e9pot, quien es administrador territorial de la entidad p\u00fablica francesa de gesti\u00f3n de cuencas fluviales y vicesecretario general de la Academia Francesa del Agua<\/strong>. Su intervenci\u00f3n ofreci\u00f3 nuevas perspectivas para un manejo m\u00e1s sostenible del agua en Colombia, y fue complementada por las ponencias de conferencistas nacionales expertos el tema del agua, de sus riesgos y oportunidades.<\/p>\n<p>ColomBIOdiversidad es tambi\u00e9n un festival para los ni\u00f1os!\u00a0<strong>Con nuestros talleres tanto l\u00fadicos como educativos, los j\u00f3venes de Bogot\u00e1 y Medell\u00edn<\/strong>\u00a0tuvieron la oportunidad de aprender sobre la biodiversidad del pa\u00eds, y en particular sobre fauna y flora de los ecosistemas relacionados al agua.<\/p>\n<p>Al finalizar, el festival es una celebraci\u00f3n para todos, gracias a proyecciones de cine, siempre saludadas por el gran p\u00fablico, exposiciones en lugares imprescindibles de las ciudades y caminatas para (re)descubrir la naturaleza que rodea la capital.<\/p>\n<p>Adem\u00e1s,\u00a0<strong>el 5to festival ColomBIOdiversidad fue bien recibido en la\u00a0<\/strong>prensa<strong>\u00a0\u2013 con unas 30 publicaciones \u2013 y en l\u00ednea, con m\u00e1s de 55 049 personas alcanzadas en Facebook.<\/strong> Y ustedes, \u00bftambi\u00e9n dieron un \u201cMe gusta\u201d a esta versi\u00f3n 2018?<\/p>\n<\/div>\n<\/div>\n<\/div><\/div><\/div><div class=\"fusion-layout-column fusion_builder_column fusion-builder-column-1 fusion_builder_column_1_3 1_3 fusion-flex-column fusion-flex-align-self-flex-start\" style=\"--awb-padding-top:5%;--awb-padding-right:3%;--awb-padding-bottom:5%;--awb-padding-left:3%;--awb-bg-color:rgba(154,206,163,0.32);--awb-bg-color-hover:rgba(154,206,163,0.32);--awb-bg-size:cover;--awb-width-large:33.333333333333%;--awb-margin-top-large:0px;--awb-spacing-right-large:5.76%;--awb-margin-bottom-large:0px;--awb-spacing-left-large:5.76%;--awb-width-medium:100%;--awb-order-medium:0;--awb-spacing-right-medium:1.92%;--awb-spacing-left-medium:1.92%;--awb-width-small:100%;--awb-order-small:0;--awb-spacing-right-small:1.92%;--awb-spacing-left-small:1.92%;\"><div class=\"fusion-column-wrapper fusion-column-has-shadow fusion-flex-justify-content-flex-start fusion-content-layout-column\"><div class=\"fusion-image-element\" style=\"text-align:center;--awb-margin-top:3%;--awb-margin-right:5%;--awb-margin-left:5%;--awb-caption-title-font-family:var(--h2_typography-font-family);--awb-caption-title-font-weight:var(--h2_typography-font-weight);--awb-caption-title-font-style:var(--h2_typography-font-style);--awb-caption-title-size:var(--h2_typography-font-size);--awb-caption-title-transform:var(--h2_typography-text-transform);--awb-caption-title-line-height:var(--h2_typography-line-height);--awb-caption-title-letter-spacing:var(--h2_typography-letter-spacing);\"><span class=\" fusion-imageframe imageframe-none imageframe-1 hover-type-none\" style=\"border:3px solid #ffffff;\"><img decoding=\"async\" width=\"800\" height=\"599\" title=\"COLOMBIODIVERSIDAD2018_Conf_LdCMedellin1\u00a9A. de Miranda\" src=\"https:\/\/envol-vert.org\/wp-content\/uploads\/2018\/07\/COLOMBIODIVERSIDAD2018_Conf_LdCMedellin1\u00a9A.-de-Miranda.jpeg\" alt class=\"img-responsive wp-image-58728\" srcset=\"https:\/\/envol-vert.org\/wp-content\/uploads\/2018\/07\/COLOMBIODIVERSIDAD2018_Conf_LdCMedellin1\u00a9A.-de-Miranda-300x225.jpeg 300w, https:\/\/envol-vert.org\/wp-content\/uploads\/2018\/07\/COLOMBIODIVERSIDAD2018_Conf_LdCMedellin1\u00a9A.-de-Miranda-768x575.jpeg 768w, https:\/\/envol-vert.org\/wp-content\/uploads\/2018\/07\/COLOMBIODIVERSIDAD2018_Conf_LdCMedellin1\u00a9A.-de-Miranda.jpeg 800w\" sizes=\"(max-width: 800px) 100vw, 800px\" \/><\/span><\/div><div class=\"fusion-text fusion-text-2\"><p style=\"text-align: center;\"><span style=\"color: #999999;\"><em>Conferencia LdC en Medell\u00edn \u00a9A. de Miranda<\/em><\/span><\/p>\n<\/div><div class=\"fusion-image-element\" style=\"text-align:center;--awb-margin-top:3%;--awb-margin-right:5%;--awb-margin-left:5%;--awb-caption-title-font-family:var(--h2_typography-font-family);--awb-caption-title-font-weight:var(--h2_typography-font-weight);--awb-caption-title-font-style:var(--h2_typography-font-style);--awb-caption-title-size:var(--h2_typography-font-size);--awb-caption-title-transform:var(--h2_typography-text-transform);--awb-caption-title-line-height:var(--h2_typography-line-height);--awb-caption-title-letter-spacing:var(--h2_typography-letter-spacing);\"><span class=\" fusion-imageframe imageframe-none imageframe-2 hover-type-none\" style=\"border:3px solid #ffffff;\"><img decoding=\"async\" width=\"800\" height=\"533\" title=\"COLOMBIODIVERSIDAD2018_Conf_PlanetarioMedellin2\u00a9N.Zapata\" src=\"https:\/\/envol-vert.org\/wp-content\/uploads\/2018\/07\/COLOMBIODIVERSIDAD2018_Conf_PlanetarioMedellin2\u00a9N.Zapata.jpg\" alt class=\"img-responsive wp-image-58730\" srcset=\"https:\/\/envol-vert.org\/wp-content\/uploads\/2018\/07\/COLOMBIODIVERSIDAD2018_Conf_PlanetarioMedellin2\u00a9N.Zapata-300x200.jpg 300w, https:\/\/envol-vert.org\/wp-content\/uploads\/2018\/07\/COLOMBIODIVERSIDAD2018_Conf_PlanetarioMedellin2\u00a9N.Zapata-768x512.jpg 768w, https:\/\/envol-vert.org\/wp-content\/uploads\/2018\/07\/COLOMBIODIVERSIDAD2018_Conf_PlanetarioMedellin2\u00a9N.Zapata.jpg 800w\" sizes=\"(max-width: 800px) 100vw, 800px\" \/><\/span><\/div><div class=\"fusion-text fusion-text-3\"><p style=\"text-align: center;\"><span style=\"color: #999999;\"><em>Conferencia Planetario Medell\u00edn \u00a9N.Zapata<\/em><\/span><\/p>\n<\/div><div class=\"fusion-image-element\" style=\"text-align:center;--awb-margin-top:3%;--awb-margin-right:5%;--awb-margin-left:5%;--awb-caption-title-font-family:var(--h2_typography-font-family);--awb-caption-title-font-weight:var(--h2_typography-font-weight);--awb-caption-title-font-style:var(--h2_typography-font-style);--awb-caption-title-size:var(--h2_typography-font-size);--awb-caption-title-transform:var(--h2_typography-text-transform);--awb-caption-title-line-height:var(--h2_typography-line-height);--awb-caption-title-letter-spacing:var(--h2_typography-letter-spacing);\"><span class=\" fusion-imageframe imageframe-none imageframe-3 hover-type-none\" style=\"border:3px solid #ffffff;\"><img decoding=\"async\" width=\"800\" height=\"533\" title=\"COLOMBIODIVERSIDAD2018_Conf_PlanetarioMedellin3\u00a9A.Acevedo\" src=\"https:\/\/envol-vert.org\/wp-content\/uploads\/2018\/07\/COLOMBIODIVERSIDAD2018_Conf_PlanetarioMedellin3\u00a9A.Acevedo.jpg\" alt class=\"img-responsive wp-image-58734\" srcset=\"https:\/\/envol-vert.org\/wp-content\/uploads\/2018\/07\/COLOMBIODIVERSIDAD2018_Conf_PlanetarioMedellin3\u00a9A.Acevedo-300x200.jpg 300w, https:\/\/envol-vert.org\/wp-content\/uploads\/2018\/07\/COLOMBIODIVERSIDAD2018_Conf_PlanetarioMedellin3\u00a9A.Acevedo-768x512.jpg 768w, https:\/\/envol-vert.org\/wp-content\/uploads\/2018\/07\/COLOMBIODIVERSIDAD2018_Conf_PlanetarioMedellin3\u00a9A.Acevedo.jpg 800w\" sizes=\"(max-width: 800px) 100vw, 800px\" \/><\/span><\/div><div class=\"fusion-text fusion-text-4\"><p style=\"text-align: center;\"><span style=\"color: #999999;\"><em>Conferencia Planetario Medell\u00edn \u00a9A.Acevedo<\/em><\/span><\/p>\n<\/div><\/div><\/div><\/div><\/div><div class=\"fusion-fullwidth fullwidth-box fusion-builder-row-2 fusion-flex-container nonhundred-percent-fullwidth non-hundred-percent-height-scrolling\" style=\"--awb-border-radius-top-left:0px;--awb-border-radius-top-right:0px;--awb-border-radius-bottom-right:0px;--awb-border-radius-bottom-left:0px;--awb-background-color:rgba(154,206,163,0.32);--awb-flex-wrap:wrap;\" ><div class=\"fusion-builder-row fusion-row fusion-flex-align-items-flex-start fusion-flex-content-wrap\" style=\"max-width:1040px;margin-left: calc(-4% \/ 2 );margin-right: calc(-4% \/ 2 );\"><div class=\"fusion-layout-column fusion_builder_column fusion-builder-column-2 fusion_builder_column_1_3 1_3 fusion-flex-column fusion-flex-align-self-stretch\" style=\"--awb-padding-top:5%;--awb-padding-right:3%;--awb-padding-left:3%;--awb-bg-size:cover;--awb-width-large:33.333333333333%;--awb-margin-top-large:0px;--awb-spacing-right-large:5.76%;--awb-margin-bottom-large:0px;--awb-spacing-left-large:5.76%;--awb-width-medium:100%;--awb-order-medium:0;--awb-spacing-right-medium:1.92%;--awb-spacing-left-medium:1.92%;--awb-width-small:100%;--awb-order-small:0;--awb-spacing-right-small:1.92%;--awb-spacing-left-small:1.92%;\"><div class=\"fusion-column-wrapper fusion-column-has-shadow fusion-flex-justify-content-center fusion-content-layout-column\"><div class=\"fusion-image-element\" style=\"text-align:center;--awb-margin-top:3%;--awb-margin-right:5%;--awb-margin-left:5%;--awb-caption-title-font-family:var(--h2_typography-font-family);--awb-caption-title-font-weight:var(--h2_typography-font-weight);--awb-caption-title-font-style:var(--h2_typography-font-style);--awb-caption-title-size:var(--h2_typography-font-size);--awb-caption-title-transform:var(--h2_typography-text-transform);--awb-caption-title-line-height:var(--h2_typography-line-height);--awb-caption-title-letter-spacing:var(--h2_typography-letter-spacing);\"><span class=\" fusion-imageframe imageframe-none imageframe-4 hover-type-none\" style=\"border:3px solid #ffffff;\"><img decoding=\"async\" width=\"800\" height=\"533\" title=\"COLOMBIODIVERSIDAD_Taller_UsmeBOG2\" src=\"https:\/\/envol-vert.org\/wp-content\/uploads\/2018\/07\/COLOMBIODIVERSIDAD_Taller_UsmeBOG2.jpg\" alt class=\"img-responsive wp-image-58724\" srcset=\"https:\/\/envol-vert.org\/wp-content\/uploads\/2018\/07\/COLOMBIODIVERSIDAD_Taller_UsmeBOG2-300x200.jpg 300w, https:\/\/envol-vert.org\/wp-content\/uploads\/2018\/07\/COLOMBIODIVERSIDAD_Taller_UsmeBOG2-768x512.jpg 768w, https:\/\/envol-vert.org\/wp-content\/uploads\/2018\/07\/COLOMBIODIVERSIDAD_Taller_UsmeBOG2.jpg 800w\" sizes=\"(max-width: 800px) 100vw, 800px\" \/><\/span><\/div><div class=\"fusion-text fusion-text-5\"><p style=\"text-align: center;\"><span style=\"color: #999999;\"><em>Taller en Bogot\u00e1<\/em><\/span><\/p>\n<\/div><\/div><\/div><div class=\"fusion-layout-column fusion_builder_column fusion-builder-column-3 fusion_builder_column_1_3 1_3 fusion-flex-column fusion-flex-align-self-stretch\" style=\"--awb-padding-top:5%;--awb-padding-right:3%;--awb-padding-left:3%;--awb-bg-size:cover;--awb-width-large:33.333333333333%;--awb-margin-top-large:0px;--awb-spacing-right-large:5.76%;--awb-margin-bottom-large:0px;--awb-spacing-left-large:5.76%;--awb-width-medium:100%;--awb-order-medium:0;--awb-spacing-right-medium:1.92%;--awb-spacing-left-medium:1.92%;--awb-width-small:100%;--awb-order-small:0;--awb-spacing-right-small:1.92%;--awb-spacing-left-small:1.92%;\"><div class=\"fusion-column-wrapper fusion-column-has-shadow fusion-flex-justify-content-center fusion-content-layout-column\"><div class=\"fusion-image-element\" style=\"text-align:center;--awb-margin-top:3%;--awb-margin-right:5%;--awb-margin-left:5%;--awb-caption-title-font-family:var(--h2_typography-font-family);--awb-caption-title-font-weight:var(--h2_typography-font-weight);--awb-caption-title-font-style:var(--h2_typography-font-style);--awb-caption-title-size:var(--h2_typography-font-size);--awb-caption-title-transform:var(--h2_typography-text-transform);--awb-caption-title-line-height:var(--h2_typography-line-height);--awb-caption-title-letter-spacing:var(--h2_typography-letter-spacing);\"><span class=\" fusion-imageframe imageframe-none imageframe-5 hover-type-none\" style=\"border:3px solid #ffffff;\"><img decoding=\"async\" width=\"800\" height=\"600\" title=\"COLOMBIODIVERSIDAD2018_Cine_PdlDMedellin1\u00a9N. Campo\" src=\"https:\/\/envol-vert.org\/wp-content\/uploads\/2018\/07\/COLOMBIODIVERSIDAD2018_Cine_PdlDMedellin1\u00a9N.-Campo.jpeg\" alt class=\"img-responsive wp-image-58726\" srcset=\"https:\/\/envol-vert.org\/wp-content\/uploads\/2018\/07\/COLOMBIODIVERSIDAD2018_Cine_PdlDMedellin1\u00a9N.-Campo-300x225.jpeg 300w, https:\/\/envol-vert.org\/wp-content\/uploads\/2018\/07\/COLOMBIODIVERSIDAD2018_Cine_PdlDMedellin1\u00a9N.-Campo-768x576.jpeg 768w, https:\/\/envol-vert.org\/wp-content\/uploads\/2018\/07\/COLOMBIODIVERSIDAD2018_Cine_PdlDMedellin1\u00a9N.-Campo.jpeg 800w\" sizes=\"(max-width: 800px) 100vw, 800px\" \/><\/span><\/div><div class=\"fusion-text fusion-text-6\"><p style=\"text-align: center;\"><span style=\"color: #999999;\"><em>Cine en Medell\u00edn \u00a9N. Campo<\/em><\/span><\/p>\n<\/div><\/div><\/div><div class=\"fusion-layout-column fusion_builder_column fusion-builder-column-4 fusion_builder_column_1_3 1_3 fusion-flex-column fusion-flex-align-self-stretch\" style=\"--awb-padding-top:5%;--awb-padding-right:3%;--awb-padding-left:3%;--awb-bg-size:cover;--awb-width-large:33.333333333333%;--awb-margin-top-large:0px;--awb-spacing-right-large:5.76%;--awb-margin-bottom-large:0px;--awb-spacing-left-large:5.76%;--awb-width-medium:100%;--awb-order-medium:0;--awb-spacing-right-medium:1.92%;--awb-spacing-left-medium:1.92%;--awb-width-small:100%;--awb-order-small:0;--awb-spacing-right-small:1.92%;--awb-spacing-left-small:1.92%;\"><div class=\"fusion-column-wrapper fusion-column-has-shadow fusion-flex-justify-content-center fusion-content-layout-column\"><div class=\"fusion-image-element\" style=\"text-align:center;--awb-margin-top:3%;--awb-margin-right:5%;--awb-margin-left:5%;--awb-caption-title-font-family:var(--h2_typography-font-family);--awb-caption-title-font-weight:var(--h2_typography-font-weight);--awb-caption-title-font-style:var(--h2_typography-font-style);--awb-caption-title-size:var(--h2_typography-font-size);--awb-caption-title-transform:var(--h2_typography-text-transform);--awb-caption-title-line-height:var(--h2_typography-line-height);--awb-caption-title-letter-spacing:var(--h2_typography-letter-spacing);\"><span class=\" fusion-imageframe imageframe-none imageframe-6 hover-type-none\" style=\"border:3px solid #ffffff;\"><img decoding=\"async\" width=\"800\" height=\"600\" title=\"COLOMBIODIVERSIDAD2018_Expo_JBMedellin\u00a9A. de Miranda\" src=\"https:\/\/envol-vert.org\/wp-content\/uploads\/2018\/07\/COLOMBIODIVERSIDAD2018_Expo_JBMedellin\u00a9A.-de-Miranda.jpeg\" alt class=\"img-responsive wp-image-58736\" srcset=\"https:\/\/envol-vert.org\/wp-content\/uploads\/2018\/07\/COLOMBIODIVERSIDAD2018_Expo_JBMedellin\u00a9A.-de-Miranda-300x225.jpeg 300w, https:\/\/envol-vert.org\/wp-content\/uploads\/2018\/07\/COLOMBIODIVERSIDAD2018_Expo_JBMedellin\u00a9A.-de-Miranda-768x576.jpeg 768w, https:\/\/envol-vert.org\/wp-content\/uploads\/2018\/07\/COLOMBIODIVERSIDAD2018_Expo_JBMedellin\u00a9A.-de-Miranda.jpeg 800w\" sizes=\"(max-width: 800px) 100vw, 800px\" \/><\/span><\/div><div class=\"fusion-text fusion-text-7\"><p style=\"text-align: center;\"><span style=\"color: #999999;\"><em>Exposici\u00f3n en Medell\u00edn \u00a9A. de Miranda<\/em><\/span><\/p>\n<\/div><\/div><\/div><\/div><\/div><div class=\"fusion-fullwidth fullwidth-box fusion-builder-row-3 fusion-flex-container nonhundred-percent-fullwidth non-hundred-percent-height-scrolling\" style=\"--awb-border-radius-top-left:0px;--awb-border-radius-top-right:0px;--awb-border-radius-bottom-right:0px;--awb-border-radius-bottom-left:0px;--awb-flex-wrap:wrap;\" ><div class=\"fusion-builder-row fusion-row fusion-flex-align-items-flex-start fusion-flex-content-wrap\" style=\"max-width:1040px;margin-left: calc(-4% \/ 2 );margin-right: calc(-4% \/ 2 );\"><div class=\"fusion-layout-column fusion_builder_column fusion-builder-column-5 fusion_builder_column_1_1 1_1 fusion-flex-column\" style=\"--awb-bg-size:cover;--awb-width-large:100%;--awb-margin-top-large:0px;--awb-spacing-right-large:1.92%;--awb-margin-bottom-large:20px;--awb-spacing-left-large:1.92%;--awb-width-medium:100%;--awb-order-medium:0;--awb-spacing-right-medium:1.92%;--awb-spacing-left-medium:1.92%;--awb-width-small:100%;--awb-order-small:0;--awb-spacing-right-small:1.92%;--awb-spacing-left-small:1.92%;\"><div class=\"fusion-column-wrapper fusion-column-has-shadow fusion-flex-justify-content-flex-start fusion-content-layout-column\"><div style=\"text-align:left;\"><a class=\"fusion-button button-flat fusion-button-default-size button-default fusion-button-default button-1 fusion-button-default-span fusion-button-default-type\" style=\"--awb-margin-top:5%;--awb-margin-bottom:5%;\" target=\"_blank\" rel=\"noopener noreferrer\" href=\"https:\/\/envol-vert.org\/wp-content\/uploads\/2018\/07\/2018_Informe-Colombiodiversidad.pdf\"><i class=\"fa-arrow-circle-down fas awb-button__icon awb-button__icon--default button-icon-left\" aria-hidden=\"true\"><\/i><span class=\"fusion-button-text awb-button__text awb-button__text--default\">Descargar el informe<\/span><\/a><\/div><\/div><\/div><\/div><\/div><\/p>\n","protected":false},"excerpt":{"rendered":"<p>El 5to festival ColomBIOdiversidad se desarroll\u00f3 del 18 al 31 de mayo en Bogot\u00e1 y Medell\u00edn.<\/p>\n","protected":false},"author":114,"featured_media":17482,"comment_status":"closed","ping_status":"closed","sticky":false,"template":"","format":"standard","meta":{"footnotes":""},"categories":[446],"tags":[],"class_list":["post-17494","post","type-post","status-publish","format-standard","has-post-thumbnail","hentry","category-actualidades"],"yoast_head":"<!-- This site is optimized with the Yoast SEO plugin v28.3 - https:\/\/yoast.com\/product\/yoast-seo-wordpress\/ -->\n<title>En 2018, ColomBIOdiversidad ha celebrado su quinto aniversario - Envol Vert<\/title>\n<meta name=\"robots\" content=\"index, follow, max-snippet:-1, max-image-preview:large, max-video-preview:-1\" \/>\n<link rel=\"canonical\" href=\"https:\/\/envol-vert.org\/es\/actualidades\/2018\/07\/en-2018-colombiodiversidad-ha-celebrado-su-quinto-aniversario\/\" \/>\n<meta property=\"og:locale\" content=\"es_ES\" \/>\n<meta property=\"og:type\" content=\"article\" \/>\n<meta property=\"og:title\" content=\"En 2018, ColomBIOdiversidad ha celebrado su quinto aniversario - Envol Vert\" \/>\n<meta property=\"og:description\" content=\"El 5to festival ColomBIOdiversidad se desarroll\u00f3 del 18 al 31 de mayo en Bogot\u00e1 y Medell\u00edn.\" \/>\n<meta property=\"og:url\" content=\"https:\/\/envol-vert.org\/es\/actualidades\/2018\/07\/en-2018-colombiodiversidad-ha-celebrado-su-quinto-aniversario\/\" \/>\n<meta property=\"og:site_name\" content=\"Envol Vert\" \/>\n<meta property=\"article:publisher\" content=\"https:\/\/www.facebook.com\/EnvolVertFrance\/\" \/>\n<meta property=\"article:published_time\" content=\"2018-07-16T13:46:12+00:00\" \/>\n<meta property=\"article:modified_time\" content=\"2021-04-06T11:11:37+00:00\" \/>\n<meta property=\"og:image\" content=\"https:\/\/envol-vert.org\/wp-content\/uploads\/2018\/07\/COLOMBIODIVERSIDAD2018_Expo_PdlLMedellin\u00a9F.Raballand.jpg\" \/>\n\t<meta property=\"og:image:width\" content=\"800\" \/>\n\t<meta property=\"og:image:height\" content=\"449\" \/>\n\t<meta property=\"og:image:type\" content=\"image\/jpeg\" \/>\n<meta name=\"author\" content=\"Flora Goldgran\" \/>\n<meta name=\"twitter:card\" content=\"summary_large_image\" \/>\n<meta name=\"twitter:creator\" content=\"@Envolvert\" \/>\n<meta name=\"twitter:site\" content=\"@Envolvert\" \/>\n<meta name=\"twitter:label1\" content=\"Escrito por\" \/>\n\t<meta name=\"twitter:data1\" content=\"Flora Goldgran\" \/>\n\t<meta name=\"twitter:label2\" content=\"Tiempo de lectura\" \/>\n\t<meta name=\"twitter:data2\" content=\"8 minutes\" \/>\n<script type=\"application\/ld+json\" class=\"yoast-schema-graph\">{\"@context\":\"https:\\\/\\\/schema.org\",\"@graph\":[{\"@type\":\"Article\",\"@id\":\"https:\\\/\\\/envol-vert.org\\\/es\\\/actualidades\\\/2018\\\/07\\\/en-2018-colombiodiversidad-ha-celebrado-su-quinto-aniversario\\\/#article\",\"isPartOf\":{\"@id\":\"https:\\\/\\\/envol-vert.org\\\/es\\\/actualidades\\\/2018\\\/07\\\/en-2018-colombiodiversidad-ha-celebrado-su-quinto-aniversario\\\/\"},\"author\":{\"name\":\"Flora Goldgran\",\"@id\":\"https:\\\/\\\/envol-vert.org\\\/es\\\/#\\\/schema\\\/person\\\/d447db29a23d628c2c97a693bd0eb7cd\"},\"headline\":\"En 2018, ColomBIOdiversidad ha celebrado su quinto aniversario\",\"datePublished\":\"2018-07-16T13:46:12+00:00\",\"dateModified\":\"2021-04-06T11:11:37+00:00\",\"mainEntityOfPage\":{\"@id\":\"https:\\\/\\\/envol-vert.org\\\/es\\\/actualidades\\\/2018\\\/07\\\/en-2018-colombiodiversidad-ha-celebrado-su-quinto-aniversario\\\/\"},\"wordCount\":4189,\"publisher\":{\"@id\":\"https:\\\/\\\/envol-vert.org\\\/es\\\/#organization\"},\"image\":{\"@id\":\"https:\\\/\\\/envol-vert.org\\\/es\\\/actualidades\\\/2018\\\/07\\\/en-2018-colombiodiversidad-ha-celebrado-su-quinto-aniversario\\\/#primaryimage\"},\"thumbnailUrl\":\"https:\\\/\\\/envol-vert.org\\\/wp-content\\\/uploads\\\/2018\\\/07\\\/COLOMBIODIVERSIDAD2018_Expo_PdlLMedellin\u00a9F.Raballand.jpg\",\"articleSection\":[\"Actualidades\"],\"inLanguage\":\"es-ES\"},{\"@type\":\"WebPage\",\"@id\":\"https:\\\/\\\/envol-vert.org\\\/es\\\/actualidades\\\/2018\\\/07\\\/en-2018-colombiodiversidad-ha-celebrado-su-quinto-aniversario\\\/\",\"url\":\"https:\\\/\\\/envol-vert.org\\\/es\\\/actualidades\\\/2018\\\/07\\\/en-2018-colombiodiversidad-ha-celebrado-su-quinto-aniversario\\\/\",\"name\":\"En 2018, ColomBIOdiversidad ha celebrado su quinto aniversario - Envol Vert\",\"isPartOf\":{\"@id\":\"https:\\\/\\\/envol-vert.org\\\/es\\\/#website\"},\"primaryImageOfPage\":{\"@id\":\"https:\\\/\\\/envol-vert.org\\\/es\\\/actualidades\\\/2018\\\/07\\\/en-2018-colombiodiversidad-ha-celebrado-su-quinto-aniversario\\\/#primaryimage\"},\"image\":{\"@id\":\"https:\\\/\\\/envol-vert.org\\\/es\\\/actualidades\\\/2018\\\/07\\\/en-2018-colombiodiversidad-ha-celebrado-su-quinto-aniversario\\\/#primaryimage\"},\"thumbnailUrl\":\"https:\\\/\\\/envol-vert.org\\\/wp-content\\\/uploads\\\/2018\\\/07\\\/COLOMBIODIVERSIDAD2018_Expo_PdlLMedellin\u00a9F.Raballand.jpg\",\"datePublished\":\"2018-07-16T13:46:12+00:00\",\"dateModified\":\"2021-04-06T11:11:37+00:00\",\"breadcrumb\":{\"@id\":\"https:\\\/\\\/envol-vert.org\\\/es\\\/actualidades\\\/2018\\\/07\\\/en-2018-colombiodiversidad-ha-celebrado-su-quinto-aniversario\\\/#breadcrumb\"},\"inLanguage\":\"es-ES\",\"potentialAction\":[{\"@type\":\"ReadAction\",\"target\":[\"https:\\\/\\\/envol-vert.org\\\/es\\\/actualidades\\\/2018\\\/07\\\/en-2018-colombiodiversidad-ha-celebrado-su-quinto-aniversario\\\/\"]}]},{\"@type\":\"ImageObject\",\"inLanguage\":\"es-ES\",\"@id\":\"https:\\\/\\\/envol-vert.org\\\/es\\\/actualidades\\\/2018\\\/07\\\/en-2018-colombiodiversidad-ha-celebrado-su-quinto-aniversario\\\/#primaryimage\",\"url\":\"https:\\\/\\\/envol-vert.org\\\/wp-content\\\/uploads\\\/2018\\\/07\\\/COLOMBIODIVERSIDAD2018_Expo_PdlLMedellin\u00a9F.Raballand.jpg\",\"contentUrl\":\"https:\\\/\\\/envol-vert.org\\\/wp-content\\\/uploads\\\/2018\\\/07\\\/COLOMBIODIVERSIDAD2018_Expo_PdlLMedellin\u00a9F.Raballand.jpg\",\"width\":800,\"height\":449,\"caption\":\"COLOMBIODIVERSIDADExpo PdlLMedellin\u00a9F.Raballand\"},{\"@type\":\"BreadcrumbList\",\"@id\":\"https:\\\/\\\/envol-vert.org\\\/es\\\/actualidades\\\/2018\\\/07\\\/en-2018-colombiodiversidad-ha-celebrado-su-quinto-aniversario\\\/#breadcrumb\",\"itemListElement\":[{\"@type\":\"ListItem\",\"position\":1,\"name\":\"Accueil\",\"item\":\"https:\\\/\\\/envol-vert.org\\\/es\\\/\"},{\"@type\":\"ListItem\",\"position\":2,\"name\":\"En 2018, ColomBIOdiversidad ha celebrado su quinto aniversario\"}]},{\"@type\":\"WebSite\",\"@id\":\"https:\\\/\\\/envol-vert.org\\\/es\\\/#website\",\"url\":\"https:\\\/\\\/envol-vert.org\\\/es\\\/\",\"name\":\"Envol Vert\",\"description\":\"La for\u00eat nous rend service, rendons le lui.\",\"publisher\":{\"@id\":\"https:\\\/\\\/envol-vert.org\\\/es\\\/#organization\"},\"potentialAction\":[{\"@type\":\"SearchAction\",\"target\":{\"@type\":\"EntryPoint\",\"urlTemplate\":\"https:\\\/\\\/envol-vert.org\\\/es\\\/?s={search_term_string}\"},\"query-input\":{\"@type\":\"PropertyValueSpecification\",\"valueRequired\":true,\"valueName\":\"search_term_string\"}}],\"inLanguage\":\"es-ES\"},{\"@type\":\"Organization\",\"@id\":\"https:\\\/\\\/envol-vert.org\\\/es\\\/#organization\",\"name\":\"Envol Vert\",\"url\":\"https:\\\/\\\/envol-vert.org\\\/es\\\/\",\"logo\":{\"@type\":\"ImageObject\",\"inLanguage\":\"es-ES\",\"@id\":\"https:\\\/\\\/envol-vert.org\\\/es\\\/#\\\/schema\\\/logo\\\/image\\\/\",\"url\":\"https:\\\/\\\/envol-vert.org\\\/wp-content\\\/uploads\\\/2021\\\/03\\\/Logo-icone-site.png\",\"contentUrl\":\"https:\\\/\\\/envol-vert.org\\\/wp-content\\\/uploads\\\/2021\\\/03\\\/Logo-icone-site.png\",\"width\":512,\"height\":512,\"caption\":\"Envol Vert\"},\"image\":{\"@id\":\"https:\\\/\\\/envol-vert.org\\\/es\\\/#\\\/schema\\\/logo\\\/image\\\/\"},\"sameAs\":[\"https:\\\/\\\/www.facebook.com\\\/EnvolVertFrance\\\/\",\"https:\\\/\\\/x.com\\\/Envolvert\",\"https:\\\/\\\/www.instagram.com\\\/envol_vert_france\\\/\",\"https:\\\/\\\/www.linkedin.com\\\/company\\\/envolvert\\\/\",\"https:\\\/\\\/www.youtube.com\\\/c\\\/EnvolVert\"]},{\"@type\":\"Person\",\"@id\":\"https:\\\/\\\/envol-vert.org\\\/es\\\/#\\\/schema\\\/person\\\/d447db29a23d628c2c97a693bd0eb7cd\",\"name\":\"Flora Goldgran\",\"image\":{\"@type\":\"ImageObject\",\"inLanguage\":\"es-ES\",\"@id\":\"https:\\\/\\\/secure.gravatar.com\\\/avatar\\\/f79756b4fc93001db23834d147f2e7beff056665b5b12c840f6a7ad817d6f314?s=96&d=mm&r=g\",\"url\":\"https:\\\/\\\/secure.gravatar.com\\\/avatar\\\/f79756b4fc93001db23834d147f2e7beff056665b5b12c840f6a7ad817d6f314?s=96&d=mm&r=g\",\"contentUrl\":\"https:\\\/\\\/secure.gravatar.com\\\/avatar\\\/f79756b4fc93001db23834d147f2e7beff056665b5b12c840f6a7ad817d6f314?s=96&d=mm&r=g\",\"caption\":\"Flora Goldgran\"},\"url\":\"https:\\\/\\\/envol-vert.org\\\/es\\\/author\\\/flora\\\/\"}]}<\/script>\n<!-- \/ Yoast SEO plugin. -->","yoast_head_json":{"title":"En 2018, ColomBIOdiversidad ha celebrado su quinto aniversario - Envol Vert","robots":{"index":"index","follow":"follow","max-snippet":"max-snippet:-1","max-image-preview":"max-image-preview:large","max-video-preview":"max-video-preview:-1"},"canonical":"https:\/\/envol-vert.org\/es\/actualidades\/2018\/07\/en-2018-colombiodiversidad-ha-celebrado-su-quinto-aniversario\/","og_locale":"es_ES","og_type":"article","og_title":"En 2018, ColomBIOdiversidad ha celebrado su quinto aniversario - Envol Vert","og_description":"El 5to festival ColomBIOdiversidad se desarroll\u00f3 del 18 al 31 de mayo en Bogot\u00e1 y Medell\u00edn.","og_url":"https:\/\/envol-vert.org\/es\/actualidades\/2018\/07\/en-2018-colombiodiversidad-ha-celebrado-su-quinto-aniversario\/","og_site_name":"Envol Vert","article_publisher":"https:\/\/www.facebook.com\/EnvolVertFrance\/","article_published_time":"2018-07-16T13:46:12+00:00","article_modified_time":"2021-04-06T11:11:37+00:00","og_image":[{"width":800,"height":449,"url":"https:\/\/envol-vert.org\/wp-content\/uploads\/2018\/07\/COLOMBIODIVERSIDAD2018_Expo_PdlLMedellin\u00a9F.Raballand.jpg","type":"image\/jpeg"}],"author":"Flora Goldgran","twitter_card":"summary_large_image","twitter_creator":"@Envolvert","twitter_site":"@Envolvert","twitter_misc":{"Escrito por":"Flora Goldgran","Tiempo de lectura":"8 minutes"},"schema":{"@context":"https:\/\/schema.org","@graph":[{"@type":"Article","@id":"https:\/\/envol-vert.org\/es\/actualidades\/2018\/07\/en-2018-colombiodiversidad-ha-celebrado-su-quinto-aniversario\/#article","isPartOf":{"@id":"https:\/\/envol-vert.org\/es\/actualidades\/2018\/07\/en-2018-colombiodiversidad-ha-celebrado-su-quinto-aniversario\/"},"author":{"name":"Flora Goldgran","@id":"https:\/\/envol-vert.org\/es\/#\/schema\/person\/d447db29a23d628c2c97a693bd0eb7cd"},"headline":"En 2018, ColomBIOdiversidad ha celebrado su quinto aniversario","datePublished":"2018-07-16T13:46:12+00:00","dateModified":"2021-04-06T11:11:37+00:00","mainEntityOfPage":{"@id":"https:\/\/envol-vert.org\/es\/actualidades\/2018\/07\/en-2018-colombiodiversidad-ha-celebrado-su-quinto-aniversario\/"},"wordCount":4189,"publisher":{"@id":"https:\/\/envol-vert.org\/es\/#organization"},"image":{"@id":"https:\/\/envol-vert.org\/es\/actualidades\/2018\/07\/en-2018-colombiodiversidad-ha-celebrado-su-quinto-aniversario\/#primaryimage"},"thumbnailUrl":"https:\/\/envol-vert.org\/wp-content\/uploads\/2018\/07\/COLOMBIODIVERSIDAD2018_Expo_PdlLMedellin\u00a9F.Raballand.jpg","articleSection":["Actualidades"],"inLanguage":"es-ES"},{"@type":"WebPage","@id":"https:\/\/envol-vert.org\/es\/actualidades\/2018\/07\/en-2018-colombiodiversidad-ha-celebrado-su-quinto-aniversario\/","url":"https:\/\/envol-vert.org\/es\/actualidades\/2018\/07\/en-2018-colombiodiversidad-ha-celebrado-su-quinto-aniversario\/","name":"En 2018, ColomBIOdiversidad ha celebrado su quinto aniversario - Envol Vert","isPartOf":{"@id":"https:\/\/envol-vert.org\/es\/#website"},"primaryImageOfPage":{"@id":"https:\/\/envol-vert.org\/es\/actualidades\/2018\/07\/en-2018-colombiodiversidad-ha-celebrado-su-quinto-aniversario\/#primaryimage"},"image":{"@id":"https:\/\/envol-vert.org\/es\/actualidades\/2018\/07\/en-2018-colombiodiversidad-ha-celebrado-su-quinto-aniversario\/#primaryimage"},"thumbnailUrl":"https:\/\/envol-vert.org\/wp-content\/uploads\/2018\/07\/COLOMBIODIVERSIDAD2018_Expo_PdlLMedellin\u00a9F.Raballand.jpg","datePublished":"2018-07-16T13:46:12+00:00","dateModified":"2021-04-06T11:11:37+00:00","breadcrumb":{"@id":"https:\/\/envol-vert.org\/es\/actualidades\/2018\/07\/en-2018-colombiodiversidad-ha-celebrado-su-quinto-aniversario\/#breadcrumb"},"inLanguage":"es-ES","potentialAction":[{"@type":"ReadAction","target":["https:\/\/envol-vert.org\/es\/actualidades\/2018\/07\/en-2018-colombiodiversidad-ha-celebrado-su-quinto-aniversario\/"]}]},{"@type":"ImageObject","inLanguage":"es-ES","@id":"https:\/\/envol-vert.org\/es\/actualidades\/2018\/07\/en-2018-colombiodiversidad-ha-celebrado-su-quinto-aniversario\/#primaryimage","url":"https:\/\/envol-vert.org\/wp-content\/uploads\/2018\/07\/COLOMBIODIVERSIDAD2018_Expo_PdlLMedellin\u00a9F.Raballand.jpg","contentUrl":"https:\/\/envol-vert.org\/wp-content\/uploads\/2018\/07\/COLOMBIODIVERSIDAD2018_Expo_PdlLMedellin\u00a9F.Raballand.jpg","width":800,"height":449,"caption":"COLOMBIODIVERSIDADExpo PdlLMedellin\u00a9F.Raballand"},{"@type":"BreadcrumbList","@id":"https:\/\/envol-vert.org\/es\/actualidades\/2018\/07\/en-2018-colombiodiversidad-ha-celebrado-su-quinto-aniversario\/#breadcrumb","itemListElement":[{"@type":"ListItem","position":1,"name":"Accueil","item":"https:\/\/envol-vert.org\/es\/"},{"@type":"ListItem","position":2,"name":"En 2018, ColomBIOdiversidad ha celebrado su quinto aniversario"}]},{"@type":"WebSite","@id":"https:\/\/envol-vert.org\/es\/#website","url":"https:\/\/envol-vert.org\/es\/","name":"Envol Vert","description":"La for\u00eat nous rend service, rendons le lui.","publisher":{"@id":"https:\/\/envol-vert.org\/es\/#organization"},"potentialAction":[{"@type":"SearchAction","target":{"@type":"EntryPoint","urlTemplate":"https:\/\/envol-vert.org\/es\/?s={search_term_string}"},"query-input":{"@type":"PropertyValueSpecification","valueRequired":true,"valueName":"search_term_string"}}],"inLanguage":"es-ES"},{"@type":"Organization","@id":"https:\/\/envol-vert.org\/es\/#organization","name":"Envol Vert","url":"https:\/\/envol-vert.org\/es\/","logo":{"@type":"ImageObject","inLanguage":"es-ES","@id":"https:\/\/envol-vert.org\/es\/#\/schema\/logo\/image\/","url":"https:\/\/envol-vert.org\/wp-content\/uploads\/2021\/03\/Logo-icone-site.png","contentUrl":"https:\/\/envol-vert.org\/wp-content\/uploads\/2021\/03\/Logo-icone-site.png","width":512,"height":512,"caption":"Envol Vert"},"image":{"@id":"https:\/\/envol-vert.org\/es\/#\/schema\/logo\/image\/"},"sameAs":["https:\/\/www.facebook.com\/EnvolVertFrance\/","https:\/\/x.com\/Envolvert","https:\/\/www.instagram.com\/envol_vert_france\/","https:\/\/www.linkedin.com\/company\/envolvert\/","https:\/\/www.youtube.com\/c\/EnvolVert"]},{"@type":"Person","@id":"https:\/\/envol-vert.org\/es\/#\/schema\/person\/d447db29a23d628c2c97a693bd0eb7cd","name":"Flora Goldgran","image":{"@type":"ImageObject","inLanguage":"es-ES","@id":"https:\/\/secure.gravatar.com\/avatar\/f79756b4fc93001db23834d147f2e7beff056665b5b12c840f6a7ad817d6f314?s=96&d=mm&r=g","url":"https:\/\/secure.gravatar.com\/avatar\/f79756b4fc93001db23834d147f2e7beff056665b5b12c840f6a7ad817d6f314?s=96&d=mm&r=g","contentUrl":"https:\/\/secure.gravatar.com\/avatar\/f79756b4fc93001db23834d147f2e7beff056665b5b12c840f6a7ad817d6f314?s=96&d=mm&r=g","caption":"Flora Goldgran"},"url":"https:\/\/envol-vert.org\/es\/author\/flora\/"}]}},"_links":{"self":[{"href":"https:\/\/envol-vert.org\/es\/wp-json\/wp\/v2\/posts\/17494","targetHints":{"allow":["GET"]}}],"collection":[{"href":"https:\/\/envol-vert.org\/es\/wp-json\/wp\/v2\/posts"}],"about":[{"href":"https:\/\/envol-vert.org\/es\/wp-json\/wp\/v2\/types\/post"}],"author":[{"embeddable":true,"href":"https:\/\/envol-vert.org\/es\/wp-json\/wp\/v2\/users\/114"}],"replies":[{"embeddable":true,"href":"https:\/\/envol-vert.org\/es\/wp-json\/wp\/v2\/comments?post=17494"}],"version-history":[{"count":0,"href":"https:\/\/envol-vert.org\/es\/wp-json\/wp\/v2\/posts\/17494\/revisions"}],"wp:featuredmedia":[{"embeddable":true,"href":"https:\/\/envol-vert.org\/es\/wp-json\/wp\/v2\/media\/17482"}],"wp:attachment":[{"href":"https:\/\/envol-vert.org\/es\/wp-json\/wp\/v2\/media?parent=17494"}],"wp:term":[{"taxonomy":"category","embeddable":true,"href":"https:\/\/envol-vert.org\/es\/wp-json\/wp\/v2\/categories?post=17494"},{"taxonomy":"post_tag","embeddable":true,"href":"https:\/\/envol-vert.org\/es\/wp-json\/wp\/v2\/tags?post=17494"}],"curies":[{"name":"wp","href":"https:\/\/api.w.org\/{rel}","templated":true}]}}