{"id":17558,"date":"2018-05-31T19:44:23","date_gmt":"2018-05-31T18:44:23","guid":{"rendered":"http:\/\/envol-vert.org\/non-classe-es-es\/2018\/05\/les-boussoles-envol-vert-2\/"},"modified":"2018-07-19T11:47:58","modified_gmt":"2018-07-19T10:47:58","slug":"la-brujula-envol-vert","status":"publish","type":"post","link":"https:\/\/envol-vert.org\/es\/actualidades\/2018\/05\/la-brujula-envol-vert\/","title":{"rendered":"La br\u00fajula de Envol Vert para evaluar la calidad de sus acciones"},"content":{"rendered":"<p>Desde hace 4 a\u00f1os, Envol Vert realiza encuestas con sus grupos de inter\u00e9s: las poblaciones beneficiarias de sus proyectos, los socios, los donantes y los voluntarios.<\/p>\n<p>Estas encuestas permiten la recolecci\u00f3n de sus opiniones y percepciones con el fin de estimar las utilidades sociales, societarias y medioambientales de la organizaci\u00f3n. Para ello, estos aportes cualitativos se traducen en \u00edndices num\u00e9ricos. Estos \u00edndices se detallan con infograf\u00edas llamadas \u201cbr\u00fajulas\u201d, que comprenden:<\/p>\n<ul>\n<li>Un \u00edndice global (sobre 1)<\/li>\n<li>5 dimensiones ilustradas en forma de radar<\/li>\n<li>Cada dimensi\u00f3n est\u00e1 compuesta por 3 indicadores expresados en un sem\u00e1foro, con 3 niveles \u00edndice: verde (alto), anaranjado (medio) y rojo (bajo).<\/li>\n<\/ul>\n<p>Descubra estas br\u00fajulas en las p\u00e1ginas siguientes del informe de actividades 2017 de Envol Vert:<\/p>\n<p><strong>Las br\u00fajulas de los proyectos que miden la utilidad social y medioambiental de Envol Vert: se trata de la capacidad de Envol Vert de contribuir a frenar la deforestaci\u00f3n al tiempo que se mejora la calidad de vida de las poblaciones beneficiarias de los proyectos que apoya.<\/strong><\/p>\n<table>\n<tbody>\n<tr>\n<td>\n<h4><strong>Proyecto de Agroforester\u00eda y recuperaci\u00f3n de \u00e1reas degradadas<\/strong><\/h4>\n<p>Con un \u00edndice global de 0.65, los resultados son variados en cuanto a las dimensiones econ\u00f3mica y societaria. Es en la dimensi\u00f3n medioambiental que el valor agregado es percibido como el m\u00e1s alto.<\/td>\n<td><a href=\"http:\/\/envol-vert.org\/wp-content\/uploads\/2018\/07\/boussole-perou-es.jpg\"><img decoding=\"async\" class=\"wp-image-17568 size-medium aligncenter\" src=\"http:\/\/envol-vert.org\/wp-content\/uploads\/2018\/07\/boussole-perou-es-290x300.jpg\" width=\"290\" height=\"300\" srcset=\"https:\/\/envol-vert.org\/wp-content\/uploads\/2018\/07\/boussole-perou-es-290x300.jpg 290w, https:\/\/envol-vert.org\/wp-content\/uploads\/2018\/07\/boussole-perou-es.jpg 496w\" sizes=\"(max-width: 290px) 100vw, 290px\" \/><\/a><\/td>\n<\/tr>\n<tr>\n<td>\u00a0<a href=\"http:\/\/envol-vert.org\/wp-content\/uploads\/2018\/07\/boussole_perou2.jpg\"><img decoding=\"async\" class=\"wp-image-17567 size-medium aligncenter\" src=\"http:\/\/envol-vert.org\/wp-content\/uploads\/2018\/07\/boussole_perou2-275x300.jpg\" width=\"275\" height=\"300\" srcset=\"https:\/\/envol-vert.org\/wp-content\/uploads\/2018\/07\/boussole_perou2-275x300.jpg 275w, https:\/\/envol-vert.org\/wp-content\/uploads\/2018\/07\/boussole_perou2.jpg 482w\" sizes=\"(max-width: 275px) 100vw, 275px\" \/><\/a><\/td>\n<td>\n<h4><strong>Ecoturismo y Conservaci\u00f3n, Per\u00fa<\/strong><\/h4>\n<p>Se trata del \u00edndice general m\u00e1s alto: 0.78. Sobre el conjunto de las 5 dimensiones, el valor agregado de Envol Vert es considerado como muy alto.<\/td>\n<\/tr>\n<tr>\n<td>\u00a0<a href=\"http:\/\/envol-vert.org\/wp-content\/uploads\/2018\/07\/boussole_colombie_es.jpg\"><img decoding=\"async\" class=\"wp-image-17563 size-medium aligncenter\" src=\"http:\/\/envol-vert.org\/wp-content\/uploads\/2018\/07\/boussole_colombie_es-289x300.jpg\" width=\"289\" height=\"300\" srcset=\"https:\/\/envol-vert.org\/wp-content\/uploads\/2018\/07\/boussole_colombie_es-289x300.jpg 289w, https:\/\/envol-vert.org\/wp-content\/uploads\/2018\/07\/boussole_colombie_es.jpg 491w\" sizes=\"(max-width: 289px) 100vw, 289px\" \/><\/a><\/td>\n<td>\n<h4><strong>Restauraci\u00f3n forestal y Noyer Maya, Colombia<\/strong><\/h4>\n<p>El \u00edndice global se encuentra en un nivel alto: 0,74. Es sobre la creaci\u00f3n de ingresos a partir del bosque que la percepci\u00f3n es la m\u00e1s baja, mientras que los aportes a nivel medioambiental se perciben como los m\u00e1s altos.<\/td>\n<\/tr>\n<tr>\n<td>\n<h4><strong>La br\u00fajula de los colaboradores y voluntarios de terreno que mide el nivel de realizaci\u00f3n personal aportado por Envol Vert<\/strong><\/h4>\n<p>Mas all\u00e1 de un \u00edndice global alto de 0.79, esta encuesta permite, entre otros, identificar las necesidades en cuanto a capacitaci\u00f3n y desarrollo de capacidades dentro de Envol Vert.<\/td>\n<td>\u00a0<a href=\"http:\/\/envol-vert.org\/wp-content\/uploads\/2018\/07\/boussole_equipe_es.jpg\"><img decoding=\"async\" class=\"wp-image-17565 size-medium aligncenter\" src=\"http:\/\/envol-vert.org\/wp-content\/uploads\/2018\/07\/boussole_equipe_es-300x266.jpg\" width=\"300\" height=\"266\" srcset=\"https:\/\/envol-vert.org\/wp-content\/uploads\/2018\/07\/boussole_equipe_es-300x266.jpg 300w, https:\/\/envol-vert.org\/wp-content\/uploads\/2018\/07\/boussole_equipe_es.jpg 542w\" sizes=\"(max-width: 300px) 100vw, 300px\" \/><\/a><\/td>\n<\/tr>\n<tr>\n<td>\u00a0<a href=\"http:\/\/envol-vert.org\/wp-content\/uploads\/2018\/07\/boussole_partenaires_es.jpg\"><img decoding=\"async\" class=\"wp-image-17566 size-medium aligncenter\" src=\"http:\/\/envol-vert.org\/wp-content\/uploads\/2018\/07\/boussole_partenaires_es-300x273.jpg\" width=\"300\" height=\"273\" srcset=\"https:\/\/envol-vert.org\/wp-content\/uploads\/2018\/07\/boussole_partenaires_es-300x273.jpg 300w, https:\/\/envol-vert.org\/wp-content\/uploads\/2018\/07\/boussole_partenaires_es.jpg 532w\" sizes=\"(max-width: 300px) 100vw, 300px\" \/><\/a><\/td>\n<td>\n<h4><strong>La br\u00fajula que eval\u00faa la contribuci\u00f3n de Envol Vert al compromiso social de los asociados<\/strong><\/h4>\n<p>El \u00edndice alcanza un nivel bastante satisfactorio (0.75), en particular sobre la calidad de los proyectos, el valor compartido y la satisfacci\u00f3n general con las alianzas. Pero los socios de Envol Vert consideran que sacan relativamente poco provecho de su colaboraci\u00f3n con la asociaci\u00f3n, alcanzando un \u00edndice en la dimensi\u00f3n \u201cbeneficios y aportes\u201d de 0.57.<\/td>\n<\/tr>\n<tr>\n<td>\n<h4><strong>La br\u00fajula de los donantes que rinde cuentas de su satisfacci\u00f3n en cuanto a su compromiso con Envol Vert y en cuanto a la adaptaci\u00f3n entre sus valores y los de la asociaci\u00f3n<\/strong><\/h4>\n<p>Para una primera medici\u00f3n en 2017, la satisfacci\u00f3n de los donantes de Envol Vert alcanza un nivel alto: 0.80. El conjunto de los indicadores sobre cada una de las 5 dimensiones se encuentra en verde, a excepci\u00f3n de la capacidad de interpelaci\u00f3n que les parece algo limitada.<\/td>\n<td>\u00a0<a href=\"http:\/\/envol-vert.org\/wp-content\/uploads\/2018\/07\/boussole_donateurs_es.jpg\"><img decoding=\"async\" class=\"wp-image-17564 size-medium aligncenter\" src=\"http:\/\/envol-vert.org\/wp-content\/uploads\/2018\/07\/boussole_donateurs_es-300x297.jpg\" width=\"300\" height=\"297\" srcset=\"https:\/\/envol-vert.org\/wp-content\/uploads\/2018\/07\/boussole_donateurs_es-60x60.jpg 60w, https:\/\/envol-vert.org\/wp-content\/uploads\/2018\/07\/boussole_donateurs_es-150x150.jpg 150w, https:\/\/envol-vert.org\/wp-content\/uploads\/2018\/07\/boussole_donateurs_es-300x297.jpg 300w, https:\/\/envol-vert.org\/wp-content\/uploads\/2018\/07\/boussole_donateurs_es.jpg 526w\" sizes=\"(max-width: 300px) 100vw, 300px\" \/><\/a><\/td>\n<\/tr>\n<\/tbody>\n<\/table>\n","protected":false},"excerpt":{"rendered":"<p>Desde hace 4 a\u00f1os, Envol Vert realiza encuestas con sus  [&#8230;]<\/p>\n","protected":false},"author":114,"featured_media":17567,"comment_status":"closed","ping_status":"closed","sticky":false,"template":"","format":"standard","meta":{"footnotes":""},"categories":[446],"tags":[],"class_list":["post-17558","post","type-post","status-publish","format-standard","has-post-thumbnail","hentry","category-actualidades"],"yoast_head":"<!-- This site is optimized with the Yoast SEO plugin v28.3 - https:\/\/yoast.com\/product\/yoast-seo-wordpress\/ -->\n<title>La br\u00fajula de Envol Vert para evaluar la calidad de sus acciones - Envol Vert<\/title>\n<meta name=\"robots\" content=\"index, follow, max-snippet:-1, max-image-preview:large, max-video-preview:-1\" \/>\n<link rel=\"canonical\" href=\"https:\/\/envol-vert.org\/es\/actualidades\/2018\/05\/la-brujula-envol-vert\/\" \/>\n<meta property=\"og:locale\" content=\"es_ES\" \/>\n<meta property=\"og:type\" content=\"article\" \/>\n<meta property=\"og:title\" content=\"La br\u00fajula de Envol Vert para evaluar la calidad de sus acciones - Envol Vert\" \/>\n<meta property=\"og:description\" content=\"Desde hace 4 a\u00f1os, Envol Vert realiza encuestas con sus [...]\" \/>\n<meta property=\"og:url\" content=\"https:\/\/envol-vert.org\/es\/actualidades\/2018\/05\/la-brujula-envol-vert\/\" \/>\n<meta property=\"og:site_name\" content=\"Envol Vert\" \/>\n<meta property=\"article:publisher\" content=\"https:\/\/www.facebook.com\/EnvolVertFrance\/\" \/>\n<meta property=\"article:published_time\" content=\"2018-05-31T18:44:23+00:00\" \/>\n<meta property=\"article:modified_time\" content=\"2018-07-19T10:47:58+00:00\" \/>\n<meta property=\"og:image\" content=\"https:\/\/envol-vert.org\/wp-content\/uploads\/2018\/07\/boussole_perou2.jpg\" \/>\n\t<meta property=\"og:image:width\" content=\"482\" \/>\n\t<meta property=\"og:image:height\" content=\"525\" \/>\n\t<meta property=\"og:image:type\" content=\"image\/jpeg\" \/>\n<meta name=\"author\" content=\"Flora Goldgran\" \/>\n<meta name=\"twitter:card\" content=\"summary_large_image\" \/>\n<meta name=\"twitter:creator\" content=\"@Envolvert\" \/>\n<meta name=\"twitter:site\" content=\"@Envolvert\" \/>\n<meta name=\"twitter:label1\" content=\"Escrito por\" \/>\n\t<meta name=\"twitter:data1\" content=\"Flora Goldgran\" \/>\n\t<meta name=\"twitter:label2\" content=\"Tiempo de lectura\" \/>\n\t<meta name=\"twitter:data2\" content=\"3 minutes\" \/>\n<script type=\"application\/ld+json\" class=\"yoast-schema-graph\">{\"@context\":\"https:\\\/\\\/schema.org\",\"@graph\":[{\"@type\":\"Article\",\"@id\":\"https:\\\/\\\/envol-vert.org\\\/es\\\/actualidades\\\/2018\\\/05\\\/la-brujula-envol-vert\\\/#article\",\"isPartOf\":{\"@id\":\"https:\\\/\\\/envol-vert.org\\\/es\\\/actualidades\\\/2018\\\/05\\\/la-brujula-envol-vert\\\/\"},\"author\":{\"name\":\"Flora Goldgran\",\"@id\":\"https:\\\/\\\/envol-vert.org\\\/es\\\/#\\\/schema\\\/person\\\/d447db29a23d628c2c97a693bd0eb7cd\"},\"headline\":\"La br\u00fajula de Envol Vert para evaluar la calidad de sus acciones\",\"datePublished\":\"2018-05-31T18:44:23+00:00\",\"dateModified\":\"2018-07-19T10:47:58+00:00\",\"mainEntityOfPage\":{\"@id\":\"https:\\\/\\\/envol-vert.org\\\/es\\\/actualidades\\\/2018\\\/05\\\/la-brujula-envol-vert\\\/\"},\"wordCount\":522,\"publisher\":{\"@id\":\"https:\\\/\\\/envol-vert.org\\\/es\\\/#organization\"},\"image\":{\"@id\":\"https:\\\/\\\/envol-vert.org\\\/es\\\/actualidades\\\/2018\\\/05\\\/la-brujula-envol-vert\\\/#primaryimage\"},\"thumbnailUrl\":\"https:\\\/\\\/envol-vert.org\\\/wp-content\\\/uploads\\\/2018\\\/07\\\/boussole_perou2.jpg\",\"articleSection\":[\"Actualidades\"],\"inLanguage\":\"es-ES\"},{\"@type\":\"WebPage\",\"@id\":\"https:\\\/\\\/envol-vert.org\\\/es\\\/actualidades\\\/2018\\\/05\\\/la-brujula-envol-vert\\\/\",\"url\":\"https:\\\/\\\/envol-vert.org\\\/es\\\/actualidades\\\/2018\\\/05\\\/la-brujula-envol-vert\\\/\",\"name\":\"La br\u00fajula de Envol Vert para evaluar la calidad de sus acciones - Envol Vert\",\"isPartOf\":{\"@id\":\"https:\\\/\\\/envol-vert.org\\\/es\\\/#website\"},\"primaryImageOfPage\":{\"@id\":\"https:\\\/\\\/envol-vert.org\\\/es\\\/actualidades\\\/2018\\\/05\\\/la-brujula-envol-vert\\\/#primaryimage\"},\"image\":{\"@id\":\"https:\\\/\\\/envol-vert.org\\\/es\\\/actualidades\\\/2018\\\/05\\\/la-brujula-envol-vert\\\/#primaryimage\"},\"thumbnailUrl\":\"https:\\\/\\\/envol-vert.org\\\/wp-content\\\/uploads\\\/2018\\\/07\\\/boussole_perou2.jpg\",\"datePublished\":\"2018-05-31T18:44:23+00:00\",\"dateModified\":\"2018-07-19T10:47:58+00:00\",\"breadcrumb\":{\"@id\":\"https:\\\/\\\/envol-vert.org\\\/es\\\/actualidades\\\/2018\\\/05\\\/la-brujula-envol-vert\\\/#breadcrumb\"},\"inLanguage\":\"es-ES\",\"potentialAction\":[{\"@type\":\"ReadAction\",\"target\":[\"https:\\\/\\\/envol-vert.org\\\/es\\\/actualidades\\\/2018\\\/05\\\/la-brujula-envol-vert\\\/\"]}]},{\"@type\":\"ImageObject\",\"inLanguage\":\"es-ES\",\"@id\":\"https:\\\/\\\/envol-vert.org\\\/es\\\/actualidades\\\/2018\\\/05\\\/la-brujula-envol-vert\\\/#primaryimage\",\"url\":\"https:\\\/\\\/envol-vert.org\\\/wp-content\\\/uploads\\\/2018\\\/07\\\/boussole_perou2.jpg\",\"contentUrl\":\"https:\\\/\\\/envol-vert.org\\\/wp-content\\\/uploads\\\/2018\\\/07\\\/boussole_perou2.jpg\",\"width\":482,\"height\":525,\"caption\":\"Boussole perou2 es\"},{\"@type\":\"BreadcrumbList\",\"@id\":\"https:\\\/\\\/envol-vert.org\\\/es\\\/actualidades\\\/2018\\\/05\\\/la-brujula-envol-vert\\\/#breadcrumb\",\"itemListElement\":[{\"@type\":\"ListItem\",\"position\":1,\"name\":\"Accueil\",\"item\":\"https:\\\/\\\/envol-vert.org\\\/es\\\/\"},{\"@type\":\"ListItem\",\"position\":2,\"name\":\"La br\u00fajula de Envol Vert para evaluar la calidad de sus acciones\"}]},{\"@type\":\"WebSite\",\"@id\":\"https:\\\/\\\/envol-vert.org\\\/es\\\/#website\",\"url\":\"https:\\\/\\\/envol-vert.org\\\/es\\\/\",\"name\":\"Envol Vert\",\"description\":\"La for\u00eat nous rend service, rendons le lui.\",\"publisher\":{\"@id\":\"https:\\\/\\\/envol-vert.org\\\/es\\\/#organization\"},\"potentialAction\":[{\"@type\":\"SearchAction\",\"target\":{\"@type\":\"EntryPoint\",\"urlTemplate\":\"https:\\\/\\\/envol-vert.org\\\/es\\\/?s={search_term_string}\"},\"query-input\":{\"@type\":\"PropertyValueSpecification\",\"valueRequired\":true,\"valueName\":\"search_term_string\"}}],\"inLanguage\":\"es-ES\"},{\"@type\":\"Organization\",\"@id\":\"https:\\\/\\\/envol-vert.org\\\/es\\\/#organization\",\"name\":\"Envol Vert\",\"url\":\"https:\\\/\\\/envol-vert.org\\\/es\\\/\",\"logo\":{\"@type\":\"ImageObject\",\"inLanguage\":\"es-ES\",\"@id\":\"https:\\\/\\\/envol-vert.org\\\/es\\\/#\\\/schema\\\/logo\\\/image\\\/\",\"url\":\"https:\\\/\\\/envol-vert.org\\\/wp-content\\\/uploads\\\/2021\\\/03\\\/Logo-icone-site.png\",\"contentUrl\":\"https:\\\/\\\/envol-vert.org\\\/wp-content\\\/uploads\\\/2021\\\/03\\\/Logo-icone-site.png\",\"width\":512,\"height\":512,\"caption\":\"Envol Vert\"},\"image\":{\"@id\":\"https:\\\/\\\/envol-vert.org\\\/es\\\/#\\\/schema\\\/logo\\\/image\\\/\"},\"sameAs\":[\"https:\\\/\\\/www.facebook.com\\\/EnvolVertFrance\\\/\",\"https:\\\/\\\/x.com\\\/Envolvert\",\"https:\\\/\\\/www.instagram.com\\\/envol_vert_france\\\/\",\"https:\\\/\\\/www.linkedin.com\\\/company\\\/envolvert\\\/\",\"https:\\\/\\\/www.youtube.com\\\/c\\\/EnvolVert\"]},{\"@type\":\"Person\",\"@id\":\"https:\\\/\\\/envol-vert.org\\\/es\\\/#\\\/schema\\\/person\\\/d447db29a23d628c2c97a693bd0eb7cd\",\"name\":\"Flora Goldgran\",\"image\":{\"@type\":\"ImageObject\",\"inLanguage\":\"es-ES\",\"@id\":\"https:\\\/\\\/secure.gravatar.com\\\/avatar\\\/f79756b4fc93001db23834d147f2e7beff056665b5b12c840f6a7ad817d6f314?s=96&d=mm&r=g\",\"url\":\"https:\\\/\\\/secure.gravatar.com\\\/avatar\\\/f79756b4fc93001db23834d147f2e7beff056665b5b12c840f6a7ad817d6f314?s=96&d=mm&r=g\",\"contentUrl\":\"https:\\\/\\\/secure.gravatar.com\\\/avatar\\\/f79756b4fc93001db23834d147f2e7beff056665b5b12c840f6a7ad817d6f314?s=96&d=mm&r=g\",\"caption\":\"Flora Goldgran\"},\"url\":\"https:\\\/\\\/envol-vert.org\\\/es\\\/author\\\/flora\\\/\"}]}<\/script>\n<!-- \/ Yoast SEO plugin. -->","yoast_head_json":{"title":"La br\u00fajula de Envol Vert para evaluar la calidad de sus acciones - Envol Vert","robots":{"index":"index","follow":"follow","max-snippet":"max-snippet:-1","max-image-preview":"max-image-preview:large","max-video-preview":"max-video-preview:-1"},"canonical":"https:\/\/envol-vert.org\/es\/actualidades\/2018\/05\/la-brujula-envol-vert\/","og_locale":"es_ES","og_type":"article","og_title":"La br\u00fajula de Envol Vert para evaluar la calidad de sus acciones - Envol Vert","og_description":"Desde hace 4 a\u00f1os, Envol Vert realiza encuestas con sus [...]","og_url":"https:\/\/envol-vert.org\/es\/actualidades\/2018\/05\/la-brujula-envol-vert\/","og_site_name":"Envol Vert","article_publisher":"https:\/\/www.facebook.com\/EnvolVertFrance\/","article_published_time":"2018-05-31T18:44:23+00:00","article_modified_time":"2018-07-19T10:47:58+00:00","og_image":[{"width":482,"height":525,"url":"https:\/\/envol-vert.org\/wp-content\/uploads\/2018\/07\/boussole_perou2.jpg","type":"image\/jpeg"}],"author":"Flora Goldgran","twitter_card":"summary_large_image","twitter_creator":"@Envolvert","twitter_site":"@Envolvert","twitter_misc":{"Escrito por":"Flora Goldgran","Tiempo de lectura":"3 minutes"},"schema":{"@context":"https:\/\/schema.org","@graph":[{"@type":"Article","@id":"https:\/\/envol-vert.org\/es\/actualidades\/2018\/05\/la-brujula-envol-vert\/#article","isPartOf":{"@id":"https:\/\/envol-vert.org\/es\/actualidades\/2018\/05\/la-brujula-envol-vert\/"},"author":{"name":"Flora Goldgran","@id":"https:\/\/envol-vert.org\/es\/#\/schema\/person\/d447db29a23d628c2c97a693bd0eb7cd"},"headline":"La br\u00fajula de Envol Vert para evaluar la calidad de sus acciones","datePublished":"2018-05-31T18:44:23+00:00","dateModified":"2018-07-19T10:47:58+00:00","mainEntityOfPage":{"@id":"https:\/\/envol-vert.org\/es\/actualidades\/2018\/05\/la-brujula-envol-vert\/"},"wordCount":522,"publisher":{"@id":"https:\/\/envol-vert.org\/es\/#organization"},"image":{"@id":"https:\/\/envol-vert.org\/es\/actualidades\/2018\/05\/la-brujula-envol-vert\/#primaryimage"},"thumbnailUrl":"https:\/\/envol-vert.org\/wp-content\/uploads\/2018\/07\/boussole_perou2.jpg","articleSection":["Actualidades"],"inLanguage":"es-ES"},{"@type":"WebPage","@id":"https:\/\/envol-vert.org\/es\/actualidades\/2018\/05\/la-brujula-envol-vert\/","url":"https:\/\/envol-vert.org\/es\/actualidades\/2018\/05\/la-brujula-envol-vert\/","name":"La br\u00fajula de Envol Vert para evaluar la calidad de sus acciones - Envol Vert","isPartOf":{"@id":"https:\/\/envol-vert.org\/es\/#website"},"primaryImageOfPage":{"@id":"https:\/\/envol-vert.org\/es\/actualidades\/2018\/05\/la-brujula-envol-vert\/#primaryimage"},"image":{"@id":"https:\/\/envol-vert.org\/es\/actualidades\/2018\/05\/la-brujula-envol-vert\/#primaryimage"},"thumbnailUrl":"https:\/\/envol-vert.org\/wp-content\/uploads\/2018\/07\/boussole_perou2.jpg","datePublished":"2018-05-31T18:44:23+00:00","dateModified":"2018-07-19T10:47:58+00:00","breadcrumb":{"@id":"https:\/\/envol-vert.org\/es\/actualidades\/2018\/05\/la-brujula-envol-vert\/#breadcrumb"},"inLanguage":"es-ES","potentialAction":[{"@type":"ReadAction","target":["https:\/\/envol-vert.org\/es\/actualidades\/2018\/05\/la-brujula-envol-vert\/"]}]},{"@type":"ImageObject","inLanguage":"es-ES","@id":"https:\/\/envol-vert.org\/es\/actualidades\/2018\/05\/la-brujula-envol-vert\/#primaryimage","url":"https:\/\/envol-vert.org\/wp-content\/uploads\/2018\/07\/boussole_perou2.jpg","contentUrl":"https:\/\/envol-vert.org\/wp-content\/uploads\/2018\/07\/boussole_perou2.jpg","width":482,"height":525,"caption":"Boussole perou2 es"},{"@type":"BreadcrumbList","@id":"https:\/\/envol-vert.org\/es\/actualidades\/2018\/05\/la-brujula-envol-vert\/#breadcrumb","itemListElement":[{"@type":"ListItem","position":1,"name":"Accueil","item":"https:\/\/envol-vert.org\/es\/"},{"@type":"ListItem","position":2,"name":"La br\u00fajula de Envol Vert para evaluar la calidad de sus acciones"}]},{"@type":"WebSite","@id":"https:\/\/envol-vert.org\/es\/#website","url":"https:\/\/envol-vert.org\/es\/","name":"Envol Vert","description":"La for\u00eat nous rend service, rendons le lui.","publisher":{"@id":"https:\/\/envol-vert.org\/es\/#organization"},"potentialAction":[{"@type":"SearchAction","target":{"@type":"EntryPoint","urlTemplate":"https:\/\/envol-vert.org\/es\/?s={search_term_string}"},"query-input":{"@type":"PropertyValueSpecification","valueRequired":true,"valueName":"search_term_string"}}],"inLanguage":"es-ES"},{"@type":"Organization","@id":"https:\/\/envol-vert.org\/es\/#organization","name":"Envol Vert","url":"https:\/\/envol-vert.org\/es\/","logo":{"@type":"ImageObject","inLanguage":"es-ES","@id":"https:\/\/envol-vert.org\/es\/#\/schema\/logo\/image\/","url":"https:\/\/envol-vert.org\/wp-content\/uploads\/2021\/03\/Logo-icone-site.png","contentUrl":"https:\/\/envol-vert.org\/wp-content\/uploads\/2021\/03\/Logo-icone-site.png","width":512,"height":512,"caption":"Envol Vert"},"image":{"@id":"https:\/\/envol-vert.org\/es\/#\/schema\/logo\/image\/"},"sameAs":["https:\/\/www.facebook.com\/EnvolVertFrance\/","https:\/\/x.com\/Envolvert","https:\/\/www.instagram.com\/envol_vert_france\/","https:\/\/www.linkedin.com\/company\/envolvert\/","https:\/\/www.youtube.com\/c\/EnvolVert"]},{"@type":"Person","@id":"https:\/\/envol-vert.org\/es\/#\/schema\/person\/d447db29a23d628c2c97a693bd0eb7cd","name":"Flora Goldgran","image":{"@type":"ImageObject","inLanguage":"es-ES","@id":"https:\/\/secure.gravatar.com\/avatar\/f79756b4fc93001db23834d147f2e7beff056665b5b12c840f6a7ad817d6f314?s=96&d=mm&r=g","url":"https:\/\/secure.gravatar.com\/avatar\/f79756b4fc93001db23834d147f2e7beff056665b5b12c840f6a7ad817d6f314?s=96&d=mm&r=g","contentUrl":"https:\/\/secure.gravatar.com\/avatar\/f79756b4fc93001db23834d147f2e7beff056665b5b12c840f6a7ad817d6f314?s=96&d=mm&r=g","caption":"Flora Goldgran"},"url":"https:\/\/envol-vert.org\/es\/author\/flora\/"}]}},"_links":{"self":[{"href":"https:\/\/envol-vert.org\/es\/wp-json\/wp\/v2\/posts\/17558","targetHints":{"allow":["GET"]}}],"collection":[{"href":"https:\/\/envol-vert.org\/es\/wp-json\/wp\/v2\/posts"}],"about":[{"href":"https:\/\/envol-vert.org\/es\/wp-json\/wp\/v2\/types\/post"}],"author":[{"embeddable":true,"href":"https:\/\/envol-vert.org\/es\/wp-json\/wp\/v2\/users\/114"}],"replies":[{"embeddable":true,"href":"https:\/\/envol-vert.org\/es\/wp-json\/wp\/v2\/comments?post=17558"}],"version-history":[{"count":0,"href":"https:\/\/envol-vert.org\/es\/wp-json\/wp\/v2\/posts\/17558\/revisions"}],"wp:featuredmedia":[{"embeddable":true,"href":"https:\/\/envol-vert.org\/es\/wp-json\/wp\/v2\/media\/17567"}],"wp:attachment":[{"href":"https:\/\/envol-vert.org\/es\/wp-json\/wp\/v2\/media?parent=17558"}],"wp:term":[{"taxonomy":"category","embeddable":true,"href":"https:\/\/envol-vert.org\/es\/wp-json\/wp\/v2\/categories?post=17558"},{"taxonomy":"post_tag","embeddable":true,"href":"https:\/\/envol-vert.org\/es\/wp-json\/wp\/v2\/tags?post=17558"}],"curies":[{"name":"wp","href":"https:\/\/api.w.org\/{rel}","templated":true}]}}