{"id":31436,"date":"2020-07-16T00:10:52","date_gmt":"2020-07-15T23:10:52","guid":{"rendered":"https:\/\/bylandry.com\/envert-v2\/non-classe-es-es\/2020\/07\/calcula-huella-forestal\/"},"modified":"2021-01-06T15:41:29","modified_gmt":"2021-01-06T14:41:29","slug":"calcula-huella-forestal","status":"publish","type":"post","link":"https:\/\/envol-vert.org\/es\/actualidades\/2020\/07\/calcula-huella-forestal\/","title":{"rendered":"Calcula tu Huella Forestal"},"content":{"rendered":"<p>&nbsp;<\/p>\n<p style=\"text-align: center;\"><a href=\"http:\/\/huella-forestal.co\/quizz\/\" target=\"_blank\" rel=\"noopener\"><strong><span style=\"color: #008000;\">Calculo mi Huella Forestal<\/span><\/strong><\/a><!--more--><\/p>\n<p style=\"text-align: center;\"><strong>Colombia es el segundo pa\u00eds con m\u00e1s biodiversidad en el mundo, 52% de su territorio est\u00e1 cubierto por bosques naturales. Eso es un tesoro de Colombia.<\/strong><\/p>\n<p style=\"text-align: justify;\">Sin embargo, en el periodo 1990 a 2015 <strong>perdi\u00f3 casi 6 millones de hect\u00e1reas de cobertura arb\u00f3rea<\/strong>, equivalente a 16 canchas de f\u00fatbol por minuto.\u00a0 Seg\u00fan el WRI, en 2018 Colombia se posicion\u00f3 como el <strong>cuarto pa\u00eds con mayor deforestaci\u00f3n<\/strong>. Se considera que <strong>10% de la Amazonia colombiana ya ha sido deforestada<\/strong>. Los ritmos de deforestaci\u00f3n son alarmantes, pero sigue el desconocimiento global de sus impactos y <strong>un importante sesgo de las percepciones sobre los vectores de deforestaci\u00f3n parte de los consumidores colombianos.<\/strong><\/p>\n<p style=\"text-align: justify;\"><strong>\u00bfQuieres ayudar a frenar la deforestaci\u00f3n y proteger tus bosques?<\/strong><\/p>\n<p style=\"text-align: justify;\">\u00a1Con la participaci\u00f3n de todos m\u00e1s bosques estar\u00e1n a salvo, con tus acciones a diario puedes afectar o proteger a los bosques!<\/p>\n<h4 style=\"text-align: center;\"><span style=\"color: #008000;\"><strong><a style=\"color: #008000;\" href=\"http:\/\/huella-forestal.co\/quizz\/\" target=\"_blank\" rel=\"noopener\">\u00a1Empieza por calcular tu Huella Forestal y toma medidas para reducirla!<\/a><\/strong><\/span><\/h4>\n","protected":false},"excerpt":{"rendered":"<p>&nbsp; Calculo mi Huella Forestal<\/p>\n","protected":false},"author":114,"featured_media":0,"comment_status":"closed","ping_status":"closed","sticky":false,"template":"","format":"standard","meta":{"footnotes":""},"categories":[446,1671],"tags":[],"class_list":["post-31436","post","type-post","status-publish","format-standard","hentry","category-actualidades","category-huella"],"_links":{"self":[{"href":"https:\/\/envol-vert.org\/es\/wp-json\/wp\/v2\/posts\/31436","targetHints":{"allow":["GET"]}}],"collection":[{"href":"https:\/\/envol-vert.org\/es\/wp-json\/wp\/v2\/posts"}],"about":[{"href":"https:\/\/envol-vert.org\/es\/wp-json\/wp\/v2\/types\/post"}],"author":[{"embeddable":true,"href":"https:\/\/envol-vert.org\/es\/wp-json\/wp\/v2\/users\/114"}],"replies":[{"embeddable":true,"href":"https:\/\/envol-vert.org\/es\/wp-json\/wp\/v2\/comments?post=31436"}],"version-history":[{"count":0,"href":"https:\/\/envol-vert.org\/es\/wp-json\/wp\/v2\/posts\/31436\/revisions"}],"wp:attachment":[{"href":"https:\/\/envol-vert.org\/es\/wp-json\/wp\/v2\/media?parent=31436"}],"wp:term":[{"taxonomy":"category","embeddable":true,"href":"https:\/\/envol-vert.org\/es\/wp-json\/wp\/v2\/categories?post=31436"},{"taxonomy":"post_tag","embeddable":true,"href":"https:\/\/envol-vert.org\/es\/wp-json\/wp\/v2\/tags?post=31436"}],"curies":[{"name":"wp","href":"https:\/\/api.w.org\/{rel}","templated":true}]}}