{"id":3573,"date":"2012-06-10T00:00:21","date_gmt":"2012-06-10T00:00:21","guid":{"rendered":"http:\/\/envol-vert.org\/?p=3573"},"modified":"2015-11-23T22:34:59","modified_gmt":"2015-11-23T21:34:59","slug":"envol-vert-lleva-a-cabo-su-primer-seminario","status":"publish","type":"post","link":"https:\/\/envol-vert.org\/es\/actualidades\/2012\/06\/envol-vert-lleva-a-cabo-su-primer-seminario\/","title":{"rendered":"Envol Vert lleva a cabo su primer seminario"},"content":{"rendered":"<p><a href=\"http:\/\/envol-vert.org\/wp-content\/uploads\/2012\/06\/Groupe-seminaire_12.jpg\"><img decoding=\"async\" class=\"aligncenter\" title=\"Groupe seminaire_1\" src=\"http:\/\/envol-vert.org\/wp-content\/uploads\/2012\/06\/Groupe-seminaire_12-300x200.jpg\" alt=\"\" width=\"300\" height=\"200\" \/><\/a><\/p>\n<p style=\"text-align: left;\"><strong>Fue en Mesnil sur Blangy, un peque\u00f1o pueblo de Normand\u00eda, donde 13 voluntarios de Envol Vert se reunieron para un seminario los d\u00edas 9 y 10 de Junio de 2012.<\/strong> En un entorno natural encantador, en una casa familiar prestada para la ocasi\u00f3n por uno de nuestros fieles voluntarios, estos dos d\u00edas prestaron una ocasi\u00f3n para intercambiar ideas y reflexiones sobre los temas sobre los que Envol Vert trabaja. Estas discusiones permitieron a Envol Vert crecer y fortalecerse, y proporcionan una oportunidad \u00fanica para que nuestros voluntarios se conocieran mutuamente. Objetivos todos ellos alcanzados gracias a un justo equilibrio entre trabajo y entretenimiento.<\/p>\n<p style=\"text-align: left;\"><a href=\"http:\/\/envol-vert.org\/wp-content\/uploads\/2012\/07\/s\u00e9minaire-2.jpg\"><img decoding=\"async\" class=\"alignright size-full wp-image-3575\" title=\"s\u00e9minaire 2\" src=\"http:\/\/envol-vert.org\/wp-content\/uploads\/2012\/07\/s\u00e9minaire-2.jpg\" alt=\"\" width=\"150\" height=\"150\" srcset=\"https:\/\/envol-vert.org\/wp-content\/uploads\/2012\/07\/s\u00e9minaire-2-60x60.jpg 60w, https:\/\/envol-vert.org\/wp-content\/uploads\/2012\/07\/s\u00e9minaire-2-66x66.jpg 66w, https:\/\/envol-vert.org\/wp-content\/uploads\/2012\/07\/s\u00e9minaire-2.jpg 150w\" sizes=\"(max-width: 150px) 100vw, 150px\" \/><\/a><\/p>\n<p style=\"text-align: left;\"><a href=\"http:\/\/envol-vert.org\/wp-content\/uploads\/2012\/07\/s\u00e9minaire-1.jpg\"><img decoding=\"async\" class=\"alignleft size-thumbnail wp-image-3574\" title=\"s\u00e9minaire 1\" src=\"http:\/\/envol-vert.org\/wp-content\/uploads\/2012\/07\/s\u00e9minaire-1-150x150.jpg\" alt=\"\" width=\"150\" height=\"150\" srcset=\"https:\/\/envol-vert.org\/wp-content\/uploads\/2012\/07\/s\u00e9minaire-1-60x60.jpg 60w, https:\/\/envol-vert.org\/wp-content\/uploads\/2012\/07\/s\u00e9minaire-1-66x66.jpg 66w, https:\/\/envol-vert.org\/wp-content\/uploads\/2012\/07\/s\u00e9minaire-1-150x150.jpg 150w, https:\/\/envol-vert.org\/wp-content\/uploads\/2012\/07\/s\u00e9minaire-1.jpg 300w\" sizes=\"(max-width: 150px) 100vw, 150px\" \/><\/a><\/p>\n<p style=\"text-align: left;\"><span style=\"text-align: center;\">El s\u00e1bado por la ma\u00f1ana, los fundadores comunicaron las \u00faltimas noticias<\/span><span style=\"text-align: center;\">sobre Envol Vert de\u00a0<\/span><span style=\"text-align: center;\">los \u00faltimos meses, tanto en Francia como en Am\u00e9rica Latina. Despu\u00e9s, Pauline y B\u00e9reng\u00e8re, voluntarios de campo, hablaron acerca de su experiencia en el proyecto de eco-turismo en Per\u00fa y de los \u00e9xitos que all\u00ed obtuvieron.<\/span><\/p>\n<p>&nbsp;<\/p>\n<p>&nbsp;<\/p>\n<p><a href=\"http:\/\/envol-vert.org\/wp-content\/uploads\/2012\/07\/s\u00e9minaire-3.jpg\"><img decoding=\"async\" class=\"alignleft size-full wp-image-3576\" title=\"s\u00e9minaire 3\" src=\"http:\/\/envol-vert.org\/wp-content\/uploads\/2012\/07\/s\u00e9minaire-3.jpg\" alt=\"\" width=\"150\" height=\"150\" srcset=\"https:\/\/envol-vert.org\/wp-content\/uploads\/2012\/07\/s\u00e9minaire-3-60x60.jpg 60w, https:\/\/envol-vert.org\/wp-content\/uploads\/2012\/07\/s\u00e9minaire-3-66x66.jpg 66w, https:\/\/envol-vert.org\/wp-content\/uploads\/2012\/07\/s\u00e9minaire-3.jpg 150w\" sizes=\"(max-width: 150px) 100vw, 150px\" \/><\/a><\/p>\n<p>La tarde estuvo marcada por la llegada de Candice y Guillaume, de la agencia Albert Gamote, quienes nos presentaron el proyecto \u201ccaza de mariposas en Par\u00eds\u201d que han organizado de forma voluntaria para Envol Vert. Despu\u00e9s varias horas de despiezar la operaci\u00f3n hasta sus \u00faltimos detalles, la campa\u00f1a ya no ten\u00eda ning\u00fan secreto para nosotros.<\/p>\n<p><a href=\"http:\/\/envol-vert.org\/wp-content\/uploads\/2012\/07\/s\u00e9minaire-4.jpg\"><img decoding=\"async\" class=\"alignright size-full wp-image-3577\" title=\"s\u00e9minaire 4\" src=\"http:\/\/envol-vert.org\/wp-content\/uploads\/2012\/07\/s\u00e9minaire-4.jpg\" alt=\"\" width=\"150\" height=\"150\" srcset=\"https:\/\/envol-vert.org\/wp-content\/uploads\/2012\/07\/s\u00e9minaire-4-60x60.jpg 60w, https:\/\/envol-vert.org\/wp-content\/uploads\/2012\/07\/s\u00e9minaire-4-66x66.jpg 66w, https:\/\/envol-vert.org\/wp-content\/uploads\/2012\/07\/s\u00e9minaire-4.jpg 150w\" sizes=\"(max-width: 150px) 100vw, 150px\" \/><\/a><\/p>\n<p>La segunda mitad del fin de semana estuvo consagrada al trabajo en grupos. Estos permitieron sacar a la luz los puntos m\u00e1s importantes para la continuaci\u00f3n de Envol Vert, de donde se remarcaron la importancia de los voluntarios, los socios financieros, la credibilidad cient\u00edfica, la comunicaci\u00f3n\u2026 y cada grupo pudo someter sus ideas al desarrollo de un plan de acci\u00f3n.<\/p>\n<p>El domingo por la tarde volvimos a casa, cansados pero felices. Acordamos un nuevo encuentro m\u00e1s adele, al principios de 2013, esperando una mayor asistencia.<\/p>\n<p>&nbsp;<\/p>\n<p><a href=\"http:\/\/envol-vert.org\/wp-content\/uploads\/2012\/07\/s\u00e9minaire-5.jpg\"><img decoding=\"async\" class=\"alignleft size-full wp-image-3578\" title=\"s\u00e9minaire 5\" src=\"http:\/\/envol-vert.org\/wp-content\/uploads\/2012\/07\/s\u00e9minaire-5.jpg\" alt=\"\" width=\"150\" height=\"150\" srcset=\"https:\/\/envol-vert.org\/wp-content\/uploads\/2012\/07\/s\u00e9minaire-5-60x60.jpg 60w, https:\/\/envol-vert.org\/wp-content\/uploads\/2012\/07\/s\u00e9minaire-5-66x66.jpg 66w, https:\/\/envol-vert.org\/wp-content\/uploads\/2012\/07\/s\u00e9minaire-5.jpg 150w\" sizes=\"(max-width: 150px) 100vw, 150px\" \/><\/a><\/p>\n<p><a href=\"http:\/\/envol-vert.org\/wp-content\/uploads\/2012\/07\/s\u00e9minaire-61.jpg\"><img decoding=\"async\" class=\"alignnone size-full wp-image-3580\" title=\"s\u00e9minaire 6\" src=\"http:\/\/envol-vert.org\/wp-content\/uploads\/2012\/07\/s\u00e9minaire-61.jpg\" alt=\"\" width=\"150\" height=\"150\" srcset=\"https:\/\/envol-vert.org\/wp-content\/uploads\/2012\/07\/s\u00e9minaire-61-60x60.jpg 60w, https:\/\/envol-vert.org\/wp-content\/uploads\/2012\/07\/s\u00e9minaire-61-66x66.jpg 66w, https:\/\/envol-vert.org\/wp-content\/uploads\/2012\/07\/s\u00e9minaire-61.jpg 150w\" sizes=\"(max-width: 150px) 100vw, 150px\" \/><\/a><a href=\"http:\/\/envol-vert.org\/wp-content\/uploads\/2012\/07\/s\u00e9minaire-7.jpg\"><img decoding=\"async\" class=\"alignnone size-full wp-image-3581\" title=\"s\u00e9minaire 7\" src=\"http:\/\/envol-vert.org\/wp-content\/uploads\/2012\/07\/s\u00e9minaire-7.jpg\" alt=\"\" width=\"150\" height=\"150\" \/><\/a><\/p>\n","protected":false},"excerpt":{"rendered":"<p>Fue en Mesnil sur Blangy, un peque\u00f1o pueblo de Normand\u00eda, donde 13 voluntarios de Envol Vert se reunieron para un seminario los d\u00edas 9 y 10 de Junio de 2012.<\/p>\n","protected":false},"author":1,"featured_media":11197,"comment_status":"closed","ping_status":"closed","sticky":false,"template":"","format":"standard","meta":{"footnotes":""},"categories":[446],"tags":[],"class_list":["post-3573","post","type-post","status-publish","format-standard","has-post-thumbnail","hentry","category-actualidades"],"yoast_head":"<!-- This site is optimized with the Yoast SEO plugin v28.3 - https:\/\/yoast.com\/product\/yoast-seo-wordpress\/ -->\n<title>Envol Vert lleva a cabo su primer seminario - Envol Vert<\/title>\n<meta name=\"robots\" content=\"index, follow, max-snippet:-1, max-image-preview:large, max-video-preview:-1\" \/>\n<link rel=\"canonical\" href=\"https:\/\/envol-vert.org\/es\/actualidades\/2012\/06\/envol-vert-lleva-a-cabo-su-primer-seminario\/\" \/>\n<meta property=\"og:locale\" content=\"es_ES\" \/>\n<meta property=\"og:type\" content=\"article\" \/>\n<meta property=\"og:title\" content=\"Envol Vert lleva a cabo su primer seminario - Envol Vert\" \/>\n<meta property=\"og:description\" content=\"Fue en Mesnil sur Blangy, un peque\u00f1o pueblo de Normand\u00eda, donde 13 voluntarios de Envol Vert se reunieron para un seminario los d\u00edas 9 y 10 de Junio de 2012.\" \/>\n<meta property=\"og:url\" content=\"https:\/\/envol-vert.org\/es\/actualidades\/2012\/06\/envol-vert-lleva-a-cabo-su-primer-seminario\/\" \/>\n<meta property=\"og:site_name\" content=\"Envol Vert\" \/>\n<meta property=\"article:publisher\" content=\"https:\/\/www.facebook.com\/EnvolVertFrance\/\" \/>\n<meta property=\"article:published_time\" content=\"2012-06-10T00:00:21+00:00\" \/>\n<meta property=\"article:modified_time\" content=\"2015-11-23T21:34:59+00:00\" \/>\n<meta property=\"og:image\" content=\"https:\/\/envol-vert.org\/wp-content\/uploads\/2015\/11\/LOGO-EV-TYPE6.jpg\" \/>\n\t<meta property=\"og:image:width\" content=\"650\" \/>\n\t<meta property=\"og:image:height\" content=\"521\" \/>\n\t<meta property=\"og:image:type\" content=\"image\/jpeg\" \/>\n<meta name=\"author\" content=\"Greg\" \/>\n<meta name=\"twitter:card\" content=\"summary_large_image\" \/>\n<meta name=\"twitter:creator\" content=\"@Envolvert\" \/>\n<meta name=\"twitter:site\" content=\"@Envolvert\" \/>\n<meta name=\"twitter:label1\" content=\"Escrito por\" \/>\n\t<meta name=\"twitter:data1\" content=\"Greg\" \/>\n\t<meta name=\"twitter:label2\" content=\"Tiempo de lectura\" \/>\n\t<meta name=\"twitter:data2\" content=\"2 minutes\" \/>\n<script type=\"application\/ld+json\" class=\"yoast-schema-graph\">{\"@context\":\"https:\\\/\\\/schema.org\",\"@graph\":[{\"@type\":\"Article\",\"@id\":\"https:\\\/\\\/envol-vert.org\\\/es\\\/actualidades\\\/2012\\\/06\\\/envol-vert-lleva-a-cabo-su-primer-seminario\\\/#article\",\"isPartOf\":{\"@id\":\"https:\\\/\\\/envol-vert.org\\\/es\\\/actualidades\\\/2012\\\/06\\\/envol-vert-lleva-a-cabo-su-primer-seminario\\\/\"},\"author\":{\"name\":\"Greg\",\"@id\":\"https:\\\/\\\/envol-vert.org\\\/es\\\/#\\\/schema\\\/person\\\/181eda536d58beed4adcb14483d99827\"},\"headline\":\"Envol Vert lleva a cabo su primer seminario\",\"datePublished\":\"2012-06-10T00:00:21+00:00\",\"dateModified\":\"2015-11-23T21:34:59+00:00\",\"mainEntityOfPage\":{\"@id\":\"https:\\\/\\\/envol-vert.org\\\/es\\\/actualidades\\\/2012\\\/06\\\/envol-vert-lleva-a-cabo-su-primer-seminario\\\/\"},\"wordCount\":324,\"publisher\":{\"@id\":\"https:\\\/\\\/envol-vert.org\\\/es\\\/#organization\"},\"image\":{\"@id\":\"https:\\\/\\\/envol-vert.org\\\/es\\\/actualidades\\\/2012\\\/06\\\/envol-vert-lleva-a-cabo-su-primer-seminario\\\/#primaryimage\"},\"thumbnailUrl\":\"https:\\\/\\\/envol-vert.org\\\/wp-content\\\/uploads\\\/2015\\\/11\\\/LOGO-EV-TYPE6.jpg\",\"articleSection\":[\"Actualidades\"],\"inLanguage\":\"es-ES\"},{\"@type\":\"WebPage\",\"@id\":\"https:\\\/\\\/envol-vert.org\\\/es\\\/actualidades\\\/2012\\\/06\\\/envol-vert-lleva-a-cabo-su-primer-seminario\\\/\",\"url\":\"https:\\\/\\\/envol-vert.org\\\/es\\\/actualidades\\\/2012\\\/06\\\/envol-vert-lleva-a-cabo-su-primer-seminario\\\/\",\"name\":\"Envol Vert lleva a cabo su primer seminario - Envol Vert\",\"isPartOf\":{\"@id\":\"https:\\\/\\\/envol-vert.org\\\/es\\\/#website\"},\"primaryImageOfPage\":{\"@id\":\"https:\\\/\\\/envol-vert.org\\\/es\\\/actualidades\\\/2012\\\/06\\\/envol-vert-lleva-a-cabo-su-primer-seminario\\\/#primaryimage\"},\"image\":{\"@id\":\"https:\\\/\\\/envol-vert.org\\\/es\\\/actualidades\\\/2012\\\/06\\\/envol-vert-lleva-a-cabo-su-primer-seminario\\\/#primaryimage\"},\"thumbnailUrl\":\"https:\\\/\\\/envol-vert.org\\\/wp-content\\\/uploads\\\/2015\\\/11\\\/LOGO-EV-TYPE6.jpg\",\"datePublished\":\"2012-06-10T00:00:21+00:00\",\"dateModified\":\"2015-11-23T21:34:59+00:00\",\"breadcrumb\":{\"@id\":\"https:\\\/\\\/envol-vert.org\\\/es\\\/actualidades\\\/2012\\\/06\\\/envol-vert-lleva-a-cabo-su-primer-seminario\\\/#breadcrumb\"},\"inLanguage\":\"es-ES\",\"potentialAction\":[{\"@type\":\"ReadAction\",\"target\":[\"https:\\\/\\\/envol-vert.org\\\/es\\\/actualidades\\\/2012\\\/06\\\/envol-vert-lleva-a-cabo-su-primer-seminario\\\/\"]}]},{\"@type\":\"ImageObject\",\"inLanguage\":\"es-ES\",\"@id\":\"https:\\\/\\\/envol-vert.org\\\/es\\\/actualidades\\\/2012\\\/06\\\/envol-vert-lleva-a-cabo-su-primer-seminario\\\/#primaryimage\",\"url\":\"https:\\\/\\\/envol-vert.org\\\/wp-content\\\/uploads\\\/2015\\\/11\\\/LOGO-EV-TYPE6.jpg\",\"contentUrl\":\"https:\\\/\\\/envol-vert.org\\\/wp-content\\\/uploads\\\/2015\\\/11\\\/LOGO-EV-TYPE6.jpg\",\"width\":650,\"height\":521,\"caption\":\"LOGO-EV-TYPE6\"},{\"@type\":\"BreadcrumbList\",\"@id\":\"https:\\\/\\\/envol-vert.org\\\/es\\\/actualidades\\\/2012\\\/06\\\/envol-vert-lleva-a-cabo-su-primer-seminario\\\/#breadcrumb\",\"itemListElement\":[{\"@type\":\"ListItem\",\"position\":1,\"name\":\"Accueil\",\"item\":\"https:\\\/\\\/envol-vert.org\\\/es\\\/\"},{\"@type\":\"ListItem\",\"position\":2,\"name\":\"Envol Vert lleva a cabo su primer seminario\"}]},{\"@type\":\"WebSite\",\"@id\":\"https:\\\/\\\/envol-vert.org\\\/es\\\/#website\",\"url\":\"https:\\\/\\\/envol-vert.org\\\/es\\\/\",\"name\":\"Envol Vert\",\"description\":\"La for\u00eat nous rend service, rendons le lui.\",\"publisher\":{\"@id\":\"https:\\\/\\\/envol-vert.org\\\/es\\\/#organization\"},\"potentialAction\":[{\"@type\":\"SearchAction\",\"target\":{\"@type\":\"EntryPoint\",\"urlTemplate\":\"https:\\\/\\\/envol-vert.org\\\/es\\\/?s={search_term_string}\"},\"query-input\":{\"@type\":\"PropertyValueSpecification\",\"valueRequired\":true,\"valueName\":\"search_term_string\"}}],\"inLanguage\":\"es-ES\"},{\"@type\":\"Organization\",\"@id\":\"https:\\\/\\\/envol-vert.org\\\/es\\\/#organization\",\"name\":\"Envol Vert\",\"url\":\"https:\\\/\\\/envol-vert.org\\\/es\\\/\",\"logo\":{\"@type\":\"ImageObject\",\"inLanguage\":\"es-ES\",\"@id\":\"https:\\\/\\\/envol-vert.org\\\/es\\\/#\\\/schema\\\/logo\\\/image\\\/\",\"url\":\"https:\\\/\\\/envol-vert.org\\\/wp-content\\\/uploads\\\/2021\\\/03\\\/Logo-icone-site.png\",\"contentUrl\":\"https:\\\/\\\/envol-vert.org\\\/wp-content\\\/uploads\\\/2021\\\/03\\\/Logo-icone-site.png\",\"width\":512,\"height\":512,\"caption\":\"Envol Vert\"},\"image\":{\"@id\":\"https:\\\/\\\/envol-vert.org\\\/es\\\/#\\\/schema\\\/logo\\\/image\\\/\"},\"sameAs\":[\"https:\\\/\\\/www.facebook.com\\\/EnvolVertFrance\\\/\",\"https:\\\/\\\/x.com\\\/Envolvert\",\"https:\\\/\\\/www.instagram.com\\\/envol_vert_france\\\/\",\"https:\\\/\\\/www.linkedin.com\\\/company\\\/envolvert\\\/\",\"https:\\\/\\\/www.youtube.com\\\/c\\\/EnvolVert\"]},{\"@type\":\"Person\",\"@id\":\"https:\\\/\\\/envol-vert.org\\\/es\\\/#\\\/schema\\\/person\\\/181eda536d58beed4adcb14483d99827\",\"name\":\"Greg\",\"image\":{\"@type\":\"ImageObject\",\"inLanguage\":\"es-ES\",\"@id\":\"https:\\\/\\\/secure.gravatar.com\\\/avatar\\\/4a8434f8e08c1383187f9915834cad253a7e38112ece5dce47d482bcb43c1777?s=96&d=mm&r=g\",\"url\":\"https:\\\/\\\/secure.gravatar.com\\\/avatar\\\/4a8434f8e08c1383187f9915834cad253a7e38112ece5dce47d482bcb43c1777?s=96&d=mm&r=g\",\"contentUrl\":\"https:\\\/\\\/secure.gravatar.com\\\/avatar\\\/4a8434f8e08c1383187f9915834cad253a7e38112ece5dce47d482bcb43c1777?s=96&d=mm&r=g\",\"caption\":\"Greg\"},\"url\":\"https:\\\/\\\/envol-vert.org\\\/es\\\/author\\\/greg\\\/\"}]}<\/script>\n<!-- \/ Yoast SEO plugin. -->","yoast_head_json":{"title":"Envol Vert lleva a cabo su primer seminario - Envol Vert","robots":{"index":"index","follow":"follow","max-snippet":"max-snippet:-1","max-image-preview":"max-image-preview:large","max-video-preview":"max-video-preview:-1"},"canonical":"https:\/\/envol-vert.org\/es\/actualidades\/2012\/06\/envol-vert-lleva-a-cabo-su-primer-seminario\/","og_locale":"es_ES","og_type":"article","og_title":"Envol Vert lleva a cabo su primer seminario - Envol Vert","og_description":"Fue en Mesnil sur Blangy, un peque\u00f1o pueblo de Normand\u00eda, donde 13 voluntarios de Envol Vert se reunieron para un seminario los d\u00edas 9 y 10 de Junio de 2012.","og_url":"https:\/\/envol-vert.org\/es\/actualidades\/2012\/06\/envol-vert-lleva-a-cabo-su-primer-seminario\/","og_site_name":"Envol Vert","article_publisher":"https:\/\/www.facebook.com\/EnvolVertFrance\/","article_published_time":"2012-06-10T00:00:21+00:00","article_modified_time":"2015-11-23T21:34:59+00:00","og_image":[{"width":650,"height":521,"url":"https:\/\/envol-vert.org\/wp-content\/uploads\/2015\/11\/LOGO-EV-TYPE6.jpg","type":"image\/jpeg"}],"author":"Greg","twitter_card":"summary_large_image","twitter_creator":"@Envolvert","twitter_site":"@Envolvert","twitter_misc":{"Escrito por":"Greg","Tiempo de lectura":"2 minutes"},"schema":{"@context":"https:\/\/schema.org","@graph":[{"@type":"Article","@id":"https:\/\/envol-vert.org\/es\/actualidades\/2012\/06\/envol-vert-lleva-a-cabo-su-primer-seminario\/#article","isPartOf":{"@id":"https:\/\/envol-vert.org\/es\/actualidades\/2012\/06\/envol-vert-lleva-a-cabo-su-primer-seminario\/"},"author":{"name":"Greg","@id":"https:\/\/envol-vert.org\/es\/#\/schema\/person\/181eda536d58beed4adcb14483d99827"},"headline":"Envol Vert lleva a cabo su primer seminario","datePublished":"2012-06-10T00:00:21+00:00","dateModified":"2015-11-23T21:34:59+00:00","mainEntityOfPage":{"@id":"https:\/\/envol-vert.org\/es\/actualidades\/2012\/06\/envol-vert-lleva-a-cabo-su-primer-seminario\/"},"wordCount":324,"publisher":{"@id":"https:\/\/envol-vert.org\/es\/#organization"},"image":{"@id":"https:\/\/envol-vert.org\/es\/actualidades\/2012\/06\/envol-vert-lleva-a-cabo-su-primer-seminario\/#primaryimage"},"thumbnailUrl":"https:\/\/envol-vert.org\/wp-content\/uploads\/2015\/11\/LOGO-EV-TYPE6.jpg","articleSection":["Actualidades"],"inLanguage":"es-ES"},{"@type":"WebPage","@id":"https:\/\/envol-vert.org\/es\/actualidades\/2012\/06\/envol-vert-lleva-a-cabo-su-primer-seminario\/","url":"https:\/\/envol-vert.org\/es\/actualidades\/2012\/06\/envol-vert-lleva-a-cabo-su-primer-seminario\/","name":"Envol Vert lleva a cabo su primer seminario - Envol Vert","isPartOf":{"@id":"https:\/\/envol-vert.org\/es\/#website"},"primaryImageOfPage":{"@id":"https:\/\/envol-vert.org\/es\/actualidades\/2012\/06\/envol-vert-lleva-a-cabo-su-primer-seminario\/#primaryimage"},"image":{"@id":"https:\/\/envol-vert.org\/es\/actualidades\/2012\/06\/envol-vert-lleva-a-cabo-su-primer-seminario\/#primaryimage"},"thumbnailUrl":"https:\/\/envol-vert.org\/wp-content\/uploads\/2015\/11\/LOGO-EV-TYPE6.jpg","datePublished":"2012-06-10T00:00:21+00:00","dateModified":"2015-11-23T21:34:59+00:00","breadcrumb":{"@id":"https:\/\/envol-vert.org\/es\/actualidades\/2012\/06\/envol-vert-lleva-a-cabo-su-primer-seminario\/#breadcrumb"},"inLanguage":"es-ES","potentialAction":[{"@type":"ReadAction","target":["https:\/\/envol-vert.org\/es\/actualidades\/2012\/06\/envol-vert-lleva-a-cabo-su-primer-seminario\/"]}]},{"@type":"ImageObject","inLanguage":"es-ES","@id":"https:\/\/envol-vert.org\/es\/actualidades\/2012\/06\/envol-vert-lleva-a-cabo-su-primer-seminario\/#primaryimage","url":"https:\/\/envol-vert.org\/wp-content\/uploads\/2015\/11\/LOGO-EV-TYPE6.jpg","contentUrl":"https:\/\/envol-vert.org\/wp-content\/uploads\/2015\/11\/LOGO-EV-TYPE6.jpg","width":650,"height":521,"caption":"LOGO-EV-TYPE6"},{"@type":"BreadcrumbList","@id":"https:\/\/envol-vert.org\/es\/actualidades\/2012\/06\/envol-vert-lleva-a-cabo-su-primer-seminario\/#breadcrumb","itemListElement":[{"@type":"ListItem","position":1,"name":"Accueil","item":"https:\/\/envol-vert.org\/es\/"},{"@type":"ListItem","position":2,"name":"Envol Vert lleva a cabo su primer seminario"}]},{"@type":"WebSite","@id":"https:\/\/envol-vert.org\/es\/#website","url":"https:\/\/envol-vert.org\/es\/","name":"Envol Vert","description":"La for\u00eat nous rend service, rendons le lui.","publisher":{"@id":"https:\/\/envol-vert.org\/es\/#organization"},"potentialAction":[{"@type":"SearchAction","target":{"@type":"EntryPoint","urlTemplate":"https:\/\/envol-vert.org\/es\/?s={search_term_string}"},"query-input":{"@type":"PropertyValueSpecification","valueRequired":true,"valueName":"search_term_string"}}],"inLanguage":"es-ES"},{"@type":"Organization","@id":"https:\/\/envol-vert.org\/es\/#organization","name":"Envol Vert","url":"https:\/\/envol-vert.org\/es\/","logo":{"@type":"ImageObject","inLanguage":"es-ES","@id":"https:\/\/envol-vert.org\/es\/#\/schema\/logo\/image\/","url":"https:\/\/envol-vert.org\/wp-content\/uploads\/2021\/03\/Logo-icone-site.png","contentUrl":"https:\/\/envol-vert.org\/wp-content\/uploads\/2021\/03\/Logo-icone-site.png","width":512,"height":512,"caption":"Envol Vert"},"image":{"@id":"https:\/\/envol-vert.org\/es\/#\/schema\/logo\/image\/"},"sameAs":["https:\/\/www.facebook.com\/EnvolVertFrance\/","https:\/\/x.com\/Envolvert","https:\/\/www.instagram.com\/envol_vert_france\/","https:\/\/www.linkedin.com\/company\/envolvert\/","https:\/\/www.youtube.com\/c\/EnvolVert"]},{"@type":"Person","@id":"https:\/\/envol-vert.org\/es\/#\/schema\/person\/181eda536d58beed4adcb14483d99827","name":"Greg","image":{"@type":"ImageObject","inLanguage":"es-ES","@id":"https:\/\/secure.gravatar.com\/avatar\/4a8434f8e08c1383187f9915834cad253a7e38112ece5dce47d482bcb43c1777?s=96&d=mm&r=g","url":"https:\/\/secure.gravatar.com\/avatar\/4a8434f8e08c1383187f9915834cad253a7e38112ece5dce47d482bcb43c1777?s=96&d=mm&r=g","contentUrl":"https:\/\/secure.gravatar.com\/avatar\/4a8434f8e08c1383187f9915834cad253a7e38112ece5dce47d482bcb43c1777?s=96&d=mm&r=g","caption":"Greg"},"url":"https:\/\/envol-vert.org\/es\/author\/greg\/"}]}},"_links":{"self":[{"href":"https:\/\/envol-vert.org\/es\/wp-json\/wp\/v2\/posts\/3573","targetHints":{"allow":["GET"]}}],"collection":[{"href":"https:\/\/envol-vert.org\/es\/wp-json\/wp\/v2\/posts"}],"about":[{"href":"https:\/\/envol-vert.org\/es\/wp-json\/wp\/v2\/types\/post"}],"author":[{"embeddable":true,"href":"https:\/\/envol-vert.org\/es\/wp-json\/wp\/v2\/users\/1"}],"replies":[{"embeddable":true,"href":"https:\/\/envol-vert.org\/es\/wp-json\/wp\/v2\/comments?post=3573"}],"version-history":[{"count":0,"href":"https:\/\/envol-vert.org\/es\/wp-json\/wp\/v2\/posts\/3573\/revisions"}],"wp:featuredmedia":[{"embeddable":true,"href":"https:\/\/envol-vert.org\/es\/wp-json\/wp\/v2\/media\/11197"}],"wp:attachment":[{"href":"https:\/\/envol-vert.org\/es\/wp-json\/wp\/v2\/media?parent=3573"}],"wp:term":[{"taxonomy":"category","embeddable":true,"href":"https:\/\/envol-vert.org\/es\/wp-json\/wp\/v2\/categories?post=3573"},{"taxonomy":"post_tag","embeddable":true,"href":"https:\/\/envol-vert.org\/es\/wp-json\/wp\/v2\/tags?post=3573"}],"curies":[{"name":"wp","href":"https:\/\/api.w.org\/{rel}","templated":true}]}}