{"id":4616,"date":"2012-09-19T23:53:37","date_gmt":"2012-09-19T23:53:37","guid":{"rendered":"http:\/\/envol-vert.org\/?p=4616"},"modified":"2020-11-15T01:26:49","modified_gmt":"2020-11-15T00:26:49","slug":"arboles_nos_hablan","status":"publish","type":"post","link":"https:\/\/envol-vert.org\/es\/actualidades\/2012\/09\/arboles_nos_hablan\/","title":{"rendered":"Campa\u00f1a : \u00abLos \u00e1rboles nos hablan\u00bb"},"content":{"rendered":"<h2><a href=\"http:\/\/envol-vert.org\/wp-content\/uploads\/2012\/09\/EVENEMENTOP-ARBRESrespiration1.\u00a9L.Durant.jpg\"><img decoding=\"async\" class=\"aligncenter\" title=\"&quot;Retenez votre respiration une minute...Voil\u00e0, vous vous \u00eates pass\u00e9 de la for\u00eat une minute&quot;\" src=\"http:\/\/envol-vert.org\/wp-content\/uploads\/2012\/09\/EVENEMENTOP-ARBRESrespiration1.\u00a9L.Durant-1024x682.jpg\" alt=\"\" width=\"620\" height=\"412\" \/><\/a><\/h2>\n<h2 style=\"text-align: justify;\"><strong>Despu\u00e9s de darse a conocer con la Caza de las Mariposas,<\/strong><\/h2>\n<h2 style=\"text-align: justify;\"><span style=\"color: #008000;\"><strong>la joven asociaci\u00f3n Envol Vert sorprende una vez m\u00e1s al hacer \u201chablar a los \u00e1rboles\u201d.<\/strong><\/span><\/h2>\n<p><a href=\"http:\/\/envol-vert.org\/wp-content\/uploads\/2012\/09\/EVENEMENTOP-ARBRESdeforestation.\u00a9L.Durant.jpg\"><img decoding=\"async\" title=\"&quot;Si le braconnage vous choque, vous devriez voir 200 tracteurs raser la surface d'un stade en 15 secondes&quot;\" src=\"http:\/\/envol-vert.org\/wp-content\/uploads\/2012\/09\/EVENEMENTOP-ARBRESdeforestation.\u00a9L.Durant-1024x682.jpg\" alt=\"\u00a9L.Durant\" width=\"211\" height=\"140\" \/><\/a>\u00a0<a href=\"http:\/\/envol-vert.org\/wp-content\/uploads\/2012\/09\/EVENEMENTOP-ARBRESfruits.\u00a9L.Durant.jpg\"><img decoding=\"async\" title=\"&quot;Pour faire une salade de fruits, il faut encore avoir des fruits&quot; \" src=\"https:\/\/envol-vert.org\/wp-content\/uploads\/2012\/09\/EVENEMENTOP-ARBRESfruits.%C2%A9L.Durant.jpg\" alt=\"\u00a9L.Durant\" width=\"211\" height=\"146\" \/><\/a><\/p>\n<p style=\"text-align: justify;\"><strong>En una media docena de plazas arboladas parisinas, los \u00e1rboles comunicar\u00e1n sus mensajes:<\/strong><\/p>\n<p style=\"text-align: justify;\">\u00ab\u00a0Soy simp\u00e1tico, os refresco todo el a\u00f1o\u2026 \u00bfMe podr\u00edais dedicar tan solo un minutito?\u00a0\u00bb ,<\/p>\n<p style=\"text-align: justify;\">\u00ab\u00a0Intenta llegar al d\u00eda sin haber tocado nada de madera\u00a0\u00bb,<\/p>\n<p style=\"text-align: justify;\">\u00ab\u00a0Aguanta tu respiraci\u00f3n por un minuto\u2026 Voil\u00e0, has prescindido de los bosques por un minuto\u00a0\u00bb,<\/p>\n<p style=\"text-align: justify;\">\u00ab\u00a0En el futuro, los ni\u00f1os no podr\u00e1n hacerse caba\u00f1as m\u00e1s que con hormig\u00f3n\u2026\u00a0\u00bb<\/p>\n<p style=\"text-align: justify;\"><span style=\"color: #008000;\"><strong>La pr\u00f3xima operaci\u00f3n de \u00abLos \u00e1rboles nos hablan\u00bb, tendr\u00e1 lugar el mi\u00e9rcoles 10 de Octubre, delante de la salida del metro Od\u00e9on (l\u00edneas 4 y 10, delante de la UGC Od\u00e9on), y otras seguir\u00e1n en diferentes barrios parisinos.<\/strong><\/span><\/p>\n<p style=\"text-align: justify;\"><span style=\"color: #000000;\"><strong>\u00a1Descubre nuestro video!<\/strong><\/span><\/p>\n<p><iframe src=\"http:\/\/www.youtube.com\/embed\/pHzATRb3ixg\" width=\"560\" height=\"315\" frameborder=\"0\"><\/iframe><\/p>\n<p style=\"text-align: justify;\"><strong>Esta campa\u00f1a pretende sensibilizar al p\u00fablico de los servicios prestados por los bosques y la importancia de estos en nuestra vida cotidiana. <\/strong>\u00a0Est\u00e1 tambi\u00e9n enfocada a la prensa, acentuando espec\u00edficamente 5 servicio: el agua, el CO<sub>2<\/sub>, la alimentaci\u00f3n, el papel y el aspecto recreativo.<\/p>\n<p><a href=\"http:\/\/envol-vert.org\/wp-content\/uploads\/2012\/09\/La-for\u00eat-et-le-co2-une-histoire-damour...1.jpg\"><img decoding=\"async\" class=\"alignleft\" title=\"La for\u00eat et le co2, une histoire d'amour...\" src=\"https:\/\/envol-vert.org\/wp-content\/uploads\/2012\/09\/La-for%C3%AAt-et-le-co2-une-histoire-damour...1.jpg\" alt=\"\" width=\"191\" height=\"270\" \/><\/a><a href=\"http:\/\/envol-vert.org\/wp-content\/uploads\/2012\/09\/La-for\u00eat-et-lalimentation....jpg\"><img decoding=\"async\" title=\"La for\u00eat et l'alimentation...\" src=\"http:\/\/envol-vert.org\/wp-content\/uploads\/2012\/09\/La-for\u00eat-et-lalimentation...-212x300.jpg\" alt=\"\" width=\"191\" height=\"270\" \/><\/a><\/p>\n<p style=\"text-align: justify;\"><strong>El almacenamiento de CO<sub>2<\/sub> o el aprovisionamiento de madera son dos de los servicios ecosist\u00e9micos forestales mejor conocidos, mientras que otros son raramente mencionados: la generaci\u00f3n de lluvia, su importancia para los cultivos y la alimentaci\u00f3n, la protecci\u00f3n contra temporales o incluso su relevancia medicinal o para la obtenci\u00f3n de aceites esenciales.<\/strong><\/p>\n<h2 style=\"text-align: justify;\"><span style=\"color: #008000;\"><strong>La asociaci\u00f3n Envol Vert acaba de publicar tambi\u00e9n su \u201cInforme descriptivo de los servicios prestados por los bosques\u201d,<\/strong><\/span><\/h2>\n<p style=\"text-align: justify;\">una s\u00edntesis accesible a todos, clara y concisa, de numerosos trabajos ya realizados en estos temas. El documento proporciona ejemplos concretos y cifras de apoyo para comprender mejor las proporciones que los servicios ecosist\u00e9micos forestales pueden alcanzar a escala mundial.<\/p>\n<p>Leer aca el\u00a0<strong><span style=\"text-decoration: underline;\"><span style=\"color: #0000ff;\"><a href=\"http:\/\/envol-vert.org\/wp-content\/uploads\/2012\/09\/Publication-n\u00b01_-version-espagnol.pdf\" target=\"_blank\" rel=\"noopener noreferrer\"><span style=\"color: #0000ff; text-decoration: underline;\">Informe descriptivo de los servicios prestados por los bosques<\/span><\/a><\/span><\/span><\/strong><\/p>\n<p>&nbsp;<\/p>\n<p style=\"text-align: justify;\"><em>\u00a0<\/em><\/p>\n","protected":false},"excerpt":{"rendered":"<p>En una media docena de plazas arboladas parisinas, los \u00e1rboles comunicar\u00e1n sus mensajes<\/p>\n","protected":false},"author":1,"featured_media":5341,"comment_status":"closed","ping_status":"closed","sticky":false,"template":"","format":"standard","meta":{"footnotes":""},"categories":[446],"tags":[1717,1697,375,1779],"class_list":["post-4616","post","type-post","status-publish","format-standard","has-post-thumbnail","hentry","category-actualidades","tag-deforestation-es","tag-envol-vert-es-2","tag-services-rendus-par-la-foret","tag-services-rendus-par-la-foret-es"],"_links":{"self":[{"href":"https:\/\/envol-vert.org\/es\/wp-json\/wp\/v2\/posts\/4616","targetHints":{"allow":["GET"]}}],"collection":[{"href":"https:\/\/envol-vert.org\/es\/wp-json\/wp\/v2\/posts"}],"about":[{"href":"https:\/\/envol-vert.org\/es\/wp-json\/wp\/v2\/types\/post"}],"author":[{"embeddable":true,"href":"https:\/\/envol-vert.org\/es\/wp-json\/wp\/v2\/users\/1"}],"replies":[{"embeddable":true,"href":"https:\/\/envol-vert.org\/es\/wp-json\/wp\/v2\/comments?post=4616"}],"version-history":[{"count":0,"href":"https:\/\/envol-vert.org\/es\/wp-json\/wp\/v2\/posts\/4616\/revisions"}],"wp:featuredmedia":[{"embeddable":true,"href":"https:\/\/envol-vert.org\/es\/wp-json\/wp\/v2\/media\/5341"}],"wp:attachment":[{"href":"https:\/\/envol-vert.org\/es\/wp-json\/wp\/v2\/media?parent=4616"}],"wp:term":[{"taxonomy":"category","embeddable":true,"href":"https:\/\/envol-vert.org\/es\/wp-json\/wp\/v2\/categories?post=4616"},{"taxonomy":"post_tag","embeddable":true,"href":"https:\/\/envol-vert.org\/es\/wp-json\/wp\/v2\/tags?post=4616"}],"curies":[{"name":"wp","href":"https:\/\/api.w.org\/{rel}","templated":true}]}}