{"id":6186,"date":"2013-06-12T18:12:18","date_gmt":"2013-06-12T18:12:18","guid":{"rendered":"http:\/\/envol-vert.org\/?p=6186"},"modified":"2015-11-23T23:42:20","modified_gmt":"2015-11-23T22:42:20","slug":"seminario-de-voluntarios","status":"publish","type":"post","link":"https:\/\/envol-vert.org\/es\/actualidades\/2013\/06\/seminario-de-voluntarios\/","title":{"rendered":"Seminario de voluntarios"},"content":{"rendered":"<p style=\"text-align: center;\"><a href=\"http:\/\/envol-vert.org\/wp-content\/uploads\/2013\/06\/groupe1.jpg\"><img decoding=\"async\" class=\"aligncenter  wp-image-6164\" src=\"https:\/\/envol-vert.org\/wp-content\/uploads\/2013\/06\/groupe1.jpg\" alt=\"S\u00e9minaire 2013\" width=\"502\" height=\"334\" srcset=\"https:\/\/envol-vert.org\/wp-content\/uploads\/2013\/06\/groupe1-200x133.jpg 200w, https:\/\/envol-vert.org\/wp-content\/uploads\/2013\/06\/groupe1-250x167.jpg 250w, https:\/\/envol-vert.org\/wp-content\/uploads\/2013\/06\/groupe1-300x200.jpg 300w, https:\/\/envol-vert.org\/wp-content\/uploads\/2013\/06\/groupe1-400x267.jpg 400w, https:\/\/envol-vert.org\/wp-content\/uploads\/2013\/06\/groupe1-600x400.jpg 600w, https:\/\/envol-vert.org\/wp-content\/uploads\/2013\/06\/groupe1-768x512.jpg 768w, https:\/\/envol-vert.org\/wp-content\/uploads\/2013\/06\/groupe1-800x533.jpg 800w, https:\/\/envol-vert.org\/wp-content\/uploads\/2013\/06\/groupe1-1024x683.jpg 1024w, https:\/\/envol-vert.org\/wp-content\/uploads\/2013\/06\/groupe1-1200x800.jpg 1200w, https:\/\/envol-vert.org\/wp-content\/uploads\/2013\/06\/groupe1.jpg 1500w\" sizes=\"(max-width: 502px) 100vw, 502px\" \/><\/a><\/p>\n<p style=\"text-align: justify;\">El segundo seminario de Envol Vert ocurri\u00f3 desde el viernes, 7 hasta el lunes, 10 de junio de 2013 en un lugar magnifico y afianzado en la historia de Francia\u00a0: el castillo de Sepmes en Touraine, graciosamente puso a nuestra disposici\u00f3n.<\/p>\n<p style=\"text-align: justify;\">17 fundadores miembros trabajadores voluntarios se reunieron para intercambiar sobre proyectos presentes,\u00a0 ambiciones para este a\u00f1o y para compartir valores comunes.<\/p>\n<p style=\"text-align: justify;\">El programa del seminario estuvo muy ocupado: historia de la asociaci\u00f3n, una formaci\u00f3n sobre los bosques as\u00ed que una an\u00e1lisis del proyecto de repoblaci\u00f3n forestal y agrosilvicultura ocurriendo en Per\u00fa presentado por Arthur que acabo de volver de Per\u00fa despu\u00e9s 6 meses all\u00e0.<\/p>\n<p style=\"text-align: justify;\"><strong>El seminario tambi\u00e9n permiti\u00f3 compartir las INICIATIVAS PENDIENTES.<\/strong><\/p>\n<p style=\"text-align: justify;\">&#8211;\u00a0\u00a0\u00a0\u00a0\u00a0\u00a0 el proyecto de plataforma Ecoturismo todav\u00eda est\u00e1 en discusi\u00f3n!<\/p>\n<p style=\"text-align: justify;\">&#8211;\u00a0\u00a0\u00a0\u00a0\u00a0\u00a0 Herramienta innovadora de huella forestal de los productos de nuestro consumo presentada por la\u00a0 responsable universitaria del master SGE (ciencia y genio del medio ambiente) que nos honro con su visita<\/p>\n<p style=\"text-align: justify;\">&#8211;\u00a0\u00a0\u00a0\u00a0\u00a0\u00a0 \u00a0los avances de la campana de sensibilizaci\u00f3n\u00a0 \u201cel cuero curte la floresta\u201d y sus pr\u00f3ximas etapas<\/p>\n<p style=\"text-align: justify;\">&#8211;\u00a0\u00a0\u00a0\u00a0\u00a0\u00a0 el trabajo sobre la estrategia para conseguir nuevos donantes, una necesidad urgente<\/p>\n<p style=\"text-align: center;\"><a href=\"http:\/\/envol-vert.org\/wp-content\/uploads\/2013\/06\/groupe5.jpg\"><img decoding=\"async\" class=\"aligncenter  wp-image-6165\" src=\"https:\/\/envol-vert.org\/wp-content\/uploads\/2013\/06\/groupe5.jpg\" alt=\"S\u00e9minaire 2013\" width=\"496\" height=\"330\" srcset=\"https:\/\/envol-vert.org\/wp-content\/uploads\/2013\/06\/groupe5-300x200.jpg 300w, https:\/\/envol-vert.org\/wp-content\/uploads\/2013\/06\/groupe5-768x512.jpg 768w, https:\/\/envol-vert.org\/wp-content\/uploads\/2013\/06\/groupe5-1024x683.jpg 1024w, https:\/\/envol-vert.org\/wp-content\/uploads\/2013\/06\/groupe5.jpg 1500w\" sizes=\"(max-width: 496px) 100vw, 496px\" \/><\/a><\/p>\n<p style=\"text-align: justify;\">Este seminario tambi\u00e9n fue <strong>un momento de intercambio en forma de talleres<\/strong>. Los grupos trabajaron sobre<\/p>\n<p style=\"text-align: justify;\">&#8211;\u00a0\u00a0\u00a0\u00a0\u00a0\u00a0 los indicadores de utilidad social de Envol Vert<\/p>\n<p style=\"text-align: justify;\">&#8211;\u00a0\u00a0\u00a0\u00a0\u00a0\u00a0 la formaci\u00f3n de los recursos humanos para ofrecer un cuadro a los voluntarios<\/p>\n<p style=\"text-align: justify;\">&#8211;\u00a0\u00a0\u00a0\u00a0\u00a0\u00a0 los primeros ladrillos de construcci\u00f3n de stand Envol Vert con la idea de dos juegos<\/p>\n<p style=\"text-align: center;\"><a href=\"http:\/\/envol-vert.org\/wp-content\/uploads\/2013\/06\/benevoles4.jpg\"><img decoding=\"async\" class=\"aligncenter  wp-image-6169\" src=\"http:\/\/envol-vert.org\/wp-content\/uploads\/2013\/06\/benevoles4.jpg\" alt=\"S\u00e9minaire 2013\" width=\"496\" height=\"330\" srcset=\"https:\/\/envol-vert.org\/wp-content\/uploads\/2013\/06\/benevoles4-300x200.jpg 300w, https:\/\/envol-vert.org\/wp-content\/uploads\/2013\/06\/benevoles4-768x512.jpg 768w, https:\/\/envol-vert.org\/wp-content\/uploads\/2013\/06\/benevoles4-1024x683.jpg 1024w, https:\/\/envol-vert.org\/wp-content\/uploads\/2013\/06\/benevoles4.jpg 1500w\" sizes=\"(max-width: 496px) 100vw, 496px\" \/><\/a><\/p>\n<p style=\"text-align: justify;\">Periodo de di\u00e1logos, intercambios, trabajo en grupo y restituci\u00f3n en el cual los participantes aprovecharon de los deliciosos productos locales y la visita del castillo!<\/p>\n<p style=\"text-align: center;\"><a href=\"http:\/\/envol-vert.org\/wp-content\/uploads\/2013\/06\/repas1.jpg\"><img decoding=\"async\" class=\"aligncenter  wp-image-6166\" src=\"http:\/\/envol-vert.org\/wp-content\/uploads\/2013\/06\/repas1.jpg\" alt=\"S\u00e9minaire 2013\" width=\"496\" height=\"330\" srcset=\"https:\/\/envol-vert.org\/wp-content\/uploads\/2013\/06\/repas1-300x200.jpg 300w, https:\/\/envol-vert.org\/wp-content\/uploads\/2013\/06\/repas1-768x512.jpg 768w, https:\/\/envol-vert.org\/wp-content\/uploads\/2013\/06\/repas1-1024x683.jpg 1024w, https:\/\/envol-vert.org\/wp-content\/uploads\/2013\/06\/repas1.jpg 1500w\" sizes=\"(max-width: 496px) 100vw, 496px\" \/><\/a><\/p>\n<p style=\"text-align: justify;\"><strong>Las discusiones y los talleres favorecieron reflexiones constructivas a las apuestas relevantes para Envol Vert en un ambiente caluroso y\u00a0 voluntario. Envol Vert agradece a todos los voluntarios por su implicaci\u00f3n vital.\u00a0<\/strong><\/p>\n<p style=\"text-align: center;\">\u00a0<a href=\"http:\/\/envol-vert.org\/wp-content\/uploads\/2013\/06\/benevoles.jpg\"><img decoding=\"async\" class=\"aligncenter  wp-image-6167\" src=\"https:\/\/envol-vert.org\/wp-content\/uploads\/2013\/06\/benevoles.jpg\" alt=\"benevoles\" width=\"496\" height=\"330\" srcset=\"https:\/\/envol-vert.org\/wp-content\/uploads\/2013\/06\/benevoles-300x200.jpg 300w, https:\/\/envol-vert.org\/wp-content\/uploads\/2013\/06\/benevoles-768x512.jpg 768w, https:\/\/envol-vert.org\/wp-content\/uploads\/2013\/06\/benevoles-1024x683.jpg 1024w, https:\/\/envol-vert.org\/wp-content\/uploads\/2013\/06\/benevoles.jpg 1500w\" sizes=\"(max-width: 496px) 100vw, 496px\" \/><\/a><\/p>\n","protected":false},"excerpt":{"rendered":"<p>El segundo seminario de Envol Vert ocurri\u00f3 desde el viernes, 7 hasta el lunes, 10 de junio de 2013 <\/p>\n","protected":false},"author":1,"featured_media":11197,"comment_status":"closed","ping_status":"closed","sticky":false,"template":"","format":"standard","meta":{"footnotes":""},"categories":[446],"tags":[1574,213],"class_list":["post-6186","post","type-post","status-publish","format-standard","has-post-thumbnail","hentry","category-actualidades","tag-2013-es","tag-foret"],"yoast_head":"<!-- This site is optimized with the Yoast SEO plugin v28.3 - https:\/\/yoast.com\/product\/yoast-seo-wordpress\/ -->\n<title>Seminario de voluntarios - Envol Vert<\/title>\n<meta name=\"robots\" content=\"index, follow, max-snippet:-1, max-image-preview:large, max-video-preview:-1\" \/>\n<link rel=\"canonical\" href=\"https:\/\/envol-vert.org\/es\/actualidades\/2013\/06\/seminario-de-voluntarios\/\" \/>\n<meta property=\"og:locale\" content=\"es_ES\" \/>\n<meta property=\"og:type\" content=\"article\" \/>\n<meta property=\"og:title\" content=\"Seminario de voluntarios - Envol Vert\" \/>\n<meta property=\"og:description\" content=\"El segundo seminario de Envol Vert ocurri\u00f3 desde el viernes, 7 hasta el lunes, 10 de junio de 2013\" \/>\n<meta property=\"og:url\" content=\"https:\/\/envol-vert.org\/es\/actualidades\/2013\/06\/seminario-de-voluntarios\/\" \/>\n<meta property=\"og:site_name\" content=\"Envol Vert\" \/>\n<meta property=\"article:publisher\" content=\"https:\/\/www.facebook.com\/EnvolVertFrance\/\" \/>\n<meta property=\"article:published_time\" content=\"2013-06-12T18:12:18+00:00\" \/>\n<meta property=\"article:modified_time\" content=\"2015-11-23T22:42:20+00:00\" \/>\n<meta property=\"og:image\" content=\"https:\/\/envol-vert.org\/wp-content\/uploads\/2015\/11\/LOGO-EV-TYPE6.jpg\" \/>\n\t<meta property=\"og:image:width\" content=\"650\" \/>\n\t<meta property=\"og:image:height\" content=\"521\" \/>\n\t<meta property=\"og:image:type\" content=\"image\/jpeg\" \/>\n<meta name=\"author\" content=\"Greg\" \/>\n<meta name=\"twitter:card\" content=\"summary_large_image\" \/>\n<meta name=\"twitter:creator\" content=\"@Envolvert\" \/>\n<meta name=\"twitter:site\" content=\"@Envolvert\" \/>\n<meta name=\"twitter:label1\" content=\"Escrito por\" \/>\n\t<meta name=\"twitter:data1\" content=\"Greg\" \/>\n\t<meta name=\"twitter:label2\" content=\"Tiempo de lectura\" \/>\n\t<meta name=\"twitter:data2\" content=\"2 minutes\" \/>\n<script type=\"application\/ld+json\" class=\"yoast-schema-graph\">{\"@context\":\"https:\\\/\\\/schema.org\",\"@graph\":[{\"@type\":\"Article\",\"@id\":\"https:\\\/\\\/envol-vert.org\\\/es\\\/actualidades\\\/2013\\\/06\\\/seminario-de-voluntarios\\\/#article\",\"isPartOf\":{\"@id\":\"https:\\\/\\\/envol-vert.org\\\/es\\\/actualidades\\\/2013\\\/06\\\/seminario-de-voluntarios\\\/\"},\"author\":{\"name\":\"Greg\",\"@id\":\"https:\\\/\\\/envol-vert.org\\\/es\\\/#\\\/schema\\\/person\\\/181eda536d58beed4adcb14483d99827\"},\"headline\":\"Seminario de voluntarios\",\"datePublished\":\"2013-06-12T18:12:18+00:00\",\"dateModified\":\"2015-11-23T22:42:20+00:00\",\"mainEntityOfPage\":{\"@id\":\"https:\\\/\\\/envol-vert.org\\\/es\\\/actualidades\\\/2013\\\/06\\\/seminario-de-voluntarios\\\/\"},\"wordCount\":313,\"publisher\":{\"@id\":\"https:\\\/\\\/envol-vert.org\\\/es\\\/#organization\"},\"image\":{\"@id\":\"https:\\\/\\\/envol-vert.org\\\/es\\\/actualidades\\\/2013\\\/06\\\/seminario-de-voluntarios\\\/#primaryimage\"},\"thumbnailUrl\":\"https:\\\/\\\/envol-vert.org\\\/wp-content\\\/uploads\\\/2015\\\/11\\\/LOGO-EV-TYPE6.jpg\",\"keywords\":[\"2013\",\"for\u00eat\"],\"articleSection\":[\"Actualidades\"],\"inLanguage\":\"es-ES\"},{\"@type\":\"WebPage\",\"@id\":\"https:\\\/\\\/envol-vert.org\\\/es\\\/actualidades\\\/2013\\\/06\\\/seminario-de-voluntarios\\\/\",\"url\":\"https:\\\/\\\/envol-vert.org\\\/es\\\/actualidades\\\/2013\\\/06\\\/seminario-de-voluntarios\\\/\",\"name\":\"Seminario de voluntarios - Envol Vert\",\"isPartOf\":{\"@id\":\"https:\\\/\\\/envol-vert.org\\\/es\\\/#website\"},\"primaryImageOfPage\":{\"@id\":\"https:\\\/\\\/envol-vert.org\\\/es\\\/actualidades\\\/2013\\\/06\\\/seminario-de-voluntarios\\\/#primaryimage\"},\"image\":{\"@id\":\"https:\\\/\\\/envol-vert.org\\\/es\\\/actualidades\\\/2013\\\/06\\\/seminario-de-voluntarios\\\/#primaryimage\"},\"thumbnailUrl\":\"https:\\\/\\\/envol-vert.org\\\/wp-content\\\/uploads\\\/2015\\\/11\\\/LOGO-EV-TYPE6.jpg\",\"datePublished\":\"2013-06-12T18:12:18+00:00\",\"dateModified\":\"2015-11-23T22:42:20+00:00\",\"breadcrumb\":{\"@id\":\"https:\\\/\\\/envol-vert.org\\\/es\\\/actualidades\\\/2013\\\/06\\\/seminario-de-voluntarios\\\/#breadcrumb\"},\"inLanguage\":\"es-ES\",\"potentialAction\":[{\"@type\":\"ReadAction\",\"target\":[\"https:\\\/\\\/envol-vert.org\\\/es\\\/actualidades\\\/2013\\\/06\\\/seminario-de-voluntarios\\\/\"]}]},{\"@type\":\"ImageObject\",\"inLanguage\":\"es-ES\",\"@id\":\"https:\\\/\\\/envol-vert.org\\\/es\\\/actualidades\\\/2013\\\/06\\\/seminario-de-voluntarios\\\/#primaryimage\",\"url\":\"https:\\\/\\\/envol-vert.org\\\/wp-content\\\/uploads\\\/2015\\\/11\\\/LOGO-EV-TYPE6.jpg\",\"contentUrl\":\"https:\\\/\\\/envol-vert.org\\\/wp-content\\\/uploads\\\/2015\\\/11\\\/LOGO-EV-TYPE6.jpg\",\"width\":650,\"height\":521,\"caption\":\"LOGO-EV-TYPE6\"},{\"@type\":\"BreadcrumbList\",\"@id\":\"https:\\\/\\\/envol-vert.org\\\/es\\\/actualidades\\\/2013\\\/06\\\/seminario-de-voluntarios\\\/#breadcrumb\",\"itemListElement\":[{\"@type\":\"ListItem\",\"position\":1,\"name\":\"Accueil\",\"item\":\"https:\\\/\\\/envol-vert.org\\\/es\\\/\"},{\"@type\":\"ListItem\",\"position\":2,\"name\":\"Seminario de voluntarios\"}]},{\"@type\":\"WebSite\",\"@id\":\"https:\\\/\\\/envol-vert.org\\\/es\\\/#website\",\"url\":\"https:\\\/\\\/envol-vert.org\\\/es\\\/\",\"name\":\"Envol Vert\",\"description\":\"La for\u00eat nous rend service, rendons le lui.\",\"publisher\":{\"@id\":\"https:\\\/\\\/envol-vert.org\\\/es\\\/#organization\"},\"potentialAction\":[{\"@type\":\"SearchAction\",\"target\":{\"@type\":\"EntryPoint\",\"urlTemplate\":\"https:\\\/\\\/envol-vert.org\\\/es\\\/?s={search_term_string}\"},\"query-input\":{\"@type\":\"PropertyValueSpecification\",\"valueRequired\":true,\"valueName\":\"search_term_string\"}}],\"inLanguage\":\"es-ES\"},{\"@type\":\"Organization\",\"@id\":\"https:\\\/\\\/envol-vert.org\\\/es\\\/#organization\",\"name\":\"Envol Vert\",\"url\":\"https:\\\/\\\/envol-vert.org\\\/es\\\/\",\"logo\":{\"@type\":\"ImageObject\",\"inLanguage\":\"es-ES\",\"@id\":\"https:\\\/\\\/envol-vert.org\\\/es\\\/#\\\/schema\\\/logo\\\/image\\\/\",\"url\":\"https:\\\/\\\/envol-vert.org\\\/wp-content\\\/uploads\\\/2021\\\/03\\\/Logo-icone-site.png\",\"contentUrl\":\"https:\\\/\\\/envol-vert.org\\\/wp-content\\\/uploads\\\/2021\\\/03\\\/Logo-icone-site.png\",\"width\":512,\"height\":512,\"caption\":\"Envol Vert\"},\"image\":{\"@id\":\"https:\\\/\\\/envol-vert.org\\\/es\\\/#\\\/schema\\\/logo\\\/image\\\/\"},\"sameAs\":[\"https:\\\/\\\/www.facebook.com\\\/EnvolVertFrance\\\/\",\"https:\\\/\\\/x.com\\\/Envolvert\",\"https:\\\/\\\/www.instagram.com\\\/envol_vert_france\\\/\",\"https:\\\/\\\/www.linkedin.com\\\/company\\\/envolvert\\\/\",\"https:\\\/\\\/www.youtube.com\\\/c\\\/EnvolVert\"]},{\"@type\":\"Person\",\"@id\":\"https:\\\/\\\/envol-vert.org\\\/es\\\/#\\\/schema\\\/person\\\/181eda536d58beed4adcb14483d99827\",\"name\":\"Greg\",\"image\":{\"@type\":\"ImageObject\",\"inLanguage\":\"es-ES\",\"@id\":\"https:\\\/\\\/secure.gravatar.com\\\/avatar\\\/4a8434f8e08c1383187f9915834cad253a7e38112ece5dce47d482bcb43c1777?s=96&d=mm&r=g\",\"url\":\"https:\\\/\\\/secure.gravatar.com\\\/avatar\\\/4a8434f8e08c1383187f9915834cad253a7e38112ece5dce47d482bcb43c1777?s=96&d=mm&r=g\",\"contentUrl\":\"https:\\\/\\\/secure.gravatar.com\\\/avatar\\\/4a8434f8e08c1383187f9915834cad253a7e38112ece5dce47d482bcb43c1777?s=96&d=mm&r=g\",\"caption\":\"Greg\"},\"url\":\"https:\\\/\\\/envol-vert.org\\\/es\\\/author\\\/greg\\\/\"}]}<\/script>\n<!-- \/ Yoast SEO plugin. -->","yoast_head_json":{"title":"Seminario de voluntarios - Envol Vert","robots":{"index":"index","follow":"follow","max-snippet":"max-snippet:-1","max-image-preview":"max-image-preview:large","max-video-preview":"max-video-preview:-1"},"canonical":"https:\/\/envol-vert.org\/es\/actualidades\/2013\/06\/seminario-de-voluntarios\/","og_locale":"es_ES","og_type":"article","og_title":"Seminario de voluntarios - Envol Vert","og_description":"El segundo seminario de Envol Vert ocurri\u00f3 desde el viernes, 7 hasta el lunes, 10 de junio de 2013","og_url":"https:\/\/envol-vert.org\/es\/actualidades\/2013\/06\/seminario-de-voluntarios\/","og_site_name":"Envol Vert","article_publisher":"https:\/\/www.facebook.com\/EnvolVertFrance\/","article_published_time":"2013-06-12T18:12:18+00:00","article_modified_time":"2015-11-23T22:42:20+00:00","og_image":[{"width":650,"height":521,"url":"https:\/\/envol-vert.org\/wp-content\/uploads\/2015\/11\/LOGO-EV-TYPE6.jpg","type":"image\/jpeg"}],"author":"Greg","twitter_card":"summary_large_image","twitter_creator":"@Envolvert","twitter_site":"@Envolvert","twitter_misc":{"Escrito por":"Greg","Tiempo de lectura":"2 minutes"},"schema":{"@context":"https:\/\/schema.org","@graph":[{"@type":"Article","@id":"https:\/\/envol-vert.org\/es\/actualidades\/2013\/06\/seminario-de-voluntarios\/#article","isPartOf":{"@id":"https:\/\/envol-vert.org\/es\/actualidades\/2013\/06\/seminario-de-voluntarios\/"},"author":{"name":"Greg","@id":"https:\/\/envol-vert.org\/es\/#\/schema\/person\/181eda536d58beed4adcb14483d99827"},"headline":"Seminario de voluntarios","datePublished":"2013-06-12T18:12:18+00:00","dateModified":"2015-11-23T22:42:20+00:00","mainEntityOfPage":{"@id":"https:\/\/envol-vert.org\/es\/actualidades\/2013\/06\/seminario-de-voluntarios\/"},"wordCount":313,"publisher":{"@id":"https:\/\/envol-vert.org\/es\/#organization"},"image":{"@id":"https:\/\/envol-vert.org\/es\/actualidades\/2013\/06\/seminario-de-voluntarios\/#primaryimage"},"thumbnailUrl":"https:\/\/envol-vert.org\/wp-content\/uploads\/2015\/11\/LOGO-EV-TYPE6.jpg","keywords":["2013","for\u00eat"],"articleSection":["Actualidades"],"inLanguage":"es-ES"},{"@type":"WebPage","@id":"https:\/\/envol-vert.org\/es\/actualidades\/2013\/06\/seminario-de-voluntarios\/","url":"https:\/\/envol-vert.org\/es\/actualidades\/2013\/06\/seminario-de-voluntarios\/","name":"Seminario de voluntarios - Envol Vert","isPartOf":{"@id":"https:\/\/envol-vert.org\/es\/#website"},"primaryImageOfPage":{"@id":"https:\/\/envol-vert.org\/es\/actualidades\/2013\/06\/seminario-de-voluntarios\/#primaryimage"},"image":{"@id":"https:\/\/envol-vert.org\/es\/actualidades\/2013\/06\/seminario-de-voluntarios\/#primaryimage"},"thumbnailUrl":"https:\/\/envol-vert.org\/wp-content\/uploads\/2015\/11\/LOGO-EV-TYPE6.jpg","datePublished":"2013-06-12T18:12:18+00:00","dateModified":"2015-11-23T22:42:20+00:00","breadcrumb":{"@id":"https:\/\/envol-vert.org\/es\/actualidades\/2013\/06\/seminario-de-voluntarios\/#breadcrumb"},"inLanguage":"es-ES","potentialAction":[{"@type":"ReadAction","target":["https:\/\/envol-vert.org\/es\/actualidades\/2013\/06\/seminario-de-voluntarios\/"]}]},{"@type":"ImageObject","inLanguage":"es-ES","@id":"https:\/\/envol-vert.org\/es\/actualidades\/2013\/06\/seminario-de-voluntarios\/#primaryimage","url":"https:\/\/envol-vert.org\/wp-content\/uploads\/2015\/11\/LOGO-EV-TYPE6.jpg","contentUrl":"https:\/\/envol-vert.org\/wp-content\/uploads\/2015\/11\/LOGO-EV-TYPE6.jpg","width":650,"height":521,"caption":"LOGO-EV-TYPE6"},{"@type":"BreadcrumbList","@id":"https:\/\/envol-vert.org\/es\/actualidades\/2013\/06\/seminario-de-voluntarios\/#breadcrumb","itemListElement":[{"@type":"ListItem","position":1,"name":"Accueil","item":"https:\/\/envol-vert.org\/es\/"},{"@type":"ListItem","position":2,"name":"Seminario de voluntarios"}]},{"@type":"WebSite","@id":"https:\/\/envol-vert.org\/es\/#website","url":"https:\/\/envol-vert.org\/es\/","name":"Envol Vert","description":"La for\u00eat nous rend service, rendons le lui.","publisher":{"@id":"https:\/\/envol-vert.org\/es\/#organization"},"potentialAction":[{"@type":"SearchAction","target":{"@type":"EntryPoint","urlTemplate":"https:\/\/envol-vert.org\/es\/?s={search_term_string}"},"query-input":{"@type":"PropertyValueSpecification","valueRequired":true,"valueName":"search_term_string"}}],"inLanguage":"es-ES"},{"@type":"Organization","@id":"https:\/\/envol-vert.org\/es\/#organization","name":"Envol Vert","url":"https:\/\/envol-vert.org\/es\/","logo":{"@type":"ImageObject","inLanguage":"es-ES","@id":"https:\/\/envol-vert.org\/es\/#\/schema\/logo\/image\/","url":"https:\/\/envol-vert.org\/wp-content\/uploads\/2021\/03\/Logo-icone-site.png","contentUrl":"https:\/\/envol-vert.org\/wp-content\/uploads\/2021\/03\/Logo-icone-site.png","width":512,"height":512,"caption":"Envol Vert"},"image":{"@id":"https:\/\/envol-vert.org\/es\/#\/schema\/logo\/image\/"},"sameAs":["https:\/\/www.facebook.com\/EnvolVertFrance\/","https:\/\/x.com\/Envolvert","https:\/\/www.instagram.com\/envol_vert_france\/","https:\/\/www.linkedin.com\/company\/envolvert\/","https:\/\/www.youtube.com\/c\/EnvolVert"]},{"@type":"Person","@id":"https:\/\/envol-vert.org\/es\/#\/schema\/person\/181eda536d58beed4adcb14483d99827","name":"Greg","image":{"@type":"ImageObject","inLanguage":"es-ES","@id":"https:\/\/secure.gravatar.com\/avatar\/4a8434f8e08c1383187f9915834cad253a7e38112ece5dce47d482bcb43c1777?s=96&d=mm&r=g","url":"https:\/\/secure.gravatar.com\/avatar\/4a8434f8e08c1383187f9915834cad253a7e38112ece5dce47d482bcb43c1777?s=96&d=mm&r=g","contentUrl":"https:\/\/secure.gravatar.com\/avatar\/4a8434f8e08c1383187f9915834cad253a7e38112ece5dce47d482bcb43c1777?s=96&d=mm&r=g","caption":"Greg"},"url":"https:\/\/envol-vert.org\/es\/author\/greg\/"}]}},"_links":{"self":[{"href":"https:\/\/envol-vert.org\/es\/wp-json\/wp\/v2\/posts\/6186","targetHints":{"allow":["GET"]}}],"collection":[{"href":"https:\/\/envol-vert.org\/es\/wp-json\/wp\/v2\/posts"}],"about":[{"href":"https:\/\/envol-vert.org\/es\/wp-json\/wp\/v2\/types\/post"}],"author":[{"embeddable":true,"href":"https:\/\/envol-vert.org\/es\/wp-json\/wp\/v2\/users\/1"}],"replies":[{"embeddable":true,"href":"https:\/\/envol-vert.org\/es\/wp-json\/wp\/v2\/comments?post=6186"}],"version-history":[{"count":0,"href":"https:\/\/envol-vert.org\/es\/wp-json\/wp\/v2\/posts\/6186\/revisions"}],"wp:featuredmedia":[{"embeddable":true,"href":"https:\/\/envol-vert.org\/es\/wp-json\/wp\/v2\/media\/11197"}],"wp:attachment":[{"href":"https:\/\/envol-vert.org\/es\/wp-json\/wp\/v2\/media?parent=6186"}],"wp:term":[{"taxonomy":"category","embeddable":true,"href":"https:\/\/envol-vert.org\/es\/wp-json\/wp\/v2\/categories?post=6186"},{"taxonomy":"post_tag","embeddable":true,"href":"https:\/\/envol-vert.org\/es\/wp-json\/wp\/v2\/tags?post=6186"}],"curies":[{"name":"wp","href":"https:\/\/api.w.org\/{rel}","templated":true}]}}