{"id":66954,"date":"2026-03-30T09:34:54","date_gmt":"2026-03-30T07:34:54","guid":{"rendered":"https:\/\/envol-vert.org\/?p=66954"},"modified":"2026-03-31T18:51:21","modified_gmt":"2026-03-31T16:51:21","slug":"proteger-bosques-colombia","status":"publish","type":"post","link":"https:\/\/envol-vert.org\/es\/actualidades\/2026\/03\/proteger-bosques-colombia\/","title":{"rendered":"Proteger hasta el 49 % de los bosques de Colombia"},"content":{"rendered":"<div class=\"fusion-fullwidth fullwidth-box fusion-builder-row-1 fusion-flex-container has-pattern-background has-mask-background nonhundred-percent-fullwidth non-hundred-percent-height-scrolling\" style=\"--awb-border-radius-top-left:0px;--awb-border-radius-top-right:0px;--awb-border-radius-bottom-right:0px;--awb-border-radius-bottom-left:0px;--awb-flex-wrap:wrap;\" ><div class=\"fusion-builder-row fusion-row fusion-flex-align-items-flex-start fusion-flex-content-wrap\" style=\"max-width:1040px;margin-left: calc(-4% \/ 2 );margin-right: calc(-4% \/ 2 );\"><div class=\"fusion-layout-column fusion_builder_column fusion-builder-column-0 fusion_builder_column_1_1 1_1 fusion-flex-column\" style=\"--awb-bg-size:cover;--awb-width-large:100%;--awb-margin-top-large:0px;--awb-spacing-right-large:1.92%;--awb-margin-bottom-large:20px;--awb-spacing-left-large:1.92%;--awb-width-medium:100%;--awb-order-medium:0;--awb-spacing-right-medium:1.92%;--awb-spacing-left-medium:1.92%;--awb-width-small:100%;--awb-order-small:0;--awb-spacing-right-small:1.92%;--awb-spacing-left-small:1.92%;\"><div class=\"fusion-column-wrapper fusion-column-has-shadow fusion-flex-justify-content-flex-start fusion-content-layout-column\"><div class=\"fusion-title title fusion-title-1 sep-underline sep-solid fusion-title-text fusion-title-size-two\" style=\"--awb-margin-top-small:0px;--awb-margin-right-small:0px;--awb-margin-bottom-small:0px;--awb-margin-left-small:0px;\"><h2 class=\"fusion-title-heading title-heading-left fusion-responsive-typography-calculated\" style=\"margin:0;--fontSize:22.4;--minFontSize:22.4;line-height:1.39;\"><div class=\"fusion-fa-align-left\"><i class=\"fb-icon-element-1 fb-icon-element fontawesome-icon fa-seedling fas circle-no\" style=\"--awb-iconcolor:#3aaa35;--awb-font-size:30px;--awb-margin-bottom:5%;\"><\/i><\/div>Un estudio cient\u00edfico revela el potencial de la trazabilidad ganadera<\/h2><\/div><div class=\"fusion-separator fusion-full-width-sep\" style=\"align-self: center;margin-left: auto;margin-right: auto;margin-bottom:3%;width:100%;\"><div class=\"fusion-separator-border sep-single sep-solid\" style=\"--awb-height:20px;--awb-amount:20px;border-color:#e0dede;border-top-width:0px;\"><\/div><\/div><div class=\"fusion-text fusion-text-1\"><p><span style=\"font-weight: 400;\">Una <a href=\"https:\/\/drive.google.com\/file\/d\/1xnrAfROSr1eiT-oFnt-l4SJkv4ZTBBRm\/view?usp=sharing\" target=\"_blank\" rel=\"noopener\">nueva investigaci\u00f3n cient\u00edfica<\/a> demuestra que la implementaci\u00f3n efectiva de sistemas de trazabilidad en el sector ganadero, combinada con los Acuerdos de Cero Deforestaci\u00f3n (ACD), puede convertirse en una de las herramientas m\u00e1s eficaces para frenar la deforestaci\u00f3n en Colombia y proteger ecosistemas estrat\u00e9gicos como los bosques y los p\u00e1ramos.<\/span><\/p>\n<p><span style=\"font-weight: 400;\">El estudio, basado en el an\u00e1lisis de millones de movimientos de ganado, evidencia que <strong>el 82 % de las movilizaciones son indirectas<\/strong>, lo que dificulta el rastreo del origen del ganado y aumenta el riesgo de deforestaci\u00f3n, especialmente en regiones como la Amazonia y los Andes.<\/span><\/p>\n<p><span style=\"font-weight: 400;\">La investigaci\u00f3n identifica a las plantas de sacrificio y a las ferias ganaderas como puntos cr\u00edticos de intervenci\u00f3n. Las zonas de abastecimiento de 175 plantas autorizadas concentran m\u00e1s del 70 % de la deforestaci\u00f3n reciente y abarcan cerca de un tercio de los bosques no protegidos del pa\u00eds. Aunque solo 19 plantas est\u00e1n orientadas a la exportaci\u00f3n, estas sacrifican m\u00e1s de la mitad del ganado nacional, lo que las convierte en actores clave para ampliar el impacto de la trazabilidad y los ACD.<\/span><\/p>\n<p><span style=\"font-weight: 400;\">Actualmente, 16 empresas del sector l\u00e1cteo y 21 del sector c\u00e1rnico han firmado los ACD. Sus zonas de abastecimiento cubren el 23 % de los bosques de Colombia, el 33 % de la deforestaci\u00f3n reciente y el 57 % de los p\u00e1ramos no protegidos. <strong>Los escenarios analizados muestran que una mayor adhesi\u00f3n empresarial podr\u00eda permitir la protecci\u00f3n de hasta el 49 % de los bosques, el 90 % de la deforestaci\u00f3n reciente y el 96 % de los p\u00e1ramos del pa\u00eds.<\/strong><\/span><\/p>\n<p><span style=\"font-weight: 400;\">El <a href=\"https:\/\/drive.google.com\/file\/d\/1xnrAfROSr1eiT-oFnt-l4SJkv4ZTBBRm\/view?usp=sharing\" target=\"_blank\" rel=\"noopener\">estudio<\/a> concluye que el impacto real de los ACD depender\u00e1 de sistemas de trazabilidad s\u00f3lidos, datos transparentes y monitoreo independiente que incluyan a los proveedores indirectos, permitiendo al sector cumplir con nuevas exigencias de mercado y pol\u00edticas p\u00fablicas, sin excluir a los peque\u00f1os productores.<\/span><\/p>\n<\/div><div style=\"text-align:center;\"><a class=\"fusion-button button-flat fusion-button-default-size button-default fusion-button-default button-1 fusion-button-default-span fusion-button-default-type\" style=\"--button_margin-top:2%;--button_margin-bottom:4%;\" target=\"_blank\" rel=\"noopener noreferrer\" href=\"https:\/\/drive.google.com\/file\/d\/1xnrAfROSr1eiT-oFnt-l4SJkv4ZTBBRm\/view?usp=sharing\"><i class=\"fa-arrow-circle-down fas awb-button__icon awb-button__icon--default button-icon-left\" aria-hidden=\"true\"><\/i><span class=\"fusion-button-text awb-button__text awb-button__text--default\">Descargar el resumen del art\u00edculo cient\u00edfico<\/span><\/a><\/div><div class=\"fusion-title title fusion-title-2 sep-underline sep-solid fusion-title-text fusion-title-size-two\" style=\"--awb-margin-top-small:0px;--awb-margin-right-small:0px;--awb-margin-bottom-small:0px;--awb-margin-left-small:0px;\"><h2 class=\"fusion-title-heading title-heading-left fusion-responsive-typography-calculated\" style=\"margin:0;--fontSize:22.4;--minFontSize:22.4;line-height:1.39;\"><div class=\"fusion-fa-align-left\"><i class=\"fb-icon-element-2 fb-icon-element fontawesome-icon fa-seedling fas circle-no\" style=\"--awb-iconcolor:#3aaa35;--awb-font-size:30px;--awb-margin-bottom:5%;\"><\/i><\/div>Informaci\u00f3n adicional<\/h2><\/div><div class=\"fusion-separator fusion-full-width-sep\" style=\"align-self: center;margin-left: auto;margin-right: auto;margin-bottom:3%;width:100%;\"><div class=\"fusion-separator-border sep-single sep-solid\" style=\"--awb-height:20px;--awb-amount:20px;border-color:#e0dede;border-top-width:0px;\"><\/div><\/div><ul style=\"--awb-iconcolor:#ea773d;--awb-line-height:23.8px;--awb-icon-width:23.8px;--awb-icon-height:23.8px;--awb-icon-margin:9.8px;--awb-content-margin:33.6px;\" class=\"fusion-checklist fusion-checklist-1 fusion-checklist-default type-icons\"><li class=\"fusion-li-item\" style=\"\"><span class=\"icon-wrapper circle-no\"><i class=\"fusion-li-icon fa-angle-right fas\" aria-hidden=\"true\"><\/i><\/span><div class=\"fusion-li-item-content\">\n<p>Sullivan, C., J. App, L. Rausch, S. Sotelo, D. Tarrier, M. Vianch\u00e1 Pinz\u00f3n y H.K. Gibbs (2025). <a href=\"https:\/\/www.sciencedirect.com\/science\/article\/abs\/pii\/S0959378025000925\" target=\"_blank\" rel=\"noopener\">Can zero deforestation agreements in the cattle sector protect Colombia\u2019s forests and p\u00e1ramos? <\/a><\/p>\n<\/div><\/li><li class=\"fusion-li-item\" style=\"\"><span class=\"icon-wrapper circle-no\"><i class=\"fusion-li-icon fa-angle-right fas\" aria-hidden=\"true\"><\/i><\/span><div class=\"fusion-li-item-content\">\n<p>D. Tarrier, C. Sullivan, L. Rausch, y J. App. (2024) <a href=\"https:\/\/envol-vert.org\/es\/informe\/informe-guias-de-movilizacion-cuentan\/\">Gu\u00edas de movilizaci\u00f3n cuentan<\/a><\/p>\n<\/div><\/li><\/ul><\/div><\/div><\/div><\/div>\n","protected":false},"excerpt":{"rendered":"","protected":false},"author":122,"featured_media":48391,"comment_status":"closed","ping_status":"closed","sticky":false,"template":"","format":"standard","meta":{"footnotes":""},"categories":[446,1671],"tags":[],"class_list":["post-66954","post","type-post","status-publish","format-standard","has-post-thumbnail","hentry","category-actualidades","category-huella"],"_links":{"self":[{"href":"https:\/\/envol-vert.org\/es\/wp-json\/wp\/v2\/posts\/66954","targetHints":{"allow":["GET"]}}],"collection":[{"href":"https:\/\/envol-vert.org\/es\/wp-json\/wp\/v2\/posts"}],"about":[{"href":"https:\/\/envol-vert.org\/es\/wp-json\/wp\/v2\/types\/post"}],"author":[{"embeddable":true,"href":"https:\/\/envol-vert.org\/es\/wp-json\/wp\/v2\/users\/122"}],"replies":[{"embeddable":true,"href":"https:\/\/envol-vert.org\/es\/wp-json\/wp\/v2\/comments?post=66954"}],"version-history":[{"count":4,"href":"https:\/\/envol-vert.org\/es\/wp-json\/wp\/v2\/posts\/66954\/revisions"}],"predecessor-version":[{"id":66997,"href":"https:\/\/envol-vert.org\/es\/wp-json\/wp\/v2\/posts\/66954\/revisions\/66997"}],"wp:featuredmedia":[{"embeddable":true,"href":"https:\/\/envol-vert.org\/es\/wp-json\/wp\/v2\/media\/48391"}],"wp:attachment":[{"href":"https:\/\/envol-vert.org\/es\/wp-json\/wp\/v2\/media?parent=66954"}],"wp:term":[{"taxonomy":"category","embeddable":true,"href":"https:\/\/envol-vert.org\/es\/wp-json\/wp\/v2\/categories?post=66954"},{"taxonomy":"post_tag","embeddable":true,"href":"https:\/\/envol-vert.org\/es\/wp-json\/wp\/v2\/tags?post=66954"}],"curies":[{"name":"wp","href":"https:\/\/api.w.org\/{rel}","templated":true}]}}