{"id":67522,"date":"2026-03-24T23:30:57","date_gmt":"2026-03-24T21:30:57","guid":{"rendered":"https:\/\/envol-vert.org\/no-clasificado\/2026\/04\/envol-vert-15-anos-de-impacto\/"},"modified":"2026-04-29T23:37:04","modified_gmt":"2026-04-29T21:37:04","slug":"envol-vert-15-anos-de-impacto","status":"publish","type":"post","link":"https:\/\/envol-vert.org\/es\/actualidades\/2026\/03\/envol-vert-15-anos-de-impacto\/","title":{"rendered":"Envol Vert, 15 a\u00f1os de impacto!"},"content":{"rendered":"<div class=\"fusion-fullwidth fullwidth-box fusion-builder-row-1 fusion-flex-container has-pattern-background has-mask-background nonhundred-percent-fullwidth non-hundred-percent-height-scrolling\" style=\"--awb-border-radius-top-left:0px;--awb-border-radius-top-right:0px;--awb-border-radius-bottom-right:0px;--awb-border-radius-bottom-left:0px;--awb-flex-wrap:wrap;\" ><div class=\"fusion-builder-row fusion-row fusion-flex-align-items-flex-start fusion-flex-content-wrap\" style=\"max-width:1040px;margin-left: calc(-4% \/ 2 );margin-right: calc(-4% \/ 2 );\"><div class=\"fusion-layout-column fusion_builder_column fusion-builder-column-0 fusion_builder_column_1_1 1_1 fusion-flex-column\" style=\"--awb-bg-size:cover;--awb-width-large:100%;--awb-margin-top-large:0px;--awb-spacing-right-large:1.92%;--awb-margin-bottom-large:20px;--awb-spacing-left-large:1.92%;--awb-width-medium:100%;--awb-order-medium:0;--awb-spacing-right-medium:1.92%;--awb-spacing-left-medium:1.92%;--awb-width-small:100%;--awb-order-small:0;--awb-spacing-right-small:1.92%;--awb-spacing-left-small:1.92%;\"><div class=\"fusion-column-wrapper fusion-column-has-shadow fusion-flex-justify-content-flex-start fusion-content-layout-column\"><div class=\"fusion-text fusion-text-1\"><p><span style=\"font-weight: 400;\">Desde hace 15 a\u00f1os, Envol Vert ha dedicado toda su energ\u00eda a la protecci\u00f3n del bosque y de su biodiversidad. <\/span><\/p>\n<p><span style=\"font-weight: 400;\">Juntos, hemos plantado cientos de miles de \u00e1rboles y hemos sido pioneros en el tema de la deforestaci\u00f3n importada al crear la \u00abHuella Forestal\u00bb en 2013. <\/span><span style=\"font-weight: 400;\">Nos atrevimos a llevar a los tribunales a un gran actor de la industria agroalimentaria cuando solo \u00e9ramos 10 empleados. <\/span><span style=\"font-weight: 400;\">Hemos dado vida a miles de hect\u00e1reas de parcelas agroforestales, sensibilizado a p\u00fablicos de todas las edades y procedencias para despertar en ellos la pasi\u00f3n por la biodiversidad, o incluso empoderado a las mujeres en las comunidades campesinas. <\/span><\/p>\n<\/div><div class=\"fusion-separator fusion-full-width-sep\" style=\"align-self: center;margin-left: auto;margin-right: auto;margin-top:1.5%;margin-bottom:1.5%;width:100%;\"><div class=\"fusion-separator-border sep-single sep-solid\" style=\"--awb-height:20px;--awb-amount:20px;--awb-sep-color:rgba(224,222,222,0);border-color:rgba(224,222,222,0);border-top-width:1px;\"><\/div><\/div><div class=\"fusion-text fusion-text-2\"><p><span style=\"font-weight: 400;\">Por eso, les proponemos repasar las fechas m\u00e1s importantes de nuestra historia: <\/span><\/p>\n<\/div><\/div><\/div><div class=\"fusion-layout-column fusion_builder_column fusion-builder-column-1 fusion_builder_column_5_6 5_6 fusion-flex-column\" style=\"--awb-bg-size:cover;--awb-width-large:83.333333333333%;--awb-margin-top-large:0px;--awb-spacing-right-large:2.304%;--awb-margin-bottom-large:20px;--awb-spacing-left-large:2.304%;--awb-width-medium:100%;--awb-order-medium:0;--awb-spacing-right-medium:1.92%;--awb-spacing-left-medium:1.92%;--awb-width-small:100%;--awb-order-small:0;--awb-spacing-right-small:1.92%;--awb-spacing-left-small:1.92%;\"><div class=\"fusion-column-wrapper fusion-column-has-shadow fusion-flex-justify-content-flex-start fusion-content-layout-column\"><div class=\"fusion-content-boxes content-boxes columns row fusion-columns-1 fusion-columns-total-15 fusion-content-boxes-1 content-boxes-timeline-vertical content-left content-boxes-timeline-layout content-boxes-icon-with-title fusion-delayed-animation\" style=\"--awb-backgroundcolor:#f6f6f6;--awb-title-color:#076633;--awb-hover-accent-color:#3aaa35;--awb-circle-hover-accent-color:#3aaa35;--awb-item-margin-bottom:40px;\" data-animation-delay=\"350\" data-animationOffset=\"top-into-view\"><div style=\"--awb-backgroundcolor:#f6f6f6;--awb-content-padding-left:64px;\" class=\"fusion-column content-box-column content-box-column content-box-column-1 col-lg-12 col-md-12 col-sm-12 fusion-content-box-hover content-box-column-last-in-row\"><div class=\"col content-box-wrapper content-wrapper-background link-area-link-icon icon-hover-animation-none fusion-animated\" data-animationType=\"fadeIn\" data-animationDuration=\"0.25\" data-animationOffset=\"top-into-view\"><div class=\"heading heading-with-icon icon-left\" style=\"margin-top:14px;\"><div class=\"icon\" style=\"margin-top:-14px;margin-bottom:-14px;-webkit-animation-duration: 350ms;animation-duration: 350ms;\"><i style=\"border-color:#076633;border-width:1px;background-color:#333333;box-sizing:content-box;height:42px;width:42px;line-height:42px;border-radius:50%;font-size:21px;\" aria-hidden=\"true\" class=\"fontawesome-icon fa-angle-down fas circle-yes\"><\/i><\/div><h2 class=\"content-box-heading fusion-responsive-typography-calculated\" style=\"--h2_typography-font-size:16px;--fontSize:16;line-height:1.3;\">24 de marzo 2011<\/h2><\/div><div class=\"fusion-clearfix\"><\/div><div class=\"content-container\">\n<div class=\"fusion-builder-row fusion-builder-row-inner fusion-row fusion-flex-align-items-flex-start fusion-flex-content-wrap\" style=\"--awb-flex-grow:0;--awb-flex-grow-medium:0;--awb-flex-grow-small:0;--awb-flex-shrink:0;--awb-flex-shrink-medium:0;--awb-flex-shrink-small:0;width:104% !important;max-width:104% !important;margin-left: calc(-4% \/ 2 );margin-right: calc(-4% \/ 2 );\"><div class=\"fusion-layout-column fusion_builder_column_inner fusion-builder-nested-column-0 fusion_builder_column_inner_1_2 1_2 fusion-flex-column\" style=\"--awb-bg-size:cover;--awb-width-large:50%;--awb-margin-top-large:0px;--awb-spacing-right-large:3.84%;--awb-margin-bottom-large:20px;--awb-spacing-left-large:3.84%;--awb-width-medium:100%;--awb-order-medium:0;--awb-spacing-right-medium:1.92%;--awb-spacing-left-medium:1.92%;--awb-width-small:100%;--awb-order-small:0;--awb-spacing-right-small:1.92%;--awb-spacing-left-small:1.92%;\"><div class=\"fusion-column-wrapper fusion-column-has-shadow fusion-flex-justify-content-flex-start fusion-content-layout-column\">\n<div class=\"fusion-text fusion-text-3\"><p><a href=\"https:\/\/envol-vert.org\/es\/asociacion\/\" target=\"_blank\" rel=\"noopener\"><img decoding=\"async\" class=\"aligncenter wp-image-51950\" src=\"https:\/\/envol-vert.org\/wp-content\/uploads\/2024\/12\/Logo-Envol-Vert-200x116.png\" alt=\"Logo-Envol-Vert\" width=\"300\" height=\"174\" srcset=\"https:\/\/envol-vert.org\/wp-content\/uploads\/2024\/12\/Logo-Envol-Vert-200x116.png 200w, https:\/\/envol-vert.org\/wp-content\/uploads\/2024\/12\/Logo-Envol-Vert.png 400w\" sizes=\"(max-width: 300px) 100vw, 300px\" \/><\/a><\/p>\n<\/div>\n<\/div><\/div><div class=\"fusion-layout-column fusion_builder_column_inner fusion-builder-nested-column-1 fusion_builder_column_inner_1_2 1_2 fusion-flex-column\" style=\"--awb-bg-size:cover;--awb-width-large:50%;--awb-margin-top-large:0px;--awb-spacing-right-large:3.84%;--awb-margin-bottom-large:20px;--awb-spacing-left-large:3.84%;--awb-width-medium:100%;--awb-order-medium:0;--awb-spacing-right-medium:1.92%;--awb-spacing-left-medium:1.92%;--awb-width-small:100%;--awb-order-small:0;--awb-spacing-right-small:1.92%;--awb-spacing-left-small:1.92%;\"><div class=\"fusion-column-wrapper fusion-column-has-shadow fusion-flex-justify-content-flex-start fusion-content-layout-column\">\n<div class=\"fusion-text fusion-text-4\"><p><span style=\"font-weight: 400;\">La asociaci\u00f3n <strong>Envol Vert nace<\/strong> con el objetivo de reconectar de forma sostenible a las personas con la naturaleza.<\/span><\/p>\n<p>Esta maravillosa aventura est\u00e1 impulsada por Daisy Tarrier y Boris Patentreger, sus dos cofundadores.<\/p>\n<\/div><div style=\"text-align:center;\"><a class=\"fusion-button button-flat fusion-button-default-size button-default fusion-button-default button-1 fusion-button-default-span fusion-button-default-type\" style=\"--button_margin-top:1%;--button_margin-bottom:2%;\" target=\"_blank\" rel=\"noopener noreferrer\" href=\"https:\/\/envol-vert.org\/es\/asociacion\/\"><i class=\"fa-search-plus fas awb-button__icon awb-button__icon--default button-icon-left\" aria-hidden=\"true\"><\/i><span class=\"fusion-button-text awb-button__text awb-button__text--default\">Saber m\u00e1s<\/span><\/a><\/div><\/div><\/div><\/div>\n<\/div><div class=\"content-box-shortcode-timeline-vertical\" style=\"border-color:#076633;left:71px;top:56px;-webkit-transition-duration: 350ms;animation-duration: 350ms;\"><\/div><\/div><\/div><div style=\"--awb-backgroundcolor:#f6f6f6;--awb-content-padding-left:64px;\" class=\"fusion-column content-box-column content-box-column content-box-column-2 col-lg-12 col-md-12 col-sm-12 fusion-content-box-hover content-box-column-last-in-row\"><div class=\"col content-box-wrapper content-wrapper-background link-area-link-icon icon-hover-animation-none fusion-animated\" data-animationType=\"fadeIn\" data-animationDuration=\"0.25\" data-animationOffset=\"top-into-view\"><div class=\"heading heading-with-icon icon-left\" style=\"margin-top:14px;\"><div class=\"icon\" style=\"margin-top:-14px;margin-bottom:-14px;-webkit-animation-duration: 350ms;animation-duration: 350ms;\"><i style=\"border-color:#076633;border-width:1px;background-color:#333333;box-sizing:content-box;height:42px;width:42px;line-height:42px;border-radius:50%;font-size:21px;\" aria-hidden=\"true\" class=\"fontawesome-icon fa-angle-down fas circle-yes\"><\/i><\/div><h2 class=\"content-box-heading fusion-responsive-typography-calculated\" style=\"--h2_typography-font-size:16px;--fontSize:16;line-height:1.3;\">2011<\/h2><\/div><div class=\"fusion-clearfix\"><\/div><div class=\"content-container\"><div class=\"fusion-builder-row fusion-builder-row-inner fusion-row fusion-flex-align-items-flex-start fusion-flex-content-wrap\" style=\"--awb-flex-grow:0;--awb-flex-grow-medium:0;--awb-flex-grow-small:0;--awb-flex-shrink:0;--awb-flex-shrink-medium:0;--awb-flex-shrink-small:0;width:104% !important;max-width:104% !important;margin-left: calc(-4% \/ 2 );margin-right: calc(-4% \/ 2 );\"><div class=\"fusion-layout-column fusion_builder_column_inner fusion-builder-nested-column-2 fusion_builder_column_inner_1_2 1_2 fusion-flex-column\" style=\"--awb-bg-size:cover;--awb-width-large:50%;--awb-margin-top-large:0px;--awb-spacing-right-large:3.84%;--awb-margin-bottom-large:20px;--awb-spacing-left-large:3.84%;--awb-width-medium:100%;--awb-order-medium:0;--awb-spacing-right-medium:1.92%;--awb-spacing-left-medium:1.92%;--awb-width-small:100%;--awb-order-small:0;--awb-spacing-right-small:1.92%;--awb-spacing-left-small:1.92%;\"><div class=\"fusion-column-wrapper fusion-column-has-shadow fusion-flex-justify-content-flex-start fusion-content-layout-column\">\n<div class=\"fusion-text fusion-text-5\"><p><a href=\"https:\/\/envol-vert.org\/pro\/ecoutourisme-en-amazonie\/\" target=\"_blank\" rel=\"noopener\"><img decoding=\"async\" class=\"aligncenter wp-image-19890 size-medium\" src=\"https:\/\/envol-vert.org\/wp-content\/uploads\/2019\/02\/FORET-TROPICALEECOTOURMirador-EV%C2%A9L.Durant-300x200.jpg\" alt=\"&#091;FORET TROPICALE&#093;&#091;ECOTOUR&#093;Mirador EV\u00a9L.Durant\" width=\"300\" height=\"200\" \/><\/a><\/p>\n<\/div><\/div><\/div><div class=\"fusion-layout-column fusion_builder_column_inner fusion-builder-nested-column-3 fusion_builder_column_inner_1_2 1_2 fusion-flex-column\" style=\"--awb-bg-size:cover;--awb-width-large:50%;--awb-margin-top-large:0px;--awb-spacing-right-large:3.84%;--awb-margin-bottom-large:20px;--awb-spacing-left-large:3.84%;--awb-width-medium:100%;--awb-order-medium:0;--awb-spacing-right-medium:1.92%;--awb-spacing-left-medium:1.92%;--awb-width-small:100%;--awb-order-small:0;--awb-spacing-right-small:1.92%;--awb-spacing-left-small:1.92%;\"><div class=\"fusion-column-wrapper fusion-column-has-shadow fusion-flex-justify-content-flex-start fusion-content-layout-column\">\n<div class=\"fusion-text fusion-text-6\"><h3>Nacimiento de los primeros proyectos de la asociaci\u00f3n<\/h3>\n<p><span style=\"font-weight: 400;\">El proyecto de ecoturismo en Per\u00fa y el proyecto de conservaci\u00f3n del tapir y el bosque primario en Colombia se ponen en marcha simult\u00e1neamente.<br \/>\n<\/span><\/p>\n<\/div><div style=\"text-align:center;\"><a class=\"fusion-button button-flat fusion-button-default-size button-default fusion-button-default button-2 fusion-button-default-span fusion-button-default-type\" style=\"--button_margin-top:1%;--button_margin-bottom:2%;\" target=\"_blank\" rel=\"noopener noreferrer\" href=\"https:\/\/envol-vert.org\/es\/pro\/ecoturismo-amazonia\/\"><i class=\"fa-search-plus fas awb-button__icon awb-button__icon--default button-icon-left\" aria-hidden=\"true\"><\/i><span class=\"fusion-button-text awb-button__text awb-button__text--default\">Proyecto Ecoturismo<\/span><\/a><\/div>\n<div style=\"text-align:center;\"><a class=\"fusion-button button-flat fusion-button-default-size button-default fusion-button-default button-3 fusion-button-default-span fusion-button-default-type\" style=\"--button_margin-top:1%;--button_margin-bottom:2%;\" target=\"_blank\" rel=\"noopener noreferrer\" href=\"https:\/\/envol-vert.org\/es\/?post_type=project&amp;p=36576\"><i class=\"fa-search-plus fas awb-button__icon awb-button__icon--default button-icon-left\" aria-hidden=\"true\"><\/i><span class=\"fusion-button-text awb-button__text awb-button__text--default\">Proyecto Conservaci\u00f3n del tapir<\/span><\/a><\/div><\/div><\/div><\/div><\/div><div class=\"content-box-shortcode-timeline-vertical\" style=\"border-color:#076633;left:71px;top:56px;-webkit-transition-duration: 350ms;animation-duration: 350ms;\"><\/div><\/div><\/div><div style=\"--awb-backgroundcolor:#f6f6f6;--awb-content-padding-left:64px;\" class=\"fusion-column content-box-column content-box-column content-box-column-3 col-lg-12 col-md-12 col-sm-12 fusion-content-box-hover content-box-column-last-in-row\"><div class=\"col content-box-wrapper content-wrapper-background link-area-link-icon icon-hover-animation-none fusion-animated\" data-animationType=\"fadeIn\" data-animationDuration=\"0.25\" data-animationOffset=\"top-into-view\"><div class=\"heading heading-with-icon icon-left\" style=\"margin-top:14px;\"><div class=\"icon\" style=\"margin-top:-14px;margin-bottom:-14px;-webkit-animation-duration: 350ms;animation-duration: 350ms;\"><i style=\"border-color:#076633;border-width:1px;background-color:#333333;box-sizing:content-box;height:42px;width:42px;line-height:42px;border-radius:50%;font-size:21px;\" aria-hidden=\"true\" class=\"fontawesome-icon fa-angle-down fas circle-yes\"><\/i><\/div><h2 class=\"content-box-heading fusion-responsive-typography-calculated\" style=\"--h2_typography-font-size:16px;--fontSize:16;line-height:1.3;\">7 de marzo 2013<\/h2><\/div><div class=\"fusion-clearfix\"><\/div><div class=\"content-container\">\n<div class=\"fusion-builder-row fusion-builder-row-inner fusion-row fusion-flex-align-items-flex-start fusion-flex-content-wrap\" style=\"--awb-flex-grow:0;--awb-flex-grow-medium:0;--awb-flex-grow-small:0;--awb-flex-shrink:0;--awb-flex-shrink-medium:0;--awb-flex-shrink-small:0;width:104% !important;max-width:104% !important;margin-left: calc(-4% \/ 2 );margin-right: calc(-4% \/ 2 );\"><div class=\"fusion-layout-column fusion_builder_column_inner fusion-builder-nested-column-4 fusion_builder_column_inner_1_2 1_2 fusion-flex-column\" style=\"--awb-bg-size:cover;--awb-width-large:50%;--awb-margin-top-large:0px;--awb-spacing-right-large:3.84%;--awb-margin-bottom-large:20px;--awb-spacing-left-large:3.84%;--awb-width-medium:100%;--awb-order-medium:0;--awb-spacing-right-medium:1.92%;--awb-spacing-left-medium:1.92%;--awb-width-small:100%;--awb-order-small:0;--awb-spacing-right-small:1.92%;--awb-spacing-left-small:1.92%;\"><div class=\"fusion-column-wrapper fusion-column-has-shadow fusion-flex-justify-content-flex-start fusion-content-layout-column\">\n<div class=\"fusion-text fusion-text-7\"><p><a href=\"https:\/\/envol-vert.org\/es\/camp\/cuero-curte-al-bosque\/\" target=\"_blank\" rel=\"noopener\"><img decoding=\"async\" class=\"aligncenter wp-image-4629 size-medium\" src=\"https:\/\/envol-vert.org\/wp-content\/uploads\/2013\/02\/rapport-cuir-2013-V5def-COUV-SEULE-300x212.jpg\" alt=\"Rapport Cuir\" width=\"300\" height=\"212\" srcset=\"https:\/\/envol-vert.org\/wp-content\/uploads\/2013\/02\/rapport-cuir-2013-V5def-COUV-SEULE-300x212.jpg 300w, https:\/\/envol-vert.org\/wp-content\/uploads\/2013\/02\/rapport-cuir-2013-V5def-COUV-SEULE-768x543.jpg 768w, https:\/\/envol-vert.org\/wp-content\/uploads\/2013\/02\/rapport-cuir-2013-V5def-COUV-SEULE-1024x724.jpg 1024w, https:\/\/envol-vert.org\/wp-content\/uploads\/2013\/02\/rapport-cuir-2013-V5def-COUV-SEULE.jpg 1754w\" sizes=\"(max-width: 300px) 100vw, 300px\" \/><\/a><\/p>\n<\/div><\/div><\/div><div class=\"fusion-layout-column fusion_builder_column_inner fusion-builder-nested-column-5 fusion_builder_column_inner_1_2 1_2 fusion-flex-column\" style=\"--awb-bg-size:cover;--awb-width-large:50%;--awb-margin-top-large:0px;--awb-spacing-right-large:3.84%;--awb-margin-bottom-large:20px;--awb-spacing-left-large:3.84%;--awb-width-medium:100%;--awb-order-medium:0;--awb-spacing-right-medium:1.92%;--awb-spacing-left-medium:1.92%;--awb-width-small:100%;--awb-order-small:0;--awb-spacing-right-small:1.92%;--awb-spacing-left-small:1.92%;\"><div class=\"fusion-column-wrapper fusion-column-has-shadow fusion-flex-justify-content-flex-start fusion-content-layout-column\">\n<div class=\"fusion-text fusion-text-8\"><p>Envol Vert publica un informe de investigaci\u00f3n e incita a Eram a utilizar cuero procedente de fuentes <strong>libres de deforestaci\u00f3n<\/strong>.<\/p>\n<\/div>\n<div style=\"text-align:center;\"><a class=\"fusion-button button-flat fusion-button-default-size button-default fusion-button-default button-4 fusion-button-default-span fusion-button-default-type\" style=\"--button_margin-top:1%;--button_margin-bottom:2%;\" target=\"_blank\" rel=\"noopener noreferrer\" href=\"https:\/\/envol-vert.org\/es\/camp\/cuero-curte-al-bosque\/\"><i class=\"fa-search-plus fas awb-button__icon awb-button__icon--default button-icon-left\" aria-hidden=\"true\"><\/i><span class=\"fusion-button-text awb-button__text awb-button__text--default\">Saber m\u00e1s<\/span><\/a><\/div><\/div><\/div><\/div>\n<\/div><div class=\"content-box-shortcode-timeline-vertical\" style=\"border-color:#076633;left:71px;top:56px;-webkit-transition-duration: 350ms;animation-duration: 350ms;\"><\/div><\/div><\/div><div style=\"--awb-backgroundcolor:#f6f6f6;--awb-content-padding-left:64px;\" class=\"fusion-column content-box-column content-box-column content-box-column-4 col-lg-12 col-md-12 col-sm-12 fusion-content-box-hover content-box-column-last-in-row\"><div class=\"col content-box-wrapper content-wrapper-background link-area-link-icon icon-hover-animation-none fusion-animated\" data-animationType=\"fadeIn\" data-animationDuration=\"0.25\" data-animationOffset=\"top-into-view\"><div class=\"heading heading-with-icon icon-left\" style=\"margin-top:14px;\"><div class=\"icon\" style=\"margin-top:-14px;margin-bottom:-14px;-webkit-animation-duration: 350ms;animation-duration: 350ms;\"><i style=\"border-color:#076633;border-width:1px;background-color:#333333;box-sizing:content-box;height:42px;width:42px;line-height:42px;border-radius:50%;font-size:21px;\" aria-hidden=\"true\" class=\"fontawesome-icon fa-angle-down fas circle-yes\"><\/i><\/div><h2 class=\"content-box-heading fusion-responsive-typography-calculated\" style=\"--h2_typography-font-size:16px;--fontSize:16;line-height:1.3;\">Diciembre 2013<\/h2><\/div><div class=\"fusion-clearfix\"><\/div><div class=\"content-container\">\n<div class=\"fusion-builder-row fusion-builder-row-inner fusion-row fusion-flex-align-items-flex-start fusion-flex-content-wrap\" style=\"--awb-flex-grow:0;--awb-flex-grow-medium:0;--awb-flex-grow-small:0;--awb-flex-shrink:0;--awb-flex-shrink-medium:0;--awb-flex-shrink-small:0;width:104% !important;max-width:104% !important;margin-left: calc(-4% \/ 2 );margin-right: calc(-4% \/ 2 );\"><div class=\"fusion-layout-column fusion_builder_column_inner fusion-builder-nested-column-6 fusion_builder_column_inner_1_2 1_2 fusion-flex-column\" style=\"--awb-bg-size:cover;--awb-width-large:50%;--awb-margin-top-large:0px;--awb-spacing-right-large:3.84%;--awb-margin-bottom-large:20px;--awb-spacing-left-large:3.84%;--awb-width-medium:100%;--awb-order-medium:0;--awb-spacing-right-medium:1.92%;--awb-spacing-left-medium:1.92%;--awb-width-small:100%;--awb-order-small:0;--awb-spacing-right-small:1.92%;--awb-spacing-left-small:1.92%;\"><div class=\"fusion-column-wrapper fusion-column-has-shadow fusion-flex-justify-content-flex-start fusion-content-layout-column\">\n<div class=\"fusion-text fusion-text-9\"><p><a href=\"https:\/\/envol-vert.org\/es\/pro\/silvopastoralismo-nicaragua\/\" target=\"_blank\" rel=\"noopener\"><img decoding=\"async\" class=\"aligncenter wp-image-29515\" src=\"https:\/\/envol-vert.org\/wp-content\/uploads\/2020\/05\/PROJET-SYLVOVaches-dans-banque-fouragere_juillet20152%C2%A9D.Tarrier-250x167.jpg\" alt=\"&#091;PROJET SYLVO&#093;Vaches dans banque fourag\u00e8re juillet\u00a9D.Tarrier\" width=\"300\" height=\"200\" \/><\/a><\/p>\n<\/div><\/div><\/div><div class=\"fusion-layout-column fusion_builder_column_inner fusion-builder-nested-column-7 fusion_builder_column_inner_1_2 1_2 fusion-flex-column\" style=\"--awb-bg-size:cover;--awb-width-large:50%;--awb-margin-top-large:0px;--awb-spacing-right-large:3.84%;--awb-margin-bottom-large:20px;--awb-spacing-left-large:3.84%;--awb-width-medium:100%;--awb-order-medium:0;--awb-spacing-right-medium:1.92%;--awb-spacing-left-medium:1.92%;--awb-width-small:100%;--awb-order-small:0;--awb-spacing-right-small:1.92%;--awb-spacing-left-small:1.92%;\"><div class=\"fusion-column-wrapper fusion-column-has-shadow fusion-flex-justify-content-flex-start fusion-content-layout-column\">\n<div class=\"fusion-text fusion-text-10\"><p>Poca gente lo sabe, pero Envol Vert tiene parte de su historia en <strong>Nicaragua<\/strong>.<\/p>\n<p>All\u00ed se llev\u00f3 a cabo un proyecto de silvopastoreo hasta 2017.<\/p>\n<\/div>\n<div style=\"text-align:center;\"><a class=\"fusion-button button-flat fusion-button-default-size button-default fusion-button-default button-5 fusion-button-default-span fusion-button-default-type\" style=\"--button_margin-top:1%;--button_margin-bottom:2%;\" target=\"_blank\" rel=\"noopener noreferrer\" href=\"https:\/\/envol-vert.org\/es\/camp\/cuero-curte-al-bosque\/\"><i class=\"fa-search-plus fas awb-button__icon awb-button__icon--default button-icon-left\" aria-hidden=\"true\"><\/i><span class=\"fusion-button-text awb-button__text awb-button__text--default\">Saber m\u00e1s<\/span><\/a><\/div><\/div><\/div><\/div>\n<\/div><div class=\"content-box-shortcode-timeline-vertical\" style=\"border-color:#076633;left:71px;top:56px;-webkit-transition-duration: 350ms;animation-duration: 350ms;\"><\/div><\/div><\/div><div style=\"--awb-backgroundcolor:#f6f6f6;--awb-content-padding-left:64px;\" class=\"fusion-column content-box-column content-box-column content-box-column-5 col-lg-12 col-md-12 col-sm-12 fusion-content-box-hover content-box-column-last-in-row\"><div class=\"col content-box-wrapper content-wrapper-background link-area-link-icon icon-hover-animation-none fusion-animated\" data-animationType=\"fadeIn\" data-animationDuration=\"0.25\" data-animationOffset=\"top-into-view\"><div class=\"heading heading-with-icon icon-left\" style=\"margin-top:14px;\"><div class=\"icon\" style=\"margin-top:-14px;margin-bottom:-14px;-webkit-animation-duration: 350ms;animation-duration: 350ms;\"><i style=\"border-color:#076633;border-width:1px;background-color:#333333;box-sizing:content-box;height:42px;width:42px;line-height:42px;border-radius:50%;font-size:21px;\" aria-hidden=\"true\" class=\"fontawesome-icon fa-angle-down fas circle-yes\"><\/i><\/div><h2 class=\"content-box-heading fusion-responsive-typography-calculated\" style=\"--h2_typography-font-size:16px;--fontSize:16;line-height:1.3;\">6 de mayo 2014<\/h2><\/div><div class=\"fusion-clearfix\"><\/div><div class=\"content-container\">\n<div class=\"fusion-builder-row fusion-builder-row-inner fusion-row fusion-flex-align-items-flex-start fusion-flex-content-wrap\" style=\"--awb-flex-grow:0;--awb-flex-grow-medium:0;--awb-flex-grow-small:0;--awb-flex-shrink:0;--awb-flex-shrink-medium:0;--awb-flex-shrink-small:0;width:104% !important;max-width:104% !important;margin-left: calc(-4% \/ 2 );margin-right: calc(-4% \/ 2 );\"><div class=\"fusion-layout-column fusion_builder_column_inner fusion-builder-nested-column-8 fusion_builder_column_inner_1_2 1_2 fusion-flex-column\" style=\"--awb-bg-size:cover;--awb-width-large:50%;--awb-margin-top-large:0px;--awb-spacing-right-large:3.84%;--awb-margin-bottom-large:20px;--awb-spacing-left-large:3.84%;--awb-width-medium:100%;--awb-order-medium:0;--awb-spacing-right-medium:1.92%;--awb-spacing-left-medium:1.92%;--awb-width-small:100%;--awb-order-small:0;--awb-spacing-right-small:1.92%;--awb-spacing-left-small:1.92%;\"><div class=\"fusion-column-wrapper fusion-column-has-shadow fusion-flex-justify-content-flex-start fusion-content-layout-column\">\n<div class=\"fusion-text fusion-text-11\"><p><a href=\"https:\/\/envol-vert.org\/es\/camp\/sumate-al-bosque\/\" target=\"_blank\" rel=\"noopener\"><img decoding=\"async\" class=\"aligncenter wp-image-43060\" src=\"https:\/\/envol-vert.org\/wp-content\/uploads\/2021\/12\/Feature-Article_Sumate--450x300.png\" alt=\"Feature Article Sumate\" width=\"450\" height=\"300\" \/><\/a><\/p>\n<\/div><\/div><\/div><div class=\"fusion-layout-column fusion_builder_column_inner fusion-builder-nested-column-9 fusion_builder_column_inner_1_2 1_2 fusion-flex-column\" style=\"--awb-bg-size:cover;--awb-width-large:50%;--awb-margin-top-large:0px;--awb-spacing-right-large:3.84%;--awb-margin-bottom-large:20px;--awb-spacing-left-large:3.84%;--awb-width-medium:100%;--awb-order-medium:0;--awb-spacing-right-medium:1.92%;--awb-spacing-left-medium:1.92%;--awb-width-small:100%;--awb-order-small:0;--awb-spacing-right-small:1.92%;--awb-spacing-left-small:1.92%;\"><div class=\"fusion-column-wrapper fusion-column-has-shadow fusion-flex-justify-content-flex-start fusion-content-layout-column\">\n<div class=\"fusion-text fusion-text-12\"><p><span style=\"font-weight: 400;\">Se crea en Colombia el primer festival de sensibilizaci\u00f3n sobre la conservaci\u00f3n de la vida: <strong>Colombiodiversidad<\/strong>.<\/span><\/p>\n<p>En 2021, se extender\u00e1 a Per\u00fa y adoptar\u00e1 el nuevo nombre de<strong> S\u00famate al Bosque<\/strong>.<\/p>\n<\/div>\n<div style=\"text-align:center;\"><a class=\"fusion-button button-flat fusion-button-default-size button-default fusion-button-default button-6 fusion-button-default-span fusion-button-default-type\" style=\"--button_margin-top:1%;--button_margin-bottom:2%;\" target=\"_blank\" rel=\"noopener noreferrer\" href=\"https:\/\/envol-vert.org\/es\/camp\/sumate-al-bosque\/\"><i class=\"fa-search-plus fas awb-button__icon awb-button__icon--default button-icon-left\" aria-hidden=\"true\"><\/i><span class=\"fusion-button-text awb-button__text awb-button__text--default\">Saber m\u00e1s<\/span><\/a><\/div><\/div><\/div><\/div>\n<\/div><div class=\"content-box-shortcode-timeline-vertical\" style=\"border-color:#076633;left:71px;top:56px;-webkit-transition-duration: 350ms;animation-duration: 350ms;\"><\/div><\/div><\/div><div style=\"--awb-backgroundcolor:#f6f6f6;--awb-content-padding-left:64px;\" class=\"fusion-column content-box-column content-box-column content-box-column-6 col-lg-12 col-md-12 col-sm-12 fusion-content-box-hover content-box-column-last-in-row\"><div class=\"col content-box-wrapper content-wrapper-background link-area-link-icon icon-hover-animation-none fusion-animated\" data-animationType=\"fadeIn\" data-animationDuration=\"0.25\" data-animationOffset=\"top-into-view\"><div class=\"heading heading-with-icon icon-left\" style=\"margin-top:14px;\"><div class=\"icon\" style=\"margin-top:-14px;margin-bottom:-14px;-webkit-animation-duration: 350ms;animation-duration: 350ms;\"><i style=\"border-color:#076633;border-width:1px;background-color:#333333;box-sizing:content-box;height:42px;width:42px;line-height:42px;border-radius:50%;font-size:21px;\" aria-hidden=\"true\" class=\"fontawesome-icon fa-angle-down fas circle-yes\"><\/i><\/div><h2 class=\"content-box-heading fusion-responsive-typography-calculated\" style=\"--h2_typography-font-size:16px;--fontSize:16;line-height:1.3;\">Noviembre 2014<\/h2><\/div><div class=\"fusion-clearfix\"><\/div><div class=\"content-container\">\n<div class=\"fusion-builder-row fusion-builder-row-inner fusion-row fusion-flex-align-items-flex-start fusion-flex-content-wrap\" style=\"--awb-flex-grow:0;--awb-flex-grow-medium:0;--awb-flex-grow-small:0;--awb-flex-shrink:0;--awb-flex-shrink-medium:0;--awb-flex-shrink-small:0;width:104% !important;max-width:104% !important;margin-left: calc(-4% \/ 2 );margin-right: calc(-4% \/ 2 );\"><div class=\"fusion-layout-column fusion_builder_column_inner fusion-builder-nested-column-10 fusion_builder_column_inner_1_2 1_2 fusion-flex-column\" style=\"--awb-bg-size:cover;--awb-width-large:50%;--awb-margin-top-large:0px;--awb-spacing-right-large:3.84%;--awb-margin-bottom-large:20px;--awb-spacing-left-large:3.84%;--awb-width-medium:100%;--awb-order-medium:0;--awb-spacing-right-medium:1.92%;--awb-spacing-left-medium:1.92%;--awb-width-small:100%;--awb-order-small:0;--awb-spacing-right-small:1.92%;--awb-spacing-left-small:1.92%;\"><div class=\"fusion-column-wrapper fusion-column-has-shadow fusion-flex-justify-content-flex-start fusion-content-layout-column\">\n<div class=\"fusion-text fusion-text-13\"><p><a href=\"https:\/\/envol-vert.org\/camp\/l-empreinte-foret\/\" target=\"_blank\" rel=\"noopener\"><img decoding=\"async\" class=\"aligncenter wp-image-33549 size-full\" src=\"https:\/\/envol-vert.org\/wp-content\/uploads\/2021\/01\/empreinte-foret.jpg\" alt=\"Empreinte-foret\" width=\"300\" height=\"250\" srcset=\"https:\/\/envol-vert.org\/wp-content\/uploads\/2021\/01\/empreinte-foret-200x167.jpg 200w, https:\/\/envol-vert.org\/wp-content\/uploads\/2021\/01\/empreinte-foret-250x208.jpg 250w, https:\/\/envol-vert.org\/wp-content\/uploads\/2021\/01\/empreinte-foret.jpg 300w\" sizes=\"(max-width: 300px) 100vw, 300px\" \/><\/a><\/p>\n<\/div><\/div><\/div><div class=\"fusion-layout-column fusion_builder_column_inner fusion-builder-nested-column-11 fusion_builder_column_inner_1_2 1_2 fusion-flex-column\" style=\"--awb-bg-size:cover;--awb-width-large:50%;--awb-margin-top-large:0px;--awb-spacing-right-large:3.84%;--awb-margin-bottom-large:20px;--awb-spacing-left-large:3.84%;--awb-width-medium:100%;--awb-order-medium:0;--awb-spacing-right-medium:1.92%;--awb-spacing-left-medium:1.92%;--awb-width-small:100%;--awb-order-small:0;--awb-spacing-right-small:1.92%;--awb-spacing-left-small:1.92%;\"><div class=\"fusion-column-wrapper fusion-column-has-shadow fusion-flex-justify-content-flex-start fusion-content-layout-column\">\n<div class=\"fusion-text fusion-text-14\"><p>Envol Vert, pionera en el \u00e1mbito de la deforestaci\u00f3n importada, cre\u00f3 la \u00ab<strong>Huella Forestal<\/strong>\u00bb en 2013.<\/p>\n<p>Las herramientas de sensibilizaci\u00f3n relacionadas con esta iniciativa han llegado a m\u00e1s de<strong> 170 000 personas<\/strong>.<\/p>\n<\/div>\n<div style=\"text-align:center;\"><a class=\"fusion-button button-flat fusion-button-default-size button-default fusion-button-default button-7 fusion-button-default-span fusion-button-default-type\" style=\"--button_margin-top:1%;--button_margin-bottom:2%;\" target=\"_blank\" rel=\"noopener noreferrer\" href=\"https:\/\/envol-vert.org\/es\/camp\/huella-forestal\/\"><i class=\"fa-search-plus fas awb-button__icon awb-button__icon--default button-icon-left\" aria-hidden=\"true\"><\/i><span class=\"fusion-button-text awb-button__text awb-button__text--default\">Saber m\u00e1s<\/span><\/a><\/div><\/div><\/div><\/div>\n<\/div><div class=\"content-box-shortcode-timeline-vertical\" style=\"border-color:#076633;left:71px;top:56px;-webkit-transition-duration: 350ms;animation-duration: 350ms;\"><\/div><\/div><\/div><div style=\"--awb-backgroundcolor:#f6f6f6;--awb-content-padding-left:64px;\" class=\"fusion-column content-box-column content-box-column content-box-column-7 col-lg-12 col-md-12 col-sm-12 fusion-content-box-hover content-box-column-last-in-row\"><div class=\"col content-box-wrapper content-wrapper-background link-area-link-icon icon-hover-animation-none fusion-animated\" data-animationType=\"fadeIn\" data-animationDuration=\"0.25\" data-animationOffset=\"top-into-view\"><div class=\"heading heading-with-icon icon-left\" style=\"margin-top:14px;\"><div class=\"icon\" style=\"margin-top:-14px;margin-bottom:-14px;-webkit-animation-duration: 350ms;animation-duration: 350ms;\"><i style=\"border-color:#076633;border-width:1px;background-color:#333333;box-sizing:content-box;height:42px;width:42px;line-height:42px;border-radius:50%;font-size:21px;\" aria-hidden=\"true\" class=\"fontawesome-icon fa-angle-down fas circle-yes\"><\/i><\/div><h2 class=\"content-box-heading fusion-responsive-typography-calculated\" style=\"--h2_typography-font-size:16px;--fontSize:16;line-height:1.3;\">2016<\/h2><\/div><div class=\"fusion-clearfix\"><\/div><div class=\"content-container\">\n<div class=\"fusion-builder-row fusion-builder-row-inner fusion-row fusion-flex-align-items-flex-start fusion-flex-content-wrap\" style=\"--awb-flex-grow:0;--awb-flex-grow-medium:0;--awb-flex-grow-small:0;--awb-flex-shrink:0;--awb-flex-shrink-medium:0;--awb-flex-shrink-small:0;width:104% !important;max-width:104% !important;margin-left: calc(-4% \/ 2 );margin-right: calc(-4% \/ 2 );\"><div class=\"fusion-layout-column fusion_builder_column_inner fusion-builder-nested-column-12 fusion_builder_column_inner_1_2 1_2 fusion-flex-column\" style=\"--awb-bg-size:cover;--awb-width-large:50%;--awb-margin-top-large:0px;--awb-spacing-right-large:3.84%;--awb-margin-bottom-large:20px;--awb-spacing-left-large:3.84%;--awb-width-medium:100%;--awb-order-medium:0;--awb-spacing-right-medium:1.92%;--awb-spacing-left-medium:1.92%;--awb-width-small:100%;--awb-order-small:0;--awb-spacing-right-small:1.92%;--awb-spacing-left-small:1.92%;\"><div class=\"fusion-column-wrapper fusion-column-has-shadow fusion-flex-justify-content-flex-start fusion-content-layout-column\">\n<div class=\"fusion-text fusion-text-15\"><p><a href=\"https:\/\/envol-vert.org\/es\/pro\/programa-cafe-cacao-agroforesteria-peru\/\" target=\"_blank\" rel=\"noopener\"><img decoding=\"async\" class=\"aligncenter wp-image-19231 size-medium\" src=\"https:\/\/envol-vert.org\/wp-content\/uploads\/2019\/02\/AGROFO_Caf%C3%A9coop_cafe4%C2%A9L.Durant-300x196.jpg\" alt=\"&#091;AGROFO Caf\u00e9&#093;coop cafe4\u00a9L.Durant\" width=\"300\" height=\"196\" \/><\/a><\/p>\n<\/div><\/div><\/div><div class=\"fusion-layout-column fusion_builder_column_inner fusion-builder-nested-column-13 fusion_builder_column_inner_1_2 1_2 fusion-flex-column\" style=\"--awb-bg-size:cover;--awb-width-large:50%;--awb-margin-top-large:0px;--awb-spacing-right-large:3.84%;--awb-margin-bottom-large:20px;--awb-spacing-left-large:3.84%;--awb-width-medium:100%;--awb-order-medium:0;--awb-spacing-right-medium:1.92%;--awb-spacing-left-medium:1.92%;--awb-width-small:100%;--awb-order-small:0;--awb-spacing-right-small:1.92%;--awb-spacing-left-small:1.92%;\"><div class=\"fusion-column-wrapper fusion-column-has-shadow fusion-flex-justify-content-flex-start fusion-content-layout-column\">\n<div class=\"fusion-text fusion-text-16\"><p>Nacimiento de un proyecto emblem\u00e1tico en Per\u00fa: <strong>Caf\u00e9 y Cacao Agroforestales<\/strong>.<\/p>\n<p>Finalizar\u00e1 en 2024.<\/p>\n<\/div>\n<div style=\"text-align:center;\"><a class=\"fusion-button button-flat fusion-button-default-size button-default fusion-button-default button-8 fusion-button-default-span fusion-button-default-type\" style=\"--button_margin-top:1%;--button_margin-bottom:2%;\" target=\"_blank\" rel=\"noopener noreferrer\" href=\"https:\/\/envol-vert.org\/es\/pro\/programa-cafe-cacao-agroforesteria-peru\/\"><i class=\"fa-search-plus fas awb-button__icon awb-button__icon--default button-icon-left\" aria-hidden=\"true\"><\/i><span class=\"fusion-button-text awb-button__text awb-button__text--default\">Saber m\u00e1s<\/span><\/a><\/div><\/div><\/div><\/div>\n<\/div><div class=\"content-box-shortcode-timeline-vertical\" style=\"border-color:#076633;left:71px;top:56px;-webkit-transition-duration: 350ms;animation-duration: 350ms;\"><\/div><\/div><\/div><div style=\"--awb-backgroundcolor:#f6f6f6;--awb-content-padding-left:64px;\" class=\"fusion-column content-box-column content-box-column content-box-column-8 col-lg-12 col-md-12 col-sm-12 fusion-content-box-hover content-box-column-last-in-row\"><div class=\"col content-box-wrapper content-wrapper-background link-area-link-icon icon-hover-animation-none fusion-animated\" data-animationType=\"fadeIn\" data-animationDuration=\"0.25\" data-animationOffset=\"top-into-view\"><div class=\"heading heading-with-icon icon-left\" style=\"margin-top:14px;\"><div class=\"icon\" style=\"margin-top:-14px;margin-bottom:-14px;-webkit-animation-duration: 350ms;animation-duration: 350ms;\"><i style=\"border-color:#076633;border-width:1px;background-color:#333333;box-sizing:content-box;height:42px;width:42px;line-height:42px;border-radius:50%;font-size:21px;\" aria-hidden=\"true\" class=\"fontawesome-icon fa-angle-down fas circle-yes\"><\/i><\/div><h2 class=\"content-box-heading fusion-responsive-typography-calculated\" style=\"--h2_typography-font-size:16px;--fontSize:16;line-height:1.3;\">11 de enero 2019<\/h2><\/div><div class=\"fusion-clearfix\"><\/div><div class=\"content-container\">\n<div class=\"fusion-builder-row fusion-builder-row-inner fusion-row fusion-flex-align-items-flex-start fusion-flex-content-wrap\" style=\"--awb-flex-grow:0;--awb-flex-grow-medium:0;--awb-flex-grow-small:0;--awb-flex-shrink:0;--awb-flex-shrink-medium:0;--awb-flex-shrink-small:0;width:104% !important;max-width:104% !important;margin-left: calc(-4% \/ 2 );margin-right: calc(-4% \/ 2 );\"><div class=\"fusion-layout-column fusion_builder_column_inner fusion-builder-nested-column-14 fusion_builder_column_inner_1_2 1_2 fusion-flex-column\" style=\"--awb-bg-size:cover;--awb-width-large:50%;--awb-margin-top-large:0px;--awb-spacing-right-large:3.84%;--awb-margin-bottom-large:20px;--awb-spacing-left-large:3.84%;--awb-width-medium:100%;--awb-order-medium:0;--awb-spacing-right-medium:1.92%;--awb-spacing-left-medium:1.92%;--awb-width-small:100%;--awb-order-small:0;--awb-spacing-right-small:1.92%;--awb-spacing-left-small:1.92%;\"><div class=\"fusion-column-wrapper fusion-column-has-shadow fusion-flex-justify-content-flex-start fusion-content-layout-column\">\n<div class=\"fusion-text fusion-text-17\"><p><a href=\"https:\/\/envol-vert.org\/es\/pro\/au-pre-de-mes-arbres\/\" target=\"_blank\" rel=\"noopener\"><img decoding=\"async\" class=\"aligncenter wp-image-42666 size-thumbnail\" src=\"https:\/\/envol-vert.org\/wp-content\/uploads\/2021\/11\/APMA_FiguierTatiana_Novembre2021@LucilleDuprey-450x300.jpg\" alt=\"APMA FiguierTatiana Novembre\" width=\"450\" height=\"300\" srcset=\"https:\/\/envol-vert.org\/wp-content\/uploads\/2021\/11\/APMA_FiguierTatiana_Novembre2021@LucilleDuprey-200x133.jpg 200w, https:\/\/envol-vert.org\/wp-content\/uploads\/2021\/11\/APMA_FiguierTatiana_Novembre2021@LucilleDuprey-400x267.jpg 400w, https:\/\/envol-vert.org\/wp-content\/uploads\/2021\/11\/APMA_FiguierTatiana_Novembre2021@LucilleDuprey-450x300.jpg 450w, https:\/\/envol-vert.org\/wp-content\/uploads\/2021\/11\/APMA_FiguierTatiana_Novembre2021@LucilleDuprey-600x400.jpg 600w, https:\/\/envol-vert.org\/wp-content\/uploads\/2021\/11\/APMA_FiguierTatiana_Novembre2021@LucilleDuprey-768x512.jpg 768w, https:\/\/envol-vert.org\/wp-content\/uploads\/2021\/11\/APMA_FiguierTatiana_Novembre2021@LucilleDuprey-800x534.jpg 800w, https:\/\/envol-vert.org\/wp-content\/uploads\/2021\/11\/APMA_FiguierTatiana_Novembre2021@LucilleDuprey-1024x683.jpg 1024w, https:\/\/envol-vert.org\/wp-content\/uploads\/2021\/11\/APMA_FiguierTatiana_Novembre2021@LucilleDuprey-1200x800.jpg 1200w, https:\/\/envol-vert.org\/wp-content\/uploads\/2021\/11\/APMA_FiguierTatiana_Novembre2021@LucilleDuprey.jpg 1300w\" sizes=\"(max-width: 450px) 100vw, 450px\" \/><\/a><\/p>\n<\/div><\/div><\/div><div class=\"fusion-layout-column fusion_builder_column_inner fusion-builder-nested-column-15 fusion_builder_column_inner_1_2 1_2 fusion-flex-column\" style=\"--awb-bg-size:cover;--awb-width-large:50%;--awb-margin-top-large:0px;--awb-spacing-right-large:3.84%;--awb-margin-bottom-large:20px;--awb-spacing-left-large:3.84%;--awb-width-medium:100%;--awb-order-medium:0;--awb-spacing-right-medium:1.92%;--awb-spacing-left-medium:1.92%;--awb-width-small:100%;--awb-order-small:0;--awb-spacing-right-small:1.92%;--awb-spacing-left-small:1.92%;\"><div class=\"fusion-column-wrapper fusion-column-has-shadow fusion-flex-justify-content-flex-start fusion-content-layout-column\">\n<div class=\"fusion-text fusion-text-18\"><p><span style=\"font-weight: 400;\">Envol Vert pone en marcha un nuevo proyecto en Francia: <strong>Au Pr\u00e9 de Mes Arbres<\/strong>.<\/span><\/p>\n<p>En 2026, la asociaci\u00f3n elaborar\u00e1 y pondr\u00e1 a disposici\u00f3n de forma gratuita un folleto en el que se recopilan las conclusiones extra\u00eddas de este proyecto.<\/p>\n<\/div>\n<div style=\"text-align:center;\"><a class=\"fusion-button button-flat fusion-button-default-size button-default fusion-button-default button-9 fusion-button-default-span fusion-button-default-type\" style=\"--button_margin-top:1%;--button_margin-bottom:2%;\" target=\"_blank\" rel=\"noopener noreferrer\" href=\"https:\/\/envol-vert.org\/es\/pro\/au-pre-de-mes-arbres\/\"><i class=\"fa-search-plus fas awb-button__icon awb-button__icon--default button-icon-left\" aria-hidden=\"true\"><\/i><span class=\"fusion-button-text awb-button__text awb-button__text--default\">Saber m\u00e1s<\/span><\/a><\/div><\/div><\/div><\/div>\n<\/div><div class=\"content-box-shortcode-timeline-vertical\" style=\"border-color:#076633;left:71px;top:56px;-webkit-transition-duration: 350ms;animation-duration: 350ms;\"><\/div><\/div><\/div><div style=\"--awb-backgroundcolor:#f6f6f6;--awb-content-padding-left:64px;\" class=\"fusion-column content-box-column content-box-column content-box-column-9 col-lg-12 col-md-12 col-sm-12 fusion-content-box-hover content-box-column-last-in-row\"><div class=\"col content-box-wrapper content-wrapper-background link-area-link-icon icon-hover-animation-none fusion-animated\" data-animationType=\"fadeIn\" data-animationDuration=\"0.25\" data-animationOffset=\"top-into-view\"><div class=\"heading heading-with-icon icon-left\" style=\"margin-top:14px;\"><div class=\"icon\" style=\"margin-top:-14px;margin-bottom:-14px;-webkit-animation-duration: 350ms;animation-duration: 350ms;\"><i style=\"border-color:#076633;border-width:1px;background-color:#333333;box-sizing:content-box;height:42px;width:42px;line-height:42px;border-radius:50%;font-size:21px;\" aria-hidden=\"true\" class=\"fontawesome-icon fa-angle-down fas circle-yes\"><\/i><\/div><h2 class=\"content-box-heading fusion-responsive-typography-calculated\" style=\"--h2_typography-font-size:16px;--fontSize:16;line-height:1.3;\">30 de junio 2020<\/h2><\/div><div class=\"fusion-clearfix\"><\/div><div class=\"content-container\">\n<div class=\"fusion-builder-row fusion-builder-row-inner fusion-row fusion-flex-align-items-flex-start fusion-flex-content-wrap\" style=\"--awb-flex-grow:0;--awb-flex-grow-medium:0;--awb-flex-grow-small:0;--awb-flex-shrink:0;--awb-flex-shrink-medium:0;--awb-flex-shrink-small:0;width:104% !important;max-width:104% !important;margin-left: calc(-4% \/ 2 );margin-right: calc(-4% \/ 2 );\"><div class=\"fusion-layout-column fusion_builder_column_inner fusion-builder-nested-column-16 fusion_builder_column_inner_1_2 1_2 fusion-flex-column\" style=\"--awb-bg-size:cover;--awb-width-large:50%;--awb-margin-top-large:0px;--awb-spacing-right-large:3.84%;--awb-margin-bottom-large:20px;--awb-spacing-left-large:3.84%;--awb-width-medium:100%;--awb-order-medium:0;--awb-spacing-right-medium:1.92%;--awb-spacing-left-medium:1.92%;--awb-width-small:100%;--awb-order-small:0;--awb-spacing-right-small:1.92%;--awb-spacing-left-small:1.92%;\"><div class=\"fusion-column-wrapper fusion-column-has-shadow fusion-flex-justify-content-flex-start fusion-content-layout-column\">\n<div class=\"fusion-text fusion-text-19\"><p><a href=\"https:\/\/envol-vert.org\/es\/camp\/doblecara-casino\/\" target=\"_blank\" rel=\"noopener\"><img decoding=\"async\" class=\"aligncenter wp-image-39888 size-thumbnail\" src=\"https:\/\/envol-vert.org\/wp-content\/uploads\/2021\/05\/Communique_Responsabilite-Casino-450x300.png\" alt=\"Communiqu\u00e9 Responsabilit\u00e9 Casino\" width=\"450\" height=\"300\" \/><\/a><\/p>\n<\/div><\/div><\/div><div class=\"fusion-layout-column fusion_builder_column_inner fusion-builder-nested-column-17 fusion_builder_column_inner_1_2 1_2 fusion-flex-column\" style=\"--awb-bg-size:cover;--awb-width-large:50%;--awb-margin-top-large:0px;--awb-spacing-right-large:3.84%;--awb-margin-bottom-large:20px;--awb-spacing-left-large:3.84%;--awb-width-medium:100%;--awb-order-medium:0;--awb-spacing-right-medium:1.92%;--awb-spacing-left-medium:1.92%;--awb-width-small:100%;--awb-order-small:0;--awb-spacing-right-small:1.92%;--awb-spacing-left-small:1.92%;\"><div class=\"fusion-column-wrapper fusion-column-has-shadow fusion-flex-justify-content-flex-start fusion-content-layout-column\">\n<div class=\"fusion-text fusion-text-20\"><p><span style=\"font-weight: 400;\"><strong>Envol Vert publica un informe en el que denuncia las pr\u00e1cticas del grupo Casino. <\/strong><\/span><\/p>\n<p><span style=\"font-weight: 400;\">Junto con otras diez organizaciones, Envol Vert ha demandado al grupo de gran distribuci\u00f3n y el juicio tendr\u00e1 lugar en 2026.<\/span><\/p>\n<\/div>\n<div style=\"text-align:center;\"><a class=\"fusion-button button-flat fusion-button-default-size button-default fusion-button-default button-10 fusion-button-default-span fusion-button-default-type\" style=\"--button_margin-top:1%;--button_margin-bottom:2%;\" target=\"_blank\" rel=\"noopener noreferrer\" href=\"https:\/\/envol-vert.org\/es\/camp\/doblecara-casino\/\"><i class=\"fa-search-plus fas awb-button__icon awb-button__icon--default button-icon-left\" aria-hidden=\"true\"><\/i><span class=\"fusion-button-text awb-button__text awb-button__text--default\">Saber m\u00e1s<\/span><\/a><\/div><\/div><\/div><\/div>\n<\/div><div class=\"content-box-shortcode-timeline-vertical\" style=\"border-color:#076633;left:71px;top:56px;-webkit-transition-duration: 350ms;animation-duration: 350ms;\"><\/div><\/div><\/div><div style=\"--awb-backgroundcolor:#f6f6f6;--awb-content-padding-left:64px;\" class=\"fusion-column content-box-column content-box-column content-box-column-10 col-lg-12 col-md-12 col-sm-12 fusion-content-box-hover content-box-column-last-in-row\"><div class=\"col content-box-wrapper content-wrapper-background link-area-link-icon icon-hover-animation-none fusion-animated\" data-animationType=\"fadeIn\" data-animationDuration=\"0.25\" data-animationOffset=\"top-into-view\"><div class=\"heading heading-with-icon icon-left\" style=\"margin-top:14px;\"><div class=\"icon\" style=\"margin-top:-14px;margin-bottom:-14px;-webkit-animation-duration: 350ms;animation-duration: 350ms;\"><i style=\"border-color:#076633;border-width:1px;background-color:#333333;box-sizing:content-box;height:42px;width:42px;line-height:42px;border-radius:50%;font-size:21px;\" aria-hidden=\"true\" class=\"fontawesome-icon fa-angle-down fas circle-yes\"><\/i><\/div><h2 class=\"content-box-heading fusion-responsive-typography-calculated\" style=\"--h2_typography-font-size:16px;--fontSize:16;line-height:1.3;\">Julio 2020<\/h2><\/div><div class=\"fusion-clearfix\"><\/div><div class=\"content-container\">\n<div class=\"fusion-builder-row fusion-builder-row-inner fusion-row fusion-flex-align-items-flex-start fusion-flex-content-wrap\" style=\"--awb-flex-grow:0;--awb-flex-grow-medium:0;--awb-flex-grow-small:0;--awb-flex-shrink:0;--awb-flex-shrink-medium:0;--awb-flex-shrink-small:0;width:104% !important;max-width:104% !important;margin-left: calc(-4% \/ 2 );margin-right: calc(-4% \/ 2 );\"><div class=\"fusion-layout-column fusion_builder_column_inner fusion-builder-nested-column-18 fusion_builder_column_inner_1_2 1_2 fusion-flex-column\" style=\"--awb-bg-size:cover;--awb-width-large:50%;--awb-margin-top-large:0px;--awb-spacing-right-large:3.84%;--awb-margin-bottom-large:20px;--awb-spacing-left-large:3.84%;--awb-width-medium:100%;--awb-order-medium:0;--awb-spacing-right-medium:1.92%;--awb-spacing-left-medium:1.92%;--awb-width-small:100%;--awb-order-small:0;--awb-spacing-right-small:1.92%;--awb-spacing-left-small:1.92%;\"><div class=\"fusion-column-wrapper fusion-column-has-shadow fusion-flex-justify-content-flex-start fusion-content-layout-column\">\n<div class=\"fusion-text fusion-text-21\"><p><a href=\"https:\/\/envol-vert.org\/es\/actualidades\/2020\/07\/la-huella-forestal-de-los-colombianos-1278m%c2%b2\/\" target=\"_blank\" rel=\"noopener\"><img decoding=\"async\" class=\"aligncenter wp-image-22601 size-full\" src=\"https:\/\/envol-vert.org\/wp-content\/uploads\/2019\/03\/widget_quizz_empreinte_foret_esp.jpg\" alt=\"Widget quizz empreinte foret esp\" width=\"300\" height=\"250\" \/><\/a><\/p>\n<\/div><\/div><\/div><div class=\"fusion-layout-column fusion_builder_column_inner fusion-builder-nested-column-19 fusion_builder_column_inner_1_2 1_2 fusion-flex-column\" style=\"--awb-bg-size:cover;--awb-width-large:50%;--awb-margin-top-large:0px;--awb-spacing-right-large:3.84%;--awb-margin-bottom-large:20px;--awb-spacing-left-large:3.84%;--awb-width-medium:100%;--awb-order-medium:0;--awb-spacing-right-medium:1.92%;--awb-spacing-left-medium:1.92%;--awb-width-small:100%;--awb-order-small:0;--awb-spacing-right-small:1.92%;--awb-spacing-left-small:1.92%;\"><div class=\"fusion-column-wrapper fusion-column-has-shadow fusion-flex-justify-content-flex-start fusion-content-layout-column\">\n<div class=\"fusion-text fusion-text-22\"><p>Envol Vert calcula que la <strong>Huella Forestal de Colombia<\/strong> asciende a 1 278 m\u00b2.<\/p>\n<p>La materia prima que m\u00e1s contribuye a la deforestaci\u00f3n es, como era de esperar, la carne.<\/p>\n<\/div>\n<div style=\"text-align:center;\"><a class=\"fusion-button button-flat fusion-button-default-size button-default fusion-button-default button-11 fusion-button-default-span fusion-button-default-type\" style=\"--button_margin-top:1%;--button_margin-bottom:2%;\" target=\"_blank\" rel=\"noopener noreferrer\"><i class=\"fa-search-plus fas awb-button__icon awb-button__icon--default button-icon-left\" aria-hidden=\"true\"><\/i><span class=\"fusion-button-text awb-button__text awb-button__text--default\">Saber m\u00e1s<\/span><\/a><\/div>\n<\/div><\/div><\/div>\n<\/div><div class=\"content-box-shortcode-timeline-vertical\" style=\"border-color:#076633;left:71px;top:56px;-webkit-transition-duration: 350ms;animation-duration: 350ms;\"><\/div><\/div><\/div><div style=\"--awb-backgroundcolor:#f6f6f6;--awb-content-padding-left:64px;\" class=\"fusion-column content-box-column content-box-column content-box-column-11 col-lg-12 col-md-12 col-sm-12 fusion-content-box-hover content-box-column-last-in-row\"><div class=\"col content-box-wrapper content-wrapper-background link-area-link-icon icon-hover-animation-none fusion-animated\" data-animationType=\"fadeIn\" data-animationDuration=\"0.25\" data-animationOffset=\"top-into-view\"><div class=\"heading heading-with-icon icon-left\" style=\"margin-top:14px;\"><div class=\"icon\" style=\"margin-top:-14px;margin-bottom:-14px;-webkit-animation-duration: 350ms;animation-duration: 350ms;\"><i style=\"border-color:#076633;border-width:1px;background-color:#333333;box-sizing:content-box;height:42px;width:42px;line-height:42px;border-radius:50%;font-size:21px;\" aria-hidden=\"true\" class=\"fontawesome-icon fa-angle-down fas circle-yes\"><\/i><\/div><h2 class=\"content-box-heading fusion-responsive-typography-calculated\" style=\"--h2_typography-font-size:16px;--fontSize:16;line-height:1.3;\">26 de junio 2021<\/h2><\/div><div class=\"fusion-clearfix\"><\/div><div class=\"content-container\">\n<div class=\"fusion-builder-row fusion-builder-row-inner fusion-row fusion-flex-align-items-flex-start fusion-flex-content-wrap\" style=\"--awb-flex-grow:0;--awb-flex-grow-medium:0;--awb-flex-grow-small:0;--awb-flex-shrink:0;--awb-flex-shrink-medium:0;--awb-flex-shrink-small:0;width:104% !important;max-width:104% !important;margin-left: calc(-4% \/ 2 );margin-right: calc(-4% \/ 2 );\"><div class=\"fusion-layout-column fusion_builder_column_inner fusion-builder-nested-column-20 fusion_builder_column_inner_1_2 1_2 fusion-flex-column\" style=\"--awb-bg-size:cover;--awb-width-large:50%;--awb-margin-top-large:0px;--awb-spacing-right-large:3.84%;--awb-margin-bottom-large:20px;--awb-spacing-left-large:3.84%;--awb-width-medium:100%;--awb-order-medium:0;--awb-spacing-right-medium:1.92%;--awb-spacing-left-medium:1.92%;--awb-width-small:100%;--awb-order-small:0;--awb-spacing-right-small:1.92%;--awb-spacing-left-small:1.92%;\"><div class=\"fusion-column-wrapper fusion-column-has-shadow fusion-flex-justify-content-flex-start fusion-content-layout-column\">\n<div class=\"fusion-text fusion-text-23\"><p><a href=\"https:\/\/envol-vert.org\/news\/2021\/07\/celebrer-les-10-ans-denvol-vert\/\" target=\"_blank\" rel=\"noopener\"><img decoding=\"async\" class=\"aligncenter wp-image-40612 size-thumbnail\" src=\"https:\/\/envol-vert.org\/wp-content\/uploads\/2021\/07\/IMG_0401-450x300.jpeg\" alt=\"Image Envol Vert\" width=\"450\" height=\"300\" srcset=\"https:\/\/envol-vert.org\/wp-content\/uploads\/2021\/07\/IMG_0401-200x133.jpeg 200w, https:\/\/envol-vert.org\/wp-content\/uploads\/2021\/07\/IMG_0401-400x267.jpeg 400w, https:\/\/envol-vert.org\/wp-content\/uploads\/2021\/07\/IMG_0401-450x300.jpeg 450w, https:\/\/envol-vert.org\/wp-content\/uploads\/2021\/07\/IMG_0401-600x400.jpeg 600w, https:\/\/envol-vert.org\/wp-content\/uploads\/2021\/07\/IMG_0401-768x512.jpeg 768w, https:\/\/envol-vert.org\/wp-content\/uploads\/2021\/07\/IMG_0401-800x534.jpeg 800w, https:\/\/envol-vert.org\/wp-content\/uploads\/2021\/07\/IMG_0401-1024x683.jpeg 1024w, https:\/\/envol-vert.org\/wp-content\/uploads\/2021\/07\/IMG_0401-1200x800.jpeg 1200w, https:\/\/envol-vert.org\/wp-content\/uploads\/2021\/07\/IMG_0401.jpeg 1300w\" sizes=\"(max-width: 450px) 100vw, 450px\" \/><\/a><\/p>\n<\/div><\/div><\/div><div class=\"fusion-layout-column fusion_builder_column_inner fusion-builder-nested-column-21 fusion_builder_column_inner_1_2 1_2 fusion-flex-column\" style=\"--awb-bg-size:cover;--awb-width-large:50%;--awb-margin-top-large:0px;--awb-spacing-right-large:3.84%;--awb-margin-bottom-large:20px;--awb-spacing-left-large:3.84%;--awb-width-medium:100%;--awb-order-medium:0;--awb-spacing-right-medium:1.92%;--awb-spacing-left-medium:1.92%;--awb-width-small:100%;--awb-order-small:0;--awb-spacing-right-small:1.92%;--awb-spacing-left-small:1.92%;\"><div class=\"fusion-column-wrapper fusion-column-has-shadow fusion-flex-justify-content-flex-start fusion-content-layout-column\">\n<div class=\"fusion-text fusion-text-24\"><p>Envol Vert celebra su <strong>d\u00e9cimo aniversario<\/strong> en 2021: es el momento de iniciar una nueva etapa.<\/p>\n<p><span style=\"font-weight: 400;\">Por ello, la asociaci\u00f3n da un nuevo giro en 2022 en lo que respecta a su organizaci\u00f3n: pasar a un funcionamiento basado en <strong>la gobernanza denominada \u00ab\u00f3palo\u00bb<\/strong>. Una evoluci\u00f3n organizativa y humana que se sustenta en tres pilares: la raz\u00f3n de ser evolutiva, la plenitud y la autogobernanza. <\/span><\/p>\n<\/div>\n<div style=\"text-align:center;\"><a class=\"fusion-button button-flat fusion-button-default-size button-default fusion-button-default button-12 fusion-button-default-span fusion-button-default-type\" style=\"--button_margin-top:1%;--button_margin-bottom:2%;\" target=\"_blank\" rel=\"noopener noreferrer\" href=\"https:\/\/envol-vert.org\/es\/actualidades\/2021\/03\/envol-vert-lleva-10-anos-luchando-por-la-conservacion-de-los-bosques\/\"><i class=\"fa-search-plus fas awb-button__icon awb-button__icon--default button-icon-left\" aria-hidden=\"true\"><\/i><span class=\"fusion-button-text awb-button__text awb-button__text--default\">Saber m\u00e1s<\/span><\/a><\/div>\n<\/div><\/div><\/div>\n<\/div><div class=\"content-box-shortcode-timeline-vertical\" style=\"border-color:#076633;left:71px;top:56px;-webkit-transition-duration: 350ms;animation-duration: 350ms;\"><\/div><\/div><\/div><div style=\"--awb-backgroundcolor:#f6f6f6;--awb-content-padding-left:64px;\" class=\"fusion-column content-box-column content-box-column content-box-column-12 col-lg-12 col-md-12 col-sm-12 fusion-content-box-hover content-box-column-last-in-row\"><div class=\"col content-box-wrapper content-wrapper-background link-area-link-icon icon-hover-animation-none fusion-animated\" data-animationType=\"fadeIn\" data-animationDuration=\"0.25\" data-animationOffset=\"top-into-view\"><div class=\"heading heading-with-icon icon-left\" style=\"margin-top:14px;\"><div class=\"icon\" style=\"margin-top:-14px;margin-bottom:-14px;-webkit-animation-duration: 350ms;animation-duration: 350ms;\"><i style=\"border-color:#076633;border-width:1px;background-color:#333333;box-sizing:content-box;height:42px;width:42px;line-height:42px;border-radius:50%;font-size:21px;\" aria-hidden=\"true\" class=\"fontawesome-icon fa-angle-down fas circle-yes\"><\/i><\/div><h2 class=\"content-box-heading fusion-responsive-typography-calculated\" style=\"--h2_typography-font-size:16px;--fontSize:16;line-height:1.3;\">Junio 2023<\/h2><\/div><div class=\"fusion-clearfix\"><\/div><div class=\"content-container\">\n<div class=\"fusion-builder-row fusion-builder-row-inner fusion-row fusion-flex-align-items-flex-start fusion-flex-content-wrap\" style=\"--awb-flex-grow:0;--awb-flex-grow-medium:0;--awb-flex-grow-small:0;--awb-flex-shrink:0;--awb-flex-shrink-medium:0;--awb-flex-shrink-small:0;width:104% !important;max-width:104% !important;margin-left: calc(-4% \/ 2 );margin-right: calc(-4% \/ 2 );\"><div class=\"fusion-layout-column fusion_builder_column_inner fusion-builder-nested-column-22 fusion_builder_column_inner_1_2 1_2 fusion-flex-column\" style=\"--awb-bg-size:cover;--awb-width-large:50%;--awb-margin-top-large:0px;--awb-spacing-right-large:3.84%;--awb-margin-bottom-large:20px;--awb-spacing-left-large:3.84%;--awb-width-medium:100%;--awb-order-medium:0;--awb-spacing-right-medium:1.92%;--awb-spacing-left-medium:1.92%;--awb-width-small:100%;--awb-order-small:0;--awb-spacing-right-small:1.92%;--awb-spacing-left-small:1.92%;\"><div class=\"fusion-column-wrapper fusion-column-has-shadow fusion-flex-justify-content-flex-start fusion-content-layout-column\">\n<div class=\"fusion-text fusion-text-25\"><p><a href=\"https:\/\/envol-vert.org\/es\/actualidades\/2023\/06\/calcula-tu-huella-forestal\/\" target=\"_blank\" rel=\"noopener\"><img decoding=\"async\" class=\"aligncenter wp-image-22601 size-full\" src=\"https:\/\/envol-vert.org\/wp-content\/uploads\/2019\/03\/widget_quizz_empreinte_foret_esp.jpg\" alt=\"Widget quizz empreinte foret esp\" width=\"300\" height=\"250\" \/><\/a><\/p>\n<\/div><\/div><\/div><div class=\"fusion-layout-column fusion_builder_column_inner fusion-builder-nested-column-23 fusion_builder_column_inner_1_2 1_2 fusion-flex-column\" style=\"--awb-bg-size:cover;--awb-width-large:50%;--awb-margin-top-large:0px;--awb-spacing-right-large:3.84%;--awb-margin-bottom-large:20px;--awb-spacing-left-large:3.84%;--awb-width-medium:100%;--awb-order-medium:0;--awb-spacing-right-medium:1.92%;--awb-spacing-left-medium:1.92%;--awb-width-small:100%;--awb-order-small:0;--awb-spacing-right-small:1.92%;--awb-spacing-left-small:1.92%;\"><div class=\"fusion-column-wrapper fusion-column-has-shadow fusion-flex-justify-content-flex-start fusion-content-layout-column\">\n<div class=\"fusion-text fusion-text-26\"><p>\u00a1Los peruanos tambi\u00e9n pueden calcular su <strong>Huella Forestal<\/strong>!<\/p>\n<\/div>\n<div style=\"text-align:center;\"><a class=\"fusion-button button-flat fusion-button-default-size button-default fusion-button-default button-13 fusion-button-default-span fusion-button-default-type\" style=\"--button_margin-top:1%;--button_margin-bottom:2%;\" target=\"_blank\" rel=\"noopener noreferrer\" href=\"https:\/\/envol-vert.org\/es\/actualidades\/2023\/06\/calcula-tu-huella-forestal\/\"><i class=\"fa-search-plus fas awb-button__icon awb-button__icon--default button-icon-left\" aria-hidden=\"true\"><\/i><span class=\"fusion-button-text awb-button__text awb-button__text--default\">Saber m\u00e1s<\/span><\/a><\/div>\n<\/div><\/div><\/div>\n<\/div><div class=\"content-box-shortcode-timeline-vertical\" style=\"border-color:#076633;left:71px;top:56px;-webkit-transition-duration: 350ms;animation-duration: 350ms;\"><\/div><\/div><\/div><div style=\"--awb-backgroundcolor:#f6f6f6;--awb-content-padding-left:64px;\" class=\"fusion-column content-box-column content-box-column content-box-column-13 col-lg-12 col-md-12 col-sm-12 fusion-content-box-hover content-box-column-last-in-row\"><div class=\"col content-box-wrapper content-wrapper-background link-area-link-icon icon-hover-animation-none fusion-animated\" data-animationType=\"fadeIn\" data-animationDuration=\"0.25\" data-animationOffset=\"top-into-view\"><div class=\"heading heading-with-icon icon-left\" style=\"margin-top:14px;\"><div class=\"icon\" style=\"margin-top:-14px;margin-bottom:-14px;-webkit-animation-duration: 350ms;animation-duration: 350ms;\"><i style=\"border-color:#076633;border-width:1px;background-color:#333333;box-sizing:content-box;height:42px;width:42px;line-height:42px;border-radius:50%;font-size:21px;\" aria-hidden=\"true\" class=\"fontawesome-icon fa-angle-down fas circle-yes\"><\/i><\/div><h2 class=\"content-box-heading fusion-responsive-typography-calculated\" style=\"--h2_typography-font-size:16px;--fontSize:16;line-height:1.3;\">20 de septiembre 2024<\/h2><\/div><div class=\"fusion-clearfix\"><\/div><div class=\"content-container\">\n<div class=\"fusion-builder-row fusion-builder-row-inner fusion-row fusion-flex-align-items-flex-start fusion-flex-content-wrap\" style=\"--awb-flex-grow:0;--awb-flex-grow-medium:0;--awb-flex-grow-small:0;--awb-flex-shrink:0;--awb-flex-shrink-medium:0;--awb-flex-shrink-small:0;width:104% !important;max-width:104% !important;margin-left: calc(-4% \/ 2 );margin-right: calc(-4% \/ 2 );\"><div class=\"fusion-layout-column fusion_builder_column_inner fusion-builder-nested-column-24 fusion_builder_column_inner_1_2 1_2 fusion-flex-column\" style=\"--awb-bg-size:cover;--awb-width-large:50%;--awb-margin-top-large:0px;--awb-spacing-right-large:3.84%;--awb-margin-bottom-large:20px;--awb-spacing-left-large:3.84%;--awb-width-medium:100%;--awb-order-medium:0;--awb-spacing-right-medium:1.92%;--awb-spacing-left-medium:1.92%;--awb-width-small:100%;--awb-order-small:0;--awb-spacing-right-small:1.92%;--awb-spacing-left-small:1.92%;\"><div class=\"fusion-column-wrapper fusion-column-has-shadow fusion-flex-justify-content-flex-start fusion-content-layout-column\">\n<div class=\"fusion-text fusion-text-27\"><p><a href=\"https:\/\/envol-vert.org\/actu\/2024\/10\/le-gfc-a-acquis-sa-premiere-foret\/\" target=\"_blank\" rel=\"noopener\"><img decoding=\"async\" class=\"aligncenter wp-image-51598 size-thumbnail\" src=\"https:\/\/envol-vert.org\/wp-content\/uploads\/2024\/10\/GFCE_Achat-foret-Nico-450x300.jpg\" alt=\"GFCE Achat for\u00eat Nico\" width=\"450\" height=\"300\" \/><\/a><\/p>\n<\/div><\/div><\/div><div class=\"fusion-layout-column fusion_builder_column_inner fusion-builder-nested-column-25 fusion_builder_column_inner_1_2 1_2 fusion-flex-column\" style=\"--awb-bg-size:cover;--awb-width-large:50%;--awb-margin-top-large:0px;--awb-spacing-right-large:3.84%;--awb-margin-bottom-large:20px;--awb-spacing-left-large:3.84%;--awb-width-medium:100%;--awb-order-medium:0;--awb-spacing-right-medium:1.92%;--awb-spacing-left-medium:1.92%;--awb-width-small:100%;--awb-order-small:0;--awb-spacing-right-small:1.92%;--awb-spacing-left-small:1.92%;\"><div class=\"fusion-column-wrapper fusion-column-has-shadow fusion-flex-justify-content-flex-start fusion-content-layout-column\">\n<div class=\"fusion-text fusion-text-28\"><p>Junto con el grupo forestal Les Hauts Bois, <strong>Envol Vert adquiere su primer bosque<\/strong>:<\/p>\n<p>4,5 hect\u00e1reas en el municipio de Esp\u00e9rausses, en el departamento del Tarn.<\/p>\n<\/div>\n<div style=\"text-align:center;\"><a class=\"fusion-button button-flat fusion-button-default-size button-default fusion-button-default button-14 fusion-button-default-span fusion-button-default-type\" style=\"--button_margin-top:1%;--button_margin-bottom:2%;\" target=\"_blank\" rel=\"noopener noreferrer\"><i class=\"fa-search-plus fas awb-button__icon awb-button__icon--default button-icon-left\" aria-hidden=\"true\"><\/i><span class=\"fusion-button-text awb-button__text awb-button__text--default\">Saber m\u00e1s<\/span><\/a><\/div>\n<div class=\"fusion-text fusion-text-29\"><p style=\"text-align: center;\"><em>(contenido en franc\u00e9s)<\/em><\/p>\n<\/div>\n<\/div><\/div><\/div>\n<\/div><div class=\"content-box-shortcode-timeline-vertical\" style=\"border-color:#076633;left:71px;top:56px;-webkit-transition-duration: 350ms;animation-duration: 350ms;\"><\/div><\/div><\/div><div style=\"--awb-backgroundcolor:#f6f6f6;--awb-content-padding-left:64px;\" class=\"fusion-column content-box-column content-box-column content-box-column-14 col-lg-12 col-md-12 col-sm-12 fusion-content-box-hover content-box-column-last-in-row\"><div class=\"col content-box-wrapper content-wrapper-background link-area-link-icon icon-hover-animation-none fusion-animated\" data-animationType=\"fadeIn\" data-animationDuration=\"0.25\" data-animationOffset=\"top-into-view\"><div class=\"heading heading-with-icon icon-left\" style=\"margin-top:14px;\"><div class=\"icon\" style=\"margin-top:-14px;margin-bottom:-14px;-webkit-animation-duration: 350ms;animation-duration: 350ms;\"><i style=\"border-color:#076633;border-width:1px;background-color:#333333;box-sizing:content-box;height:42px;width:42px;line-height:42px;border-radius:50%;font-size:21px;\" aria-hidden=\"true\" class=\"fontawesome-icon fa-angle-down fas circle-yes\"><\/i><\/div><h2 class=\"content-box-heading fusion-responsive-typography-calculated\" style=\"--h2_typography-font-size:16px;--fontSize:16;line-height:1.3;\">Enero 2025<\/h2><\/div><div class=\"fusion-clearfix\"><\/div><div class=\"content-container\">\n<div class=\"fusion-builder-row fusion-builder-row-inner fusion-row fusion-flex-align-items-flex-start fusion-flex-content-wrap\" style=\"--awb-flex-grow:0;--awb-flex-grow-medium:0;--awb-flex-grow-small:0;--awb-flex-shrink:0;--awb-flex-shrink-medium:0;--awb-flex-shrink-small:0;width:104% !important;max-width:104% !important;margin-left: calc(-4% \/ 2 );margin-right: calc(-4% \/ 2 );\"><div class=\"fusion-layout-column fusion_builder_column_inner fusion-builder-nested-column-26 fusion_builder_column_inner_1_2 1_2 fusion-flex-column\" style=\"--awb-bg-size:cover;--awb-width-large:50%;--awb-margin-top-large:0px;--awb-spacing-right-large:3.84%;--awb-margin-bottom-large:20px;--awb-spacing-left-large:3.84%;--awb-width-medium:100%;--awb-order-medium:0;--awb-spacing-right-medium:1.92%;--awb-spacing-left-medium:1.92%;--awb-width-small:100%;--awb-order-small:0;--awb-spacing-right-small:1.92%;--awb-spacing-left-small:1.92%;\"><div class=\"fusion-column-wrapper fusion-column-has-shadow fusion-flex-justify-content-flex-start fusion-content-layout-column\">\n<div class=\"fusion-text fusion-text-30\"><p><a href=\"https:\/\/envol-vert.org\/es\/pro\/programa-conbosque-territorios-amazonicos-sostenibles-y-biodiversos\/\" target=\"_blank\" rel=\"noopener\"><img decoding=\"async\" class=\"aligncenter wp-image-52940 size-thumbnail\" src=\"https:\/\/envol-vert.org\/wp-content\/uploads\/2025\/05\/2025-04-24_-Pichanaki-Diagnostico-de-arboles-semilleros-parcela-de-la-senora-Edith-en-Pampa-Azangaro_ConBosque-c-EV_featured-450x300.jpg\" alt=\"24 Pichanaki - Diagnostico de arboles semilleros, parcela de la senora Edith en Pampa Azangaro ConBosque - (c) EV\" width=\"450\" height=\"300\" \/><\/a><\/p>\n<\/div><\/div><\/div><div class=\"fusion-layout-column fusion_builder_column_inner fusion-builder-nested-column-27 fusion_builder_column_inner_1_2 1_2 fusion-flex-column\" style=\"--awb-bg-size:cover;--awb-width-large:50%;--awb-margin-top-large:0px;--awb-spacing-right-large:3.84%;--awb-margin-bottom-large:20px;--awb-spacing-left-large:3.84%;--awb-width-medium:100%;--awb-order-medium:0;--awb-spacing-right-medium:1.92%;--awb-spacing-left-medium:1.92%;--awb-width-small:100%;--awb-order-small:0;--awb-spacing-right-small:1.92%;--awb-spacing-left-small:1.92%;\"><div class=\"fusion-column-wrapper fusion-column-has-shadow fusion-flex-justify-content-flex-start fusion-content-layout-column\">\n<div class=\"fusion-text fusion-text-31\"><p>Presentaci\u00f3n de la \u00faltima iniciativa de Envol Vert: <strong>el programa de conservaci\u00f3n ConBosque<\/strong>.<\/p>\n<p>Este programa contribuye a la conservaci\u00f3n de<strong> 17 301 hect\u00e1reas de bosque<\/strong> en la Amazon\u00eda colombiana y peruana.<\/p>\n<\/div>\n<div style=\"text-align:center;\"><a class=\"fusion-button button-flat fusion-button-default-size button-default fusion-button-default button-15 fusion-button-default-span fusion-button-default-type\" style=\"--button_margin-top:1%;--button_margin-bottom:2%;\" target=\"_blank\" rel=\"noopener noreferrer\" href=\"https:\/\/envol-vert.org\/es\/pro\/programa-conbosque-territorios-amazonicos-sostenibles-y-biodiversos\/\"><i class=\"fa-search-plus fas awb-button__icon awb-button__icon--default button-icon-left\" aria-hidden=\"true\"><\/i><span class=\"fusion-button-text awb-button__text awb-button__text--default\">Saber m\u00e1s<\/span><\/a><\/div>\n<\/div><\/div><\/div>\n<\/div><div class=\"content-box-shortcode-timeline-vertical\" style=\"border-color:#076633;left:71px;top:56px;-webkit-transition-duration: 350ms;animation-duration: 350ms;\"><\/div><\/div><\/div><div style=\"--awb-backgroundcolor:#f6f6f6;--awb-content-padding-left:64px;\" class=\"fusion-column content-box-column content-box-column content-box-column-15 col-lg-12 col-md-12 col-sm-12 fusion-content-box-hover content-box-column-last content-box-column-last-in-row\"><div class=\"col content-box-wrapper content-wrapper-background link-area-link-icon icon-hover-animation-none fusion-animated\" data-animationType=\"fadeIn\" data-animationDuration=\"0.25\" data-animationOffset=\"top-into-view\"><div class=\"heading heading-with-icon icon-left\" style=\"margin-top:14px;\"><div class=\"icon\" style=\"margin-top:-14px;margin-bottom:-14px;-webkit-animation-duration: 350ms;animation-duration: 350ms;\"><i style=\"border-color:#076633;border-width:1px;background-color:#333333;box-sizing:content-box;height:42px;width:42px;line-height:42px;border-radius:50%;font-size:21px;\" aria-hidden=\"true\" class=\"fontawesome-icon fa-angle-down fas circle-yes\"><\/i><\/div><h2 class=\"content-box-heading fusion-responsive-typography-calculated\" style=\"--h2_typography-font-size:16px;--fontSize:16;line-height:1.3;\">24 de marzo 2026<\/h2><\/div><div class=\"fusion-clearfix\"><\/div><div class=\"content-container\">\n<div class=\"fusion-builder-row fusion-builder-row-inner fusion-row fusion-flex-align-items-flex-start fusion-flex-content-wrap\" style=\"--awb-flex-grow:0;--awb-flex-grow-medium:0;--awb-flex-grow-small:0;--awb-flex-shrink:0;--awb-flex-shrink-medium:0;--awb-flex-shrink-small:0;width:104% !important;max-width:104% !important;margin-left: calc(-4% \/ 2 );margin-right: calc(-4% \/ 2 );\"><div class=\"fusion-layout-column fusion_builder_column_inner fusion-builder-nested-column-28 fusion_builder_column_inner_1_2 1_2 fusion-flex-column\" style=\"--awb-bg-size:cover;--awb-width-large:50%;--awb-margin-top-large:0px;--awb-spacing-right-large:3.84%;--awb-margin-bottom-large:20px;--awb-spacing-left-large:3.84%;--awb-width-medium:100%;--awb-order-medium:0;--awb-spacing-right-medium:1.92%;--awb-spacing-left-medium:1.92%;--awb-width-small:100%;--awb-order-small:0;--awb-spacing-right-small:1.92%;--awb-spacing-left-small:1.92%;\"><div class=\"fusion-column-wrapper fusion-column-has-shadow fusion-flex-justify-content-flex-start fusion-content-layout-column\">\n<div class=\"fusion-text fusion-text-32\"><p><a href=\"https:\/\/www.helloasso.com\/associations\/envol-vert\/formulaires\/1\/\" target=\"_blank\" rel=\"noopener\"><img decoding=\"async\" class=\"aligncenter wp-image-67354 size-medium\" src=\"https:\/\/envol-vert.org\/wp-content\/uploads\/2026\/04\/15-ans_carre-400x400.png\" alt=\"\" width=\"400\" height=\"400\" srcset=\"https:\/\/envol-vert.org\/wp-content\/uploads\/2026\/04\/15-ans_carre-66x66.png 66w, https:\/\/envol-vert.org\/wp-content\/uploads\/2026\/04\/15-ans_carre-200x200.png 200w, https:\/\/envol-vert.org\/wp-content\/uploads\/2026\/04\/15-ans_carre-400x400.png 400w, https:\/\/envol-vert.org\/wp-content\/uploads\/2026\/04\/15-ans_carre-600x600.png 600w, https:\/\/envol-vert.org\/wp-content\/uploads\/2026\/04\/15-ans_carre-768x768.png 768w, https:\/\/envol-vert.org\/wp-content\/uploads\/2026\/04\/15-ans_carre-800x800.png 800w, https:\/\/envol-vert.org\/wp-content\/uploads\/2026\/04\/15-ans_carre-1024x1024.png 1024w, https:\/\/envol-vert.org\/wp-content\/uploads\/2026\/04\/15-ans_carre.png 1080w\" sizes=\"(max-width: 400px) 100vw, 400px\" \/><\/a><\/p>\n<\/div><\/div><\/div><div class=\"fusion-layout-column fusion_builder_column_inner fusion-builder-nested-column-29 fusion_builder_column_inner_1_2 1_2 fusion-flex-column\" style=\"--awb-bg-size:cover;--awb-width-large:50%;--awb-margin-top-large:0px;--awb-spacing-right-large:3.84%;--awb-margin-bottom-large:20px;--awb-spacing-left-large:3.84%;--awb-width-medium:100%;--awb-order-medium:0;--awb-spacing-right-medium:1.92%;--awb-spacing-left-medium:1.92%;--awb-width-small:100%;--awb-order-small:0;--awb-spacing-right-small:1.92%;--awb-spacing-left-small:1.92%;\"><div class=\"fusion-column-wrapper fusion-column-has-shadow fusion-flex-justify-content-flex-start fusion-content-layout-column\">\n<div class=\"fusion-text fusion-text-33\"><p>Envol Vert cumple hoy <strong>15 a\u00f1os<\/strong> y no tiene intenci\u00f3n de detenerse, dados los retos que se avecinan y la urgencia de salvar los bosques que a\u00fan quedan.<\/p>\n<p><strong>Mientras quede una hect\u00e1rea que proteger, una comunidad a la que apoyar, nuestra mariposa seguir\u00e1 actuando aqu\u00ed y en otros lugares.<\/strong><\/p>\n<p>\u00danete a nosotros para que juntos sigamos contando esta hermosa historia.<\/p>\n<p><strong>La historia de quienes luchan por la vida.<\/strong><\/p>\n<\/div>\n<div style=\"text-align:center;\"><a class=\"fusion-button button-flat fusion-button-default-size button-default fusion-button-default button-16 fusion-button-default-span fusion-button-default-type\" style=\"--button_margin-top:1%;--button_margin-bottom:2%;\" target=\"_blank\" rel=\"noopener noreferrer\" href=\"https:\/\/envol-vert.org\/es\/actuar\/donacion\/\"><i class=\"fa-check-circle fas awb-button__icon awb-button__icon--default button-icon-left\" aria-hidden=\"true\"><\/i><span class=\"fusion-button-text awb-button__text awb-button__text--default\">Apoyarnos<\/span><\/a><\/div>\n<\/div><\/div><\/div>\n<\/div><div class=\"content-box-shortcode-timeline-vertical\" style=\"border-color:#076633;left:71px;top:56px;-webkit-transition-duration: 350ms;animation-duration: 350ms;\"><\/div><\/div><\/div><div class=\"fusion-clearfix\"><\/div><\/div><\/div><\/div><div class=\"fusion-layout-column fusion_builder_column fusion-builder-column-2 fusion_builder_column_1_6 1_6 fusion-flex-column\" style=\"--awb-bg-size:cover;--awb-width-large:16.666666666667%;--awb-margin-top-large:0px;--awb-spacing-right-large:11.52%;--awb-margin-bottom-large:20px;--awb-spacing-left-large:11.52%;--awb-width-medium:100%;--awb-order-medium:0;--awb-spacing-right-medium:1.92%;--awb-spacing-left-medium:1.92%;--awb-width-small:100%;--awb-order-small:0;--awb-spacing-right-small:1.92%;--awb-spacing-left-small:1.92%;\"><div class=\"fusion-column-wrapper fusion-column-has-shadow fusion-flex-justify-content-flex-start fusion-content-layout-column\"><\/div><\/div><\/div><\/div>\n","protected":false},"excerpt":{"rendered":"","protected":false},"author":114,"featured_media":67532,"comment_status":"closed","ping_status":"closed","sticky":false,"template":"","format":"standard","meta":{"footnotes":""},"categories":[446],"tags":[],"class_list":["post-67522","post","type-post","status-publish","format-standard","has-post-thumbnail","hentry","category-actualidades"],"_links":{"self":[{"href":"https:\/\/envol-vert.org\/es\/wp-json\/wp\/v2\/posts\/67522","targetHints":{"allow":["GET"]}}],"collection":[{"href":"https:\/\/envol-vert.org\/es\/wp-json\/wp\/v2\/posts"}],"about":[{"href":"https:\/\/envol-vert.org\/es\/wp-json\/wp\/v2\/types\/post"}],"author":[{"embeddable":true,"href":"https:\/\/envol-vert.org\/es\/wp-json\/wp\/v2\/users\/114"}],"replies":[{"embeddable":true,"href":"https:\/\/envol-vert.org\/es\/wp-json\/wp\/v2\/comments?post=67522"}],"version-history":[{"count":10,"href":"https:\/\/envol-vert.org\/es\/wp-json\/wp\/v2\/posts\/67522\/revisions"}],"predecessor-version":[{"id":67533,"href":"https:\/\/envol-vert.org\/es\/wp-json\/wp\/v2\/posts\/67522\/revisions\/67533"}],"wp:featuredmedia":[{"embeddable":true,"href":"https:\/\/envol-vert.org\/es\/wp-json\/wp\/v2\/media\/67532"}],"wp:attachment":[{"href":"https:\/\/envol-vert.org\/es\/wp-json\/wp\/v2\/media?parent=67522"}],"wp:term":[{"taxonomy":"category","embeddable":true,"href":"https:\/\/envol-vert.org\/es\/wp-json\/wp\/v2\/categories?post=67522"},{"taxonomy":"post_tag","embeddable":true,"href":"https:\/\/envol-vert.org\/es\/wp-json\/wp\/v2\/tags?post=67522"}],"curies":[{"name":"wp","href":"https:\/\/api.w.org\/{rel}","templated":true}]}}