{"id":8186,"date":"2014-11-26T02:47:25","date_gmt":"2014-11-26T02:47:25","guid":{"rendered":"http:\/\/envol-vert.org\/?p=8186"},"modified":"2020-11-15T00:22:22","modified_gmt":"2020-11-14T23:22:22","slug":"seminario-de-inicio-de-ano-con-voluntarios","status":"publish","type":"post","link":"https:\/\/envol-vert.org\/es\/actualidades\/2014\/11\/seminario-de-inicio-de-ano-con-voluntarios\/","title":{"rendered":"Seminario de inicio de a\u00f1o con voluntarios"},"content":{"rendered":"<h2><a href=\"http:\/\/envol-vert.org\/wp-content\/uploads\/2014\/11\/Seminaire-sept14IMG_20140906_1108461.\u00a9E.Lugeon.jpg\"><img decoding=\"async\" class=\"size-medium wp-image-8178 alignleft\" src=\"http:\/\/envol-vert.org\/wp-content\/uploads\/2014\/11\/Seminaire-sept14IMG_20140906_1108461.\u00a9E.Lugeon-300x225.jpg\" alt=\"[Seminaire sept14]IMG_20140906_110846[1].\u00a9E.Lugeon\" width=\"300\" height=\"225\" srcset=\"https:\/\/envol-vert.org\/wp-content\/uploads\/2014\/11\/Seminaire-sept14IMG_20140906_1108461.\u00a9E.Lugeon-300x225.jpg 300w, https:\/\/envol-vert.org\/wp-content\/uploads\/2014\/11\/Seminaire-sept14IMG_20140906_1108461.\u00a9E.Lugeon-768x576.jpg 768w, https:\/\/envol-vert.org\/wp-content\/uploads\/2014\/11\/Seminaire-sept14IMG_20140906_1108461.\u00a9E.Lugeon-1024x768.jpg 1024w, https:\/\/envol-vert.org\/wp-content\/uploads\/2014\/11\/Seminaire-sept14IMG_20140906_1108461.\u00a9E.Lugeon.jpg 2560w\" sizes=\"(max-width: 300px) 100vw, 300px\" \/><\/a>El 6 de Septiembre del 2014, se llev\u00f3 a cabo un nuevo seminario de los voluntarios Envol Vert. Este caluroso evento es una oportunidad para todos aquellos que colaboran con la organizaci\u00f3n de conocerse, intercambiar ideas y compartir buenos momentos.<\/h2>\n<p><!--more--><\/p>\n<p>Este d\u00eda, se tuvo una asamblea general que permiti\u00f3 a un nuevo miembro convertirse en administrador. Por otra parte, Envol Vert decidi\u00f3 tambi\u00e9n estructurarse oficialmente en Colombia con el fin de desarrollar m\u00e1s y mejor sus acciones.<\/p>\n<h2><a href=\"http:\/\/envol-vert.org\/wp-content\/uploads\/2014\/11\/Seminaire-sept14IMG_20140906_1539281.\u00a9E.Lugeon.jpg\"><img decoding=\"async\" class=\"size-medium wp-image-8179 alignright\" src=\"http:\/\/envol-vert.org\/wp-content\/uploads\/2014\/11\/Seminaire-sept14IMG_20140906_1539281.\u00a9E.Lugeon-300x225.jpg\" alt=\"[Seminaire sept14]IMG_20140906_153928[1].\u00a9E.Lugeon\" width=\"300\" height=\"225\" srcset=\"https:\/\/envol-vert.org\/wp-content\/uploads\/2014\/11\/Seminaire-sept14IMG_20140906_1539281.\u00a9E.Lugeon-300x225.jpg 300w, https:\/\/envol-vert.org\/wp-content\/uploads\/2014\/11\/Seminaire-sept14IMG_20140906_1539281.\u00a9E.Lugeon-768x576.jpg 768w, https:\/\/envol-vert.org\/wp-content\/uploads\/2014\/11\/Seminaire-sept14IMG_20140906_1539281.\u00a9E.Lugeon-1024x768.jpg 1024w, https:\/\/envol-vert.org\/wp-content\/uploads\/2014\/11\/Seminaire-sept14IMG_20140906_1539281.\u00a9E.Lugeon.jpg 2560w\" sizes=\"(max-width: 300px) 100vw, 300px\" \/><\/a><\/h2>\n<p><strong>Los voluntarios presentes han podido aprovechar este d\u00eda para presentarse y conocerse. El tema central del d\u00eda era la valorizaci\u00f3n de las acciones voluntarias<\/strong>. Distintos tiempos estaban previstos con el fin de intercambiar sobre su trabajo y tambi\u00e9n sobre sus espectativas y sus necesidades a trav\u00e9s\u00a0 de un cuestionario de calidad realizado y presentado por Micha\u00ebl y gracias a varias herramientas sobre las cuales Aline nos hizo una presentaci\u00f3n.<\/p>\n<p><strong>Fue tambi\u00e9n la ocasi\u00f3n de hacer un balance sobre muchas actividades<\/strong> como el festival ColomBIOdiversidad (en d\u00faplex con Colombia) o la campa\u00f1a de Crowfunding y as\u00ed reflexionar juntos sobre la continuidad de estas actividades y el lanzamiento de otras que vienen.<\/p>\n<p>A lo largo del d\u00eda, los voluntarios pudieron contar, delante de la c\u00e1mara de L\u00e9a, sus experiencias con Envol Vert e intercambiar smileys o \u201cchaudoudoux\u201d (cumplidos) para expresar su agradecimiento a los dem\u00e1s.<\/p>\n<p>Encuentre los testimonios en el Link (<a href=\"https:\/\/envol-vert.org\/es\/asociacion\/#staff\">el equipo<\/a>)<\/p>\n<p>Esta nueva edici\u00f3n del seminario fue un \u00e9xito, tanto sobre el contenido del programa como por la buena convivencia.<\/p>\n","protected":false},"excerpt":{"rendered":"<p>El 6 de Septiembre del 2014, se llev\u00f3 a cabo un nuevo seminario de los voluntarios Envol Vert.<\/p>\n","protected":false},"author":1,"featured_media":410,"comment_status":"closed","ping_status":"closed","sticky":false,"template":"","format":"standard","meta":{"footnotes":""},"categories":[446],"tags":[],"class_list":["post-8186","post","type-post","status-publish","format-standard","has-post-thumbnail","hentry","category-actualidades"],"yoast_head":"<!-- This site is optimized with the Yoast SEO plugin v28.3 - https:\/\/yoast.com\/product\/yoast-seo-wordpress\/ -->\n<title>Seminario de inicio de a\u00f1o con voluntarios - Envol Vert<\/title>\n<meta name=\"robots\" content=\"index, follow, max-snippet:-1, max-image-preview:large, max-video-preview:-1\" \/>\n<link rel=\"canonical\" href=\"https:\/\/envol-vert.org\/es\/actualidades\/2014\/11\/seminario-de-inicio-de-ano-con-voluntarios\/\" \/>\n<meta property=\"og:locale\" content=\"es_ES\" \/>\n<meta property=\"og:type\" content=\"article\" \/>\n<meta property=\"og:title\" content=\"Seminario de inicio de a\u00f1o con voluntarios - Envol Vert\" \/>\n<meta property=\"og:description\" content=\"El 6 de Septiembre del 2014, se llev\u00f3 a cabo un nuevo seminario de los voluntarios Envol Vert.\" \/>\n<meta property=\"og:url\" content=\"https:\/\/envol-vert.org\/es\/actualidades\/2014\/11\/seminario-de-inicio-de-ano-con-voluntarios\/\" \/>\n<meta property=\"og:site_name\" content=\"Envol Vert\" \/>\n<meta property=\"article:publisher\" content=\"https:\/\/www.facebook.com\/EnvolVertFrance\/\" \/>\n<meta property=\"article:published_time\" content=\"2014-11-26T02:47:25+00:00\" \/>\n<meta property=\"article:modified_time\" content=\"2020-11-14T23:22:22+00:00\" \/>\n<meta property=\"og:image\" content=\"https:\/\/envol-vert.org\/wp-content\/uploads\/2011\/03\/papillon-petit2.jpg\" \/>\n\t<meta property=\"og:image:width\" content=\"395\" \/>\n\t<meta property=\"og:image:height\" content=\"368\" \/>\n\t<meta property=\"og:image:type\" content=\"image\/jpeg\" \/>\n<meta name=\"author\" content=\"Greg\" \/>\n<meta name=\"twitter:card\" content=\"summary_large_image\" \/>\n<meta name=\"twitter:creator\" content=\"@Envolvert\" \/>\n<meta name=\"twitter:site\" content=\"@Envolvert\" \/>\n<meta name=\"twitter:label1\" content=\"Escrito por\" \/>\n\t<meta name=\"twitter:data1\" content=\"Greg\" \/>\n\t<meta name=\"twitter:label2\" content=\"Tiempo de lectura\" \/>\n\t<meta name=\"twitter:data2\" content=\"1 minute\" \/>\n<script type=\"application\/ld+json\" class=\"yoast-schema-graph\">{\"@context\":\"https:\\\/\\\/schema.org\",\"@graph\":[{\"@type\":\"Article\",\"@id\":\"https:\\\/\\\/envol-vert.org\\\/es\\\/actualidades\\\/2014\\\/11\\\/seminario-de-inicio-de-ano-con-voluntarios\\\/#article\",\"isPartOf\":{\"@id\":\"https:\\\/\\\/envol-vert.org\\\/es\\\/actualidades\\\/2014\\\/11\\\/seminario-de-inicio-de-ano-con-voluntarios\\\/\"},\"author\":{\"name\":\"Greg\",\"@id\":\"https:\\\/\\\/envol-vert.org\\\/es\\\/#\\\/schema\\\/person\\\/181eda536d58beed4adcb14483d99827\"},\"headline\":\"Seminario de inicio de a\u00f1o con voluntarios\",\"datePublished\":\"2014-11-26T02:47:25+00:00\",\"dateModified\":\"2020-11-14T23:22:22+00:00\",\"mainEntityOfPage\":{\"@id\":\"https:\\\/\\\/envol-vert.org\\\/es\\\/actualidades\\\/2014\\\/11\\\/seminario-de-inicio-de-ano-con-voluntarios\\\/\"},\"wordCount\":273,\"publisher\":{\"@id\":\"https:\\\/\\\/envol-vert.org\\\/es\\\/#organization\"},\"image\":{\"@id\":\"https:\\\/\\\/envol-vert.org\\\/es\\\/actualidades\\\/2014\\\/11\\\/seminario-de-inicio-de-ano-con-voluntarios\\\/#primaryimage\"},\"thumbnailUrl\":\"https:\\\/\\\/envol-vert.org\\\/wp-content\\\/uploads\\\/2011\\\/03\\\/papillon-petit2.jpg\",\"articleSection\":[\"Actualidades\"],\"inLanguage\":\"es-ES\"},{\"@type\":\"WebPage\",\"@id\":\"https:\\\/\\\/envol-vert.org\\\/es\\\/actualidades\\\/2014\\\/11\\\/seminario-de-inicio-de-ano-con-voluntarios\\\/\",\"url\":\"https:\\\/\\\/envol-vert.org\\\/es\\\/actualidades\\\/2014\\\/11\\\/seminario-de-inicio-de-ano-con-voluntarios\\\/\",\"name\":\"Seminario de inicio de a\u00f1o con voluntarios - Envol Vert\",\"isPartOf\":{\"@id\":\"https:\\\/\\\/envol-vert.org\\\/es\\\/#website\"},\"primaryImageOfPage\":{\"@id\":\"https:\\\/\\\/envol-vert.org\\\/es\\\/actualidades\\\/2014\\\/11\\\/seminario-de-inicio-de-ano-con-voluntarios\\\/#primaryimage\"},\"image\":{\"@id\":\"https:\\\/\\\/envol-vert.org\\\/es\\\/actualidades\\\/2014\\\/11\\\/seminario-de-inicio-de-ano-con-voluntarios\\\/#primaryimage\"},\"thumbnailUrl\":\"https:\\\/\\\/envol-vert.org\\\/wp-content\\\/uploads\\\/2011\\\/03\\\/papillon-petit2.jpg\",\"datePublished\":\"2014-11-26T02:47:25+00:00\",\"dateModified\":\"2020-11-14T23:22:22+00:00\",\"breadcrumb\":{\"@id\":\"https:\\\/\\\/envol-vert.org\\\/es\\\/actualidades\\\/2014\\\/11\\\/seminario-de-inicio-de-ano-con-voluntarios\\\/#breadcrumb\"},\"inLanguage\":\"es-ES\",\"potentialAction\":[{\"@type\":\"ReadAction\",\"target\":[\"https:\\\/\\\/envol-vert.org\\\/es\\\/actualidades\\\/2014\\\/11\\\/seminario-de-inicio-de-ano-con-voluntarios\\\/\"]}]},{\"@type\":\"ImageObject\",\"inLanguage\":\"es-ES\",\"@id\":\"https:\\\/\\\/envol-vert.org\\\/es\\\/actualidades\\\/2014\\\/11\\\/seminario-de-inicio-de-ano-con-voluntarios\\\/#primaryimage\",\"url\":\"https:\\\/\\\/envol-vert.org\\\/wp-content\\\/uploads\\\/2011\\\/03\\\/papillon-petit2.jpg\",\"contentUrl\":\"https:\\\/\\\/envol-vert.org\\\/wp-content\\\/uploads\\\/2011\\\/03\\\/papillon-petit2.jpg\",\"width\":395,\"height\":368,\"caption\":\"Papillon petit\"},{\"@type\":\"BreadcrumbList\",\"@id\":\"https:\\\/\\\/envol-vert.org\\\/es\\\/actualidades\\\/2014\\\/11\\\/seminario-de-inicio-de-ano-con-voluntarios\\\/#breadcrumb\",\"itemListElement\":[{\"@type\":\"ListItem\",\"position\":1,\"name\":\"Accueil\",\"item\":\"https:\\\/\\\/envol-vert.org\\\/es\\\/\"},{\"@type\":\"ListItem\",\"position\":2,\"name\":\"Seminario de inicio de a\u00f1o con voluntarios\"}]},{\"@type\":\"WebSite\",\"@id\":\"https:\\\/\\\/envol-vert.org\\\/es\\\/#website\",\"url\":\"https:\\\/\\\/envol-vert.org\\\/es\\\/\",\"name\":\"Envol Vert\",\"description\":\"La for\u00eat nous rend service, rendons le lui.\",\"publisher\":{\"@id\":\"https:\\\/\\\/envol-vert.org\\\/es\\\/#organization\"},\"potentialAction\":[{\"@type\":\"SearchAction\",\"target\":{\"@type\":\"EntryPoint\",\"urlTemplate\":\"https:\\\/\\\/envol-vert.org\\\/es\\\/?s={search_term_string}\"},\"query-input\":{\"@type\":\"PropertyValueSpecification\",\"valueRequired\":true,\"valueName\":\"search_term_string\"}}],\"inLanguage\":\"es-ES\"},{\"@type\":\"Organization\",\"@id\":\"https:\\\/\\\/envol-vert.org\\\/es\\\/#organization\",\"name\":\"Envol Vert\",\"url\":\"https:\\\/\\\/envol-vert.org\\\/es\\\/\",\"logo\":{\"@type\":\"ImageObject\",\"inLanguage\":\"es-ES\",\"@id\":\"https:\\\/\\\/envol-vert.org\\\/es\\\/#\\\/schema\\\/logo\\\/image\\\/\",\"url\":\"https:\\\/\\\/envol-vert.org\\\/wp-content\\\/uploads\\\/2021\\\/03\\\/Logo-icone-site.png\",\"contentUrl\":\"https:\\\/\\\/envol-vert.org\\\/wp-content\\\/uploads\\\/2021\\\/03\\\/Logo-icone-site.png\",\"width\":512,\"height\":512,\"caption\":\"Envol Vert\"},\"image\":{\"@id\":\"https:\\\/\\\/envol-vert.org\\\/es\\\/#\\\/schema\\\/logo\\\/image\\\/\"},\"sameAs\":[\"https:\\\/\\\/www.facebook.com\\\/EnvolVertFrance\\\/\",\"https:\\\/\\\/x.com\\\/Envolvert\",\"https:\\\/\\\/www.instagram.com\\\/envol_vert_france\\\/\",\"https:\\\/\\\/www.linkedin.com\\\/company\\\/envolvert\\\/\",\"https:\\\/\\\/www.youtube.com\\\/c\\\/EnvolVert\"]},{\"@type\":\"Person\",\"@id\":\"https:\\\/\\\/envol-vert.org\\\/es\\\/#\\\/schema\\\/person\\\/181eda536d58beed4adcb14483d99827\",\"name\":\"Greg\",\"image\":{\"@type\":\"ImageObject\",\"inLanguage\":\"es-ES\",\"@id\":\"https:\\\/\\\/secure.gravatar.com\\\/avatar\\\/4a8434f8e08c1383187f9915834cad253a7e38112ece5dce47d482bcb43c1777?s=96&d=mm&r=g\",\"url\":\"https:\\\/\\\/secure.gravatar.com\\\/avatar\\\/4a8434f8e08c1383187f9915834cad253a7e38112ece5dce47d482bcb43c1777?s=96&d=mm&r=g\",\"contentUrl\":\"https:\\\/\\\/secure.gravatar.com\\\/avatar\\\/4a8434f8e08c1383187f9915834cad253a7e38112ece5dce47d482bcb43c1777?s=96&d=mm&r=g\",\"caption\":\"Greg\"},\"url\":\"https:\\\/\\\/envol-vert.org\\\/es\\\/author\\\/greg\\\/\"}]}<\/script>\n<!-- \/ Yoast SEO plugin. -->","yoast_head_json":{"title":"Seminario de inicio de a\u00f1o con voluntarios - Envol Vert","robots":{"index":"index","follow":"follow","max-snippet":"max-snippet:-1","max-image-preview":"max-image-preview:large","max-video-preview":"max-video-preview:-1"},"canonical":"https:\/\/envol-vert.org\/es\/actualidades\/2014\/11\/seminario-de-inicio-de-ano-con-voluntarios\/","og_locale":"es_ES","og_type":"article","og_title":"Seminario de inicio de a\u00f1o con voluntarios - Envol Vert","og_description":"El 6 de Septiembre del 2014, se llev\u00f3 a cabo un nuevo seminario de los voluntarios Envol Vert.","og_url":"https:\/\/envol-vert.org\/es\/actualidades\/2014\/11\/seminario-de-inicio-de-ano-con-voluntarios\/","og_site_name":"Envol Vert","article_publisher":"https:\/\/www.facebook.com\/EnvolVertFrance\/","article_published_time":"2014-11-26T02:47:25+00:00","article_modified_time":"2020-11-14T23:22:22+00:00","og_image":[{"width":395,"height":368,"url":"https:\/\/envol-vert.org\/wp-content\/uploads\/2011\/03\/papillon-petit2.jpg","type":"image\/jpeg"}],"author":"Greg","twitter_card":"summary_large_image","twitter_creator":"@Envolvert","twitter_site":"@Envolvert","twitter_misc":{"Escrito por":"Greg","Tiempo de lectura":"1 minute"},"schema":{"@context":"https:\/\/schema.org","@graph":[{"@type":"Article","@id":"https:\/\/envol-vert.org\/es\/actualidades\/2014\/11\/seminario-de-inicio-de-ano-con-voluntarios\/#article","isPartOf":{"@id":"https:\/\/envol-vert.org\/es\/actualidades\/2014\/11\/seminario-de-inicio-de-ano-con-voluntarios\/"},"author":{"name":"Greg","@id":"https:\/\/envol-vert.org\/es\/#\/schema\/person\/181eda536d58beed4adcb14483d99827"},"headline":"Seminario de inicio de a\u00f1o con voluntarios","datePublished":"2014-11-26T02:47:25+00:00","dateModified":"2020-11-14T23:22:22+00:00","mainEntityOfPage":{"@id":"https:\/\/envol-vert.org\/es\/actualidades\/2014\/11\/seminario-de-inicio-de-ano-con-voluntarios\/"},"wordCount":273,"publisher":{"@id":"https:\/\/envol-vert.org\/es\/#organization"},"image":{"@id":"https:\/\/envol-vert.org\/es\/actualidades\/2014\/11\/seminario-de-inicio-de-ano-con-voluntarios\/#primaryimage"},"thumbnailUrl":"https:\/\/envol-vert.org\/wp-content\/uploads\/2011\/03\/papillon-petit2.jpg","articleSection":["Actualidades"],"inLanguage":"es-ES"},{"@type":"WebPage","@id":"https:\/\/envol-vert.org\/es\/actualidades\/2014\/11\/seminario-de-inicio-de-ano-con-voluntarios\/","url":"https:\/\/envol-vert.org\/es\/actualidades\/2014\/11\/seminario-de-inicio-de-ano-con-voluntarios\/","name":"Seminario de inicio de a\u00f1o con voluntarios - Envol Vert","isPartOf":{"@id":"https:\/\/envol-vert.org\/es\/#website"},"primaryImageOfPage":{"@id":"https:\/\/envol-vert.org\/es\/actualidades\/2014\/11\/seminario-de-inicio-de-ano-con-voluntarios\/#primaryimage"},"image":{"@id":"https:\/\/envol-vert.org\/es\/actualidades\/2014\/11\/seminario-de-inicio-de-ano-con-voluntarios\/#primaryimage"},"thumbnailUrl":"https:\/\/envol-vert.org\/wp-content\/uploads\/2011\/03\/papillon-petit2.jpg","datePublished":"2014-11-26T02:47:25+00:00","dateModified":"2020-11-14T23:22:22+00:00","breadcrumb":{"@id":"https:\/\/envol-vert.org\/es\/actualidades\/2014\/11\/seminario-de-inicio-de-ano-con-voluntarios\/#breadcrumb"},"inLanguage":"es-ES","potentialAction":[{"@type":"ReadAction","target":["https:\/\/envol-vert.org\/es\/actualidades\/2014\/11\/seminario-de-inicio-de-ano-con-voluntarios\/"]}]},{"@type":"ImageObject","inLanguage":"es-ES","@id":"https:\/\/envol-vert.org\/es\/actualidades\/2014\/11\/seminario-de-inicio-de-ano-con-voluntarios\/#primaryimage","url":"https:\/\/envol-vert.org\/wp-content\/uploads\/2011\/03\/papillon-petit2.jpg","contentUrl":"https:\/\/envol-vert.org\/wp-content\/uploads\/2011\/03\/papillon-petit2.jpg","width":395,"height":368,"caption":"Papillon petit"},{"@type":"BreadcrumbList","@id":"https:\/\/envol-vert.org\/es\/actualidades\/2014\/11\/seminario-de-inicio-de-ano-con-voluntarios\/#breadcrumb","itemListElement":[{"@type":"ListItem","position":1,"name":"Accueil","item":"https:\/\/envol-vert.org\/es\/"},{"@type":"ListItem","position":2,"name":"Seminario de inicio de a\u00f1o con voluntarios"}]},{"@type":"WebSite","@id":"https:\/\/envol-vert.org\/es\/#website","url":"https:\/\/envol-vert.org\/es\/","name":"Envol Vert","description":"La for\u00eat nous rend service, rendons le lui.","publisher":{"@id":"https:\/\/envol-vert.org\/es\/#organization"},"potentialAction":[{"@type":"SearchAction","target":{"@type":"EntryPoint","urlTemplate":"https:\/\/envol-vert.org\/es\/?s={search_term_string}"},"query-input":{"@type":"PropertyValueSpecification","valueRequired":true,"valueName":"search_term_string"}}],"inLanguage":"es-ES"},{"@type":"Organization","@id":"https:\/\/envol-vert.org\/es\/#organization","name":"Envol Vert","url":"https:\/\/envol-vert.org\/es\/","logo":{"@type":"ImageObject","inLanguage":"es-ES","@id":"https:\/\/envol-vert.org\/es\/#\/schema\/logo\/image\/","url":"https:\/\/envol-vert.org\/wp-content\/uploads\/2021\/03\/Logo-icone-site.png","contentUrl":"https:\/\/envol-vert.org\/wp-content\/uploads\/2021\/03\/Logo-icone-site.png","width":512,"height":512,"caption":"Envol Vert"},"image":{"@id":"https:\/\/envol-vert.org\/es\/#\/schema\/logo\/image\/"},"sameAs":["https:\/\/www.facebook.com\/EnvolVertFrance\/","https:\/\/x.com\/Envolvert","https:\/\/www.instagram.com\/envol_vert_france\/","https:\/\/www.linkedin.com\/company\/envolvert\/","https:\/\/www.youtube.com\/c\/EnvolVert"]},{"@type":"Person","@id":"https:\/\/envol-vert.org\/es\/#\/schema\/person\/181eda536d58beed4adcb14483d99827","name":"Greg","image":{"@type":"ImageObject","inLanguage":"es-ES","@id":"https:\/\/secure.gravatar.com\/avatar\/4a8434f8e08c1383187f9915834cad253a7e38112ece5dce47d482bcb43c1777?s=96&d=mm&r=g","url":"https:\/\/secure.gravatar.com\/avatar\/4a8434f8e08c1383187f9915834cad253a7e38112ece5dce47d482bcb43c1777?s=96&d=mm&r=g","contentUrl":"https:\/\/secure.gravatar.com\/avatar\/4a8434f8e08c1383187f9915834cad253a7e38112ece5dce47d482bcb43c1777?s=96&d=mm&r=g","caption":"Greg"},"url":"https:\/\/envol-vert.org\/es\/author\/greg\/"}]}},"_links":{"self":[{"href":"https:\/\/envol-vert.org\/es\/wp-json\/wp\/v2\/posts\/8186","targetHints":{"allow":["GET"]}}],"collection":[{"href":"https:\/\/envol-vert.org\/es\/wp-json\/wp\/v2\/posts"}],"about":[{"href":"https:\/\/envol-vert.org\/es\/wp-json\/wp\/v2\/types\/post"}],"author":[{"embeddable":true,"href":"https:\/\/envol-vert.org\/es\/wp-json\/wp\/v2\/users\/1"}],"replies":[{"embeddable":true,"href":"https:\/\/envol-vert.org\/es\/wp-json\/wp\/v2\/comments?post=8186"}],"version-history":[{"count":0,"href":"https:\/\/envol-vert.org\/es\/wp-json\/wp\/v2\/posts\/8186\/revisions"}],"wp:featuredmedia":[{"embeddable":true,"href":"https:\/\/envol-vert.org\/es\/wp-json\/wp\/v2\/media\/410"}],"wp:attachment":[{"href":"https:\/\/envol-vert.org\/es\/wp-json\/wp\/v2\/media?parent=8186"}],"wp:term":[{"taxonomy":"category","embeddable":true,"href":"https:\/\/envol-vert.org\/es\/wp-json\/wp\/v2\/categories?post=8186"},{"taxonomy":"post_tag","embeddable":true,"href":"https:\/\/envol-vert.org\/es\/wp-json\/wp\/v2\/tags?post=8186"}],"curies":[{"name":"wp","href":"https:\/\/api.w.org\/{rel}","templated":true}]}}